{"id":15407,"date":"2017-01-30T11:03:32","date_gmt":"2017-01-30T14:03:32","guid":{"rendered":"http:\/\/www.adufpb.org.br\/site\/?p=15407"},"modified":"2017-01-30T11:03:32","modified_gmt":"2017-01-30T14:03:32","slug":"unidade-contra-ataques-aos-direitos-sociais-marca-resolucoes-de-politica-sindical","status":"publish","type":"post","link":"https:\/\/www.adufpb.org.br\/site\/unidade-contra-ataques-aos-direitos-sociais-marca-resolucoes-de-politica-sindical\/","title":{"rendered":"Unidade contra ataques aos direitos sociais marca resolu\u00e7\u00f5es de Pol\u00edtica Sindical"},"content":{"rendered":"<div id=\"conteudo\">\n<p><em>Dentre v\u00e1rias a\u00e7\u00f5es, os delegados indicaram o dia 15 de mar\u00e7o como dia nacional de greves, paralisa\u00e7\u00f5es e mobiliza\u00e7\u00f5es na perspectiva da constru\u00e7\u00e3o da greve geral<\/em><\/p>\n<p><a href=\"http:\/\/www.adufpb.org.br\/site\/wp-content\/uploads\/2017\/01\/2017.01.23-36-congresso-do-andes-26-e-27.jpg\"><img loading=\"lazy\" decoding=\"async\" class=\"alignleft size-medium wp-image-15408\" alt=\"2017.01.23 - 36 congresso do andes - 26 e 27\" src=\"http:\/\/www.adufpb.org.br\/site\/wp-content\/uploads\/2017\/01\/2017.01.23-36-congresso-do-andes-26-e-27-300x200.jpg\" width=\"300\" height=\"200\" srcset=\"https:\/\/www.adufpb.org.br\/site\/wp-content\/uploads\/2017\/01\/2017.01.23-36-congresso-do-andes-26-e-27-300x200.jpg 300w, https:\/\/www.adufpb.org.br\/site\/wp-content\/uploads\/2017\/01\/2017.01.23-36-congresso-do-andes-26-e-27.jpg 450w\" sizes=\"auto, (max-width: 300px) 100vw, 300px\" \/><\/a>Durante boa parte da quinta-feira (26) e na manh\u00e3 de sexta (27), os delegados e observadores do 36\u00ba Congresso do ANDES-SN debateram as resolu\u00e7\u00f5es referentes \u00e0 Pol\u00edtica de Forma\u00e7\u00e3o Sindical, &#8211; que fazem parte do tema II \u201cPol\u00edticas Sociais e Plano Geral de Lutas\u201d, e que servir\u00e3o para orientar as a\u00e7\u00f5es do Sindicato Nacional para o pr\u00f3ximo per\u00edodo, em especial no enfrentamento ao ataques aos direitos dos trabalhadores, intensificados pelo governo de Michel Temer, na perspectiva de continuar atuando na constru\u00e7\u00e3o da greve geral.<\/p>\n<p>O fortalecimento de ampla unidade da classe trabalhadora para lutar contra a s\u00e9rie de medidas \u2013 diversas j\u00e1 em tramita\u00e7\u00e3o no Congresso Nacional e algumas aprovadas no final de 2016 \u2013 e na perspectiva de constru\u00e7\u00e3o da greve geral para barrar os ataques pautou as diversas falas dos participantes do 36\u00ba Congresso, que demonstraram o entendimento de que a conjuntura demanda uma resposta mais incisiva e \u00e0 altura das amea\u00e7as postas aos direitos b\u00e1sicos dos trabalhadores.<\/p>\n<p>Nesse sentido, os delegados aprovaram uma s\u00e9rie de resolu\u00e7\u00f5es que incluem, por exemplo, intensificar a unidade na luta contra a Emenda Constitucional 95\/2016 (antiga PEC 55\/2016), que congela os investimentos p\u00fablicos por 20 anos, a Lei Complementar 156\/2016 (antigo PLP 257\/2016) e seus efeitos sobre estados e munic\u00edpios, que representam o desmonte dos servi\u00e7os p\u00fablicos, a contrarreforma da Previd\u00eancia e a contrarreforma Trabalhista em curso, e os projetos de lei relacionados a essas medidas, como PL 6787\/2016, PL 30\/2015 e seus cong\u00eaneres (PLS 87\/2010, PLS 300\/2015, PLS 339\/2016) e o PL 4302\/98.<\/p>\n<p>Tamb\u00e9m com o objetivo de ampliar a unidade, foi aprovado intensificar a luta pela constru\u00e7\u00e3o de um amplo polo classista e de resist\u00eancia, com centrais sindicais e sua base, movimentos populares e estudantis, para enfrentar o agravamento dos ataques aos direitos sociais, trabalhistas e previdenci\u00e1rios, com base na unidade na luta. Para concretizar tal a\u00e7\u00e3o, os delegados aprovaram a articula\u00e7\u00e3o de uma reuni\u00e3o nacional das entidades classistas, movimentos sociais e estudantis, ainda neste ano, conforme j\u00e1 havia sido deliberado no 60\u00ba Conad em 2016, na perspectiva de constru\u00e7\u00e3o do encontro nacional da classe trabalhadora.<\/p>\n<p>Ap\u00f3s um amplo e extenso debate sobre a constru\u00e7\u00e3o da greve geral e a participa\u00e7\u00e3o do ANDES-SN na paralisa\u00e7\u00e3o apontada pela Confedera\u00e7\u00e3o Nacional dos Trabalhadores em Educa\u00e7\u00e3o (CNTE) para o dia 15 de mar\u00e7o, os delegados consensuaram uma resolu\u00e7\u00e3o, aprovada por unanimidade, que prev\u00ea continuar atuando na constru\u00e7\u00e3o de uma greve geral contra a retirada de direitos da classe trabalhadora, intensificando, junto \u00e0 CSP-Conlutas, Espa\u00e7o de Unidade de A\u00e7\u00e3o, e F\u00f3runs em defesa dos Servi\u00e7os P\u00fablicos e movimento estudantil, a articula\u00e7\u00e3o das lutas com as demais centrais e organiza\u00e7\u00f5es sindicais e populares. Nesse item, foi inclu\u00eddo ainda fortalecer a\u00e7\u00f5es unit\u00e1rias com as organiza\u00e7\u00f5es constitu\u00eddas historicamente pela classe trabalhadora brasileira (centrais, confedera\u00e7\u00f5es, federa\u00e7\u00f5es e sindicatos) e no \u00e2mbito dos movimentos populares da cidade e do campo, tendo como eixo a luta contra a retirada de direitos e capaz de pautar conjuntamente uma agenda de lutas e de mobiliza\u00e7\u00f5es nacionais nos f\u00f3runs mais amplos de constru\u00e7\u00e3o da luta, em particular para a constru\u00e7\u00e3o da greve geral. Indicaram o dia 15 de mar\u00e7o como dia nacional de greves, paralisa\u00e7\u00f5es e mobiliza\u00e7\u00f5es na perspectiva da constru\u00e7\u00e3o da greve geral.<\/p>\n<p><a href=\"http:\/\/www.adufpb.org.br\/site\/wp-content\/uploads\/2017\/01\/2017.01.23-36-congresso-do-andes-26-e-27-2.jpg\"><img loading=\"lazy\" decoding=\"async\" class=\"alignright size-medium wp-image-15409\" alt=\"2017.01.23 - 36 congresso do andes - 26 e 27 - 2\" src=\"http:\/\/www.adufpb.org.br\/site\/wp-content\/uploads\/2017\/01\/2017.01.23-36-congresso-do-andes-26-e-27-2-300x200.jpg\" width=\"300\" height=\"200\" srcset=\"https:\/\/www.adufpb.org.br\/site\/wp-content\/uploads\/2017\/01\/2017.01.23-36-congresso-do-andes-26-e-27-2-300x200.jpg 300w, https:\/\/www.adufpb.org.br\/site\/wp-content\/uploads\/2017\/01\/2017.01.23-36-congresso-do-andes-26-e-27-2.jpg 450w\" sizes=\"auto, (max-width: 300px) 100vw, 300px\" \/><\/a>O debate sobre a caracteriza\u00e7\u00e3o do processo que resultou no impeachment de Dilma Rousseff foi retomado e, ap\u00f3s uma s\u00e9rie de interven\u00e7\u00f5es que revelaram diferentes avalia\u00e7\u00f5es sobre tal processo, os delegados aprovaram incluir nas resolu\u00e7\u00f5es \u201clutar contra a agenda autorit\u00e1ria e conservadora do governo ileg\u00edtimo de Michel Temer\u201d.<\/p>\n<p>Ainda nesse texto de resolu\u00e7\u00e3o, os delegados aprovaram tamb\u00e9m indica\u00e7\u00f5es referentes ao 3\u00ba Congresso da CSP-Conlutas, que acontece em outubro desse ano, e ainda intensificar os esfor\u00e7os, em conjunto com outros sindicatos e movimentos populares e estudantis, para a cria\u00e7\u00e3o das coordena\u00e7\u00f5es estaduais ou regionais da Central, nos locais onde ainda n\u00e3o h\u00e1.<\/p>\n<p>Para Amauri Fragoso de Medeiros, tesoureiro e encarregado de Rela\u00e7\u00f5es Sindicais do Sindicato Nacional, a discuss\u00e3o sobre Pol\u00edtica de Forma\u00e7\u00e3o Sindical foi muito proveitosa, pois apontava para v\u00e1rios eixos que precisavam ser aprofundados. O diretor do ANDES-SN ressaltou o fato de que, mesmo com a diversidade das falas, v\u00e1rias propostas foram constru\u00eddas em unidade e aprovadas por unanimidade.<\/p>\n<p>\u201cTivemos um debate muito rico, com elementos de constru\u00e7\u00e3o de propostas em plena unidade, com aprova\u00e7\u00f5es por unanimidade, como, por exemplo, o processo de constru\u00e7\u00e3o da greve geral. Ou seja, n\u00f3s constru\u00edmos uma resolu\u00e7\u00e3o que todos os setores que comp\u00f5em o nosso sindicato e que est\u00e3o participando do 36\u00ba Congresso acataram e aprovaram, dando um passo importante para o processo de unidade\u201d, avaliou.<\/p>\n<p>Para Amauri, a caracteriza\u00e7\u00e3o do governo \u00e9 importante, pois \u00e9 um debate que est\u00e1 na categoria. \u201cConseguimos, com nossas diferen\u00e7as, fazer esse debate de forma respeitosa e refor\u00e7ar a caracteriza\u00e7\u00e3o do governo Temer como um governo ileg\u00edtimo, e produto de uma manobra parlamentar, jur\u00eddica e midi\u00e1tica. Os ataques v\u00e3o aumentar e n\u00f3s temos, com a constru\u00e7\u00e3o desse conjunto de resolu\u00e7\u00f5es, um direcionamento importante para o enfrentamento\u201d, comentou.<\/p>\n<p>O diretor do Sindicato Nacional destacou ainda a delibera\u00e7\u00e3o dos delegados de que o ANDES-SN participar\u00e1 das atividades organizadas a partir agenda de mobiliza\u00e7\u00f5es propostas pelas centrais sindicais, e tamb\u00e9m em conjunto demais setores da sociedade que estejam nas ruas contra a retirada de direitos sociais e em defesa da classe trabalhadora, tanto em mar\u00e7o como as programadas j\u00e1 para fevereiro.<\/p>\n<p>\u201cJ\u00e1 temos atividades previstas para o pr\u00f3ximo m\u00eas, como a reuni\u00e3o ampliada dos Servidores P\u00fablicos Federais, chamada pelo Fonasefe [F\u00f3rum das Entidades Nacionais dos Servidores P\u00fablicos Federais], que acontecer\u00e1 no pr\u00f3ximo dia 9\u201d, disse. \u201cN\u00f3s estamos nos refor\u00e7ando e nos revigorando, a partir de processos de unidade que foram constru\u00eddos aqui para enfrentar os ataques\u201d, completou.<\/p>\n<p><strong>Ci\u00eancia e Tecnologia<br \/>\n<\/strong>Antecedendo dos debates sobre Pol\u00edtica de Forma\u00e7\u00e3o Sindical, os delegados votaram, na quinta-feira pela manh\u00e3, as resolu\u00e7\u00f5es sobre Ci\u00eancia e Tecnologia. Entre as a\u00e7\u00f5es deliberadas, foi aprovado continuar a luta pela amplia\u00e7\u00e3o de recursos or\u00e7ament\u00e1rios espec\u00edficos para Ci\u00eancia e Tecnologia, combatendo as iniciativas de desmonte do Estado e desresponsabiliza\u00e7\u00e3o do financiamento p\u00fablico, e lutar contra a retirada de verbas das \u00e1reas de educa\u00e7\u00e3o, ci\u00eancia, tecnologia e inova\u00e7\u00e3o, fruto dos vetos presidenciais e das altera\u00e7\u00f5es do Congresso Nacional na Lei de Diretrizes Or\u00e7ament\u00e1ria de 2017.<\/p>\n<p>Aprovaram ainda ampliar a luta pela revoga\u00e7\u00e3o e contra a regulamenta\u00e7\u00e3o da Lei 13243\/16 (do Marco de Ci\u00eancia e Tecnologia) e a ampliar a participa\u00e7\u00e3o do ANDES-SN no Movimento Pela Ci\u00eancia e Tecnologia P\u00fablicas (MCTP).<\/p>\n<p><em>Fonte:\u00a0ANDES-SN<\/em><\/p>\n<\/div>\n","protected":false},"excerpt":{"rendered":"<p>Dentre v\u00e1rias a\u00e7\u00f5es, os delegados indicaram o dia 15 de mar\u00e7o como dia nacional de greves, paralisa\u00e7\u00f5es e mobiliza\u00e7\u00f5es na perspectiva da constru\u00e7\u00e3o da greve geral Durante boa parte da quinta-feira (26) e na manh\u00e3 de sexta (27), os delegados e observadores do 36\u00ba Congresso do ANDES-SN debateram as resolu\u00e7\u00f5es referentes \u00e0 Pol\u00edtica de Forma\u00e7\u00e3o&hellip;<\/p>\n","protected":false},"author":3,"featured_media":0,"comment_status":"closed","ping_status":"closed","sticky":false,"template":"","format":"standard","meta":{"footnotes":""},"categories":[15],"tags":[892,269],"class_list":["post-15407","post","type-post","status-publish","format-standard","hentry","category-noticias","tag-36o-congresso-do-andes","tag-congresso-do-andes","category-15","description-off"],"_links":{"self":[{"href":"https:\/\/www.adufpb.org.br\/site\/wp-json\/wp\/v2\/posts\/15407","targetHints":{"allow":["GET"]}}],"collection":[{"href":"https:\/\/www.adufpb.org.br\/site\/wp-json\/wp\/v2\/posts"}],"about":[{"href":"https:\/\/www.adufpb.org.br\/site\/wp-json\/wp\/v2\/types\/post"}],"author":[{"embeddable":true,"href":"https:\/\/www.adufpb.org.br\/site\/wp-json\/wp\/v2\/users\/3"}],"replies":[{"embeddable":true,"href":"https:\/\/www.adufpb.org.br\/site\/wp-json\/wp\/v2\/comments?post=15407"}],"version-history":[{"count":1,"href":"https:\/\/www.adufpb.org.br\/site\/wp-json\/wp\/v2\/posts\/15407\/revisions"}],"predecessor-version":[{"id":15410,"href":"https:\/\/www.adufpb.org.br\/site\/wp-json\/wp\/v2\/posts\/15407\/revisions\/15410"}],"wp:attachment":[{"href":"https:\/\/www.adufpb.org.br\/site\/wp-json\/wp\/v2\/media?parent=15407"}],"wp:term":[{"taxonomy":"category","embeddable":true,"href":"https:\/\/www.adufpb.org.br\/site\/wp-json\/wp\/v2\/categories?post=15407"},{"taxonomy":"post_tag","embeddable":true,"href":"https:\/\/www.adufpb.org.br\/site\/wp-json\/wp\/v2\/tags?post=15407"}],"curies":[{"name":"wp","href":"https:\/\/api.w.org\/{rel}","templated":true}]}}