{"id":15357,"date":"2017-01-19T18:43:34","date_gmt":"2017-01-19T21:43:34","guid":{"rendered":"http:\/\/www.adufpb.org.br\/site\/?p=15357"},"modified":"2017-01-20T20:48:27","modified_gmt":"2017-01-20T23:48:27","slug":"15357","status":"publish","type":"post","link":"https:\/\/www.adufpb.org.br\/site\/15357\/","title":{"rendered":"NOTA DE PESAR"},"content":{"rendered":"<h1><a href=\"http:\/\/www.adufpb.org.br\/site\/wp-content\/uploads\/2017\/01\/maria-rita.jpeg\"><img loading=\"lazy\" decoding=\"async\" class=\"aligncenter size-medium wp-image-15369\" alt=\"maria rita\" src=\"http:\/\/www.adufpb.org.br\/site\/wp-content\/uploads\/2017\/01\/maria-rita-296x300.jpeg\" width=\"296\" height=\"300\" srcset=\"https:\/\/www.adufpb.org.br\/site\/wp-content\/uploads\/2017\/01\/maria-rita-296x300.jpeg 296w, https:\/\/www.adufpb.org.br\/site\/wp-content\/uploads\/2017\/01\/maria-rita-1011x1024.jpeg 1011w, https:\/\/www.adufpb.org.br\/site\/wp-content\/uploads\/2017\/01\/maria-rita.jpeg 1080w\" sizes=\"auto, (max-width: 296px) 100vw, 296px\" \/><\/a><\/h1>\n<h1><\/h1>\n<p><span style=\"font-size: medium;\">A <strong>ADUFPB<\/strong> vem a p\u00fablico manifestar o seu profundo pesar pelo falecimento, hoje, dia 19 de janeiro de 2017, da professora <strong>MARIA RITA DE OLIVEIRA<\/strong>, aposentada do Departamento de Sa\u00fade Coletiva, do Centro de Ci\u00eancias da Sa\u00fade, Universidade Federal da Para\u00edba e sindicalizada da ADUFPB.<\/span><\/p>\n<p><span style=\"font-size: medium;\">O corpo est\u00e1 sendo velando na Morada da Paz e o enterro ser\u00e1 amanh\u00e3, dia 20\/01\/17, \u00e0s 16h, no Cemit\u00e9rio Santa Rita.<\/span><\/p>\n<p><span style=\"font-size: medium;\">Aos membros da fam\u00edlia e amigos, nossos sentimentos.<\/span><\/p>\n<p><span style=\"font-size: medium;\">\u00a0<\/span><\/p>\n<p align=\"center\"><span style=\"font-size: medium;\">Jo\u00e3o Pessoa, 19 de janeiro de 2017.<\/span><\/p>\n<p align=\"center\"><span style=\"font-size: medium;\">Diretoria Executiva da ADUFPB<\/span><\/p>\n","protected":false},"excerpt":{"rendered":"<p>A ADUFPB vem a p\u00fablico manifestar o seu profundo pesar pelo falecimento, hoje, dia 19 de janeiro de 2017, da professora MARIA RITA DE OLIVEIRA, aposentada do Departamento de Sa\u00fade Coletiva, do Centro de Ci\u00eancias da Sa\u00fade, Universidade Federal da Para\u00edba e sindicalizada da ADUFPB. O corpo est\u00e1 sendo velando na Morada da Paz e&hellip;<\/p>\n","protected":false},"author":3,"featured_media":0,"comment_status":"closed","ping_status":"closed","sticky":false,"template":"","format":"standard","meta":{"footnotes":""},"categories":[15],"tags":[],"class_list":["post-15357","post","type-post","status-publish","format-standard","hentry","category-noticias","category-15","description-off"],"_links":{"self":[{"href":"https:\/\/www.adufpb.org.br\/site\/wp-json\/wp\/v2\/posts\/15357","targetHints":{"allow":["GET"]}}],"collection":[{"href":"https:\/\/www.adufpb.org.br\/site\/wp-json\/wp\/v2\/posts"}],"about":[{"href":"https:\/\/www.adufpb.org.br\/site\/wp-json\/wp\/v2\/types\/post"}],"author":[{"embeddable":true,"href":"https:\/\/www.adufpb.org.br\/site\/wp-json\/wp\/v2\/users\/3"}],"replies":[{"embeddable":true,"href":"https:\/\/www.adufpb.org.br\/site\/wp-json\/wp\/v2\/comments?post=15357"}],"version-history":[{"count":4,"href":"https:\/\/www.adufpb.org.br\/site\/wp-json\/wp\/v2\/posts\/15357\/revisions"}],"predecessor-version":[{"id":15359,"href":"https:\/\/www.adufpb.org.br\/site\/wp-json\/wp\/v2\/posts\/15357\/revisions\/15359"}],"wp:attachment":[{"href":"https:\/\/www.adufpb.org.br\/site\/wp-json\/wp\/v2\/media?parent=15357"}],"wp:term":[{"taxonomy":"category","embeddable":true,"href":"https:\/\/www.adufpb.org.br\/site\/wp-json\/wp\/v2\/categories?post=15357"},{"taxonomy":"post_tag","embeddable":true,"href":"https:\/\/www.adufpb.org.br\/site\/wp-json\/wp\/v2\/tags?post=15357"}],"curies":[{"name":"wp","href":"https:\/\/api.w.org\/{rel}","templated":true}]}}