{"id":15308,"date":"2017-01-03T12:17:37","date_gmt":"2017-01-03T15:17:37","guid":{"rendered":"http:\/\/www.adufpb.org.br\/site\/?p=15308"},"modified":"2017-01-10T12:02:49","modified_gmt":"2017-01-10T15:02:49","slug":"publicada-nova-edicao-do-jornal-adufinforma","status":"publish","type":"post","link":"https:\/\/www.adufpb.org.br\/site\/publicada-nova-edicao-do-jornal-adufinforma\/","title":{"rendered":"Publicada nova edi\u00e7\u00e3o do jornal ADUFInforma"},"content":{"rendered":"<p>Est\u00e1 dispon\u00edvel a \u00faltima edi\u00e7\u00e3o de 2016 do jornal ADUFInforma. A publica\u00e7\u00e3o faz um balan\u00e7o das lutas e atividades da se\u00e7\u00e3o sindical durante o ano que se passou e avalia os desafios que est\u00e3o por vir ao longo de 2017. Entre os temas tratados, destaque para a PEC 55, que congela os investimentos p\u00fablicos pelos pr\u00f3ximos 20 anos e as propostas de reforma previdenci\u00e1ria e trabalhista.<\/p>\n<p>A vers\u00e3o digital do ADUFInforma pode ser acessada clicando <a href=\"http:\/\/www.adufpb.org.br\/site\/aduf-informa-117\/\" target=\"_blank\">aqui<\/a>. J\u00e1 a vers\u00e3o impressa ser\u00e1 distribu\u00edda na sede da ADUFPB e nos diversos centros da universidade ao fim do recesso acad\u00eamico. Confira abaixo o editorial desta edi\u00e7\u00e3o.<\/p>\n<p>&#8212;&#8212;&#8212;&#8212;&#8212;&#8212;&#8212;&#8212;-<\/p>\n<p><span style=\"font-size: medium;\"><strong>2016: um ano sem tr\u00e9gua para a ADUFPB<\/strong><\/span><\/p>\n<div>\n<p>A Diretoria Executiva da ADUFPB, com o entendimento de que essa iniciativa faz parte do conjunto de suas obriga\u00e7\u00f5es pol\u00edticas para com a categoria docente da UFPB, dirige-se, neste momento, aos sindicalizados da entidade no sentido de apresentar sua primeira leitura dos principais fatos e feitos relativos \u00e0s nossas a\u00e7\u00f5es sindicais em 2016.<\/p>\n<p>O ano de 2016, j\u00e1 iniciado sob o signo do golpe do \u201cimpeachment\u201d, foi um ano que, com certeza, em que pesem nossos esfor\u00e7os e todas as atividades e mobiliza\u00e7\u00f5es desenvolvidas, n\u00e3o deixar\u00e1 saudades nos trabalhadores, de um modo geral, nem nos docentes da UFPB, em particular.<\/p>\n<p>Como poder\u00e1 ser visto nas an\u00e1lises que se seguem neste ADUFInforma Especial, dos ataques que foram sistematicamente desferidos por aqueles que, de alguma forma, integram-se ao golpe ocorrido contra os direitos dos trabalhadores neste ano, muitos j\u00e1 se encontram efetivados e v\u00e1rios outros que foram anunciados t\u00eam, da parte dos golpistas, previs\u00e3o de sua concretiza\u00e7\u00e3o para o mais breve poss\u00edvel.<\/p>\n<p>H\u00e1 muito tempo n\u00e3o t\u00ednhamos um quadro conjuntural que exigisse tanto de n\u00f3s como o de 2016 em termos de mobiliza\u00e7\u00e3o, debates sobre os diversos temas que ocuparam nossa pauta de lutas, aprofundamento de discuss\u00f5es sobre as nossas estrat\u00e9gias \u2013 visando \u00e0 defesa dos nossos direitos t\u00e3o duramente conquistados ao longo dos anos \u2013 e, sobretudo, a\u00e7\u00f5es que se traduzissem em demonstra\u00e7\u00f5es significativas \u2013 na busca de tornarem-se exitosas \u2013 da resist\u00eancia da classe contra as iniciativas regressivas. Como dire\u00e7\u00e3o pol\u00edtica da entidade, procuramos fazer frente \u00e0s demandas, muitas colocadas pela conjuntura, que n\u00e3o nos deu tr\u00e9gua em qualquer momento do ano.<\/p>\n<p>Consideramos t\u00ea-las atendido de forma n\u00e3o perfeita, mas bastante satisfat\u00f3ria. Como evid\u00eancias que justificam essa avalia\u00e7\u00e3o, mencionamos o esfor\u00e7o bastante sistem\u00e1tico da Diretoria Executiva do sindicato, associada aos integrantes do Conselho de Representantes da ADUFPB, quando poss\u00edvel, em intensificar o contato direto com os docentes em seus locais de trabalho, o conjunto de atividades que constitu\u00edram o ciclo \u201cRealidade Brasileira e Universidade\u201d e nossa participa\u00e7\u00e3o, sempre a partir de delibera\u00e7\u00f5es de Assembleia Geral da ADUFPB, nos v\u00e1rios atos\/manifesta\u00e7\u00f5es, em conjunto com outros segmentos de trabalhadores ou de car\u00e1ter espec\u00edfico docente. Isso n\u00e3o significa uma satisfa\u00e7\u00e3o plena com as iniciativas desenvolvidas e as a\u00e7\u00f5es realizadas. \u00c9 apenas o reconhecimento do que foi feito, percebendo a evid\u00eancia do muito que ainda h\u00e1 por fazer.<\/p>\n<p><strong>Enfrentamentos necess\u00e1rios com a Administra\u00e7\u00e3o Superior da UFPB<\/strong><\/p>\n<p>A respeito das rela\u00e7\u00f5es com a Administra\u00e7\u00e3o Superior da UFPB, tamb\u00e9m podemos dizer que 2016 foi atravessado por um conjunto substancioso de enfrentamentos, alguns deles herdados dos anos anteriores, como, por exemplo, a \u2013 ainda \u2013 n\u00e3o resolvida quest\u00e3o do confisco sobre os proventos dos que se aposentaram na vig\u00eancia do Art. 192 do RJU, e outros novos, dos quais o mais recente \u2013 e bastante emblem\u00e1tico \u2013 \u00e9 a quest\u00e3o do fracionamento das f\u00e9rias docentes em tr\u00eas per\u00edodos, \u00e0 revelia de manifesta\u00e7\u00e3o favor\u00e1vel da categoria, como um todo, e de cada docente, individualmente, e seus decorrentes desdobramentos sobre o calend\u00e1rio letivo, tratado em detalhes em nossos Boletins imediatamente anteriores a esta edi\u00e7\u00e3o do ADUFInforma. Neles, fica evidente o esfor\u00e7o feito por nossa entidade em encontrar uma solu\u00e7\u00e3o administrativa, interna \u00e0 UFPB, para a quest\u00e3o. Esfor\u00e7o esse lamentavelmente n\u00e3o correspondido pela atual gest\u00e3o de nossa universidade, n\u00e3o nos deixando alternativa a n\u00e3o ser o recurso \u00e0 Justi\u00e7a, conforme delibera\u00e7\u00e3o da Assembleia Geral da ADUFPB.<\/p>\n<p>A men\u00e7\u00e3o feita acima \u00e0 esfera do Poder Judici\u00e1rio traz, em si, a necessidade de alguma refer\u00eancia, mesmo que superficial \u2013 tendo em vista que o tratamento mais aprofundado dessa tem\u00e1tica foi desenvolvido (ainda que podendo ser aperfei\u00e7oado, a contento, a nosso ver) ao longo do ano, em diversos informes, atividades e eventos promovidos pela entidade \u2013, ao andamento de nossas a\u00e7\u00f5es em tramita\u00e7\u00e3o. Apesar de n\u00e3o termos alcan\u00e7ado neste ano qualquer \u00eaxito que possa ser visualizado como definitivo e da presen\u00e7a sempre amea\u00e7adora daquilo que podemos designar como \u201cfator surpresa\u201d, imponder\u00e1vel, o percurso de nossos pleitos judiciais pode ser considerado adequado, na dire\u00e7\u00e3o correta. Com a preocupa\u00e7\u00e3o de n\u00e3o serem criadas expectativas que n\u00e3o venham a ser confirmadas, pensamos ter dado a aten\u00e7\u00e3o adequada \u00e0 quest\u00e3o.<\/p>\n<p>Acreditamos, ainda, ser necess\u00e1rio, neste balan\u00e7o, fazer men\u00e7\u00e3o \u00e0 Greve Nacional dos docentes da Educa\u00e7\u00e3o P\u00fablica realizada pelo ANDES-SN, SINASEFE e FASUBRA, que, no caso do ANDES-SN, aconteceu de 24\/11 a 19\/12, tendo como pauta a Rejei\u00e7\u00e3o \u00e0 PEC do teto de gastos federais (241 na C\u00e2mara e 55 no Senado) e \u00e0 Medida Provis\u00f3ria 746 (Reforma do Ensino M\u00e9dio). Configurada como proposta t\u00e1tico-estrat\u00e9gica alternativa ao itiner\u00e1rio anterior para a constru\u00e7\u00e3o da Greve Geral, para n\u00f3s, por for\u00e7a de nossas condi\u00e7\u00f5es objetivas, principalmente relativas ao calend\u00e1rio escolar, aderir a ela mostrou-se impratic\u00e1vel, de acordo com o entendimento de nossa AG. Isso, no entanto, n\u00e3o impediu nossa participa\u00e7\u00e3o no Comando Nacional da referida Greve, como observadores, pela presen\u00e7a, em Bras\u00edlia de Eduardo Guimar\u00e3es, integrante da Diretoria da ADUFPB, atuando para que a greve pudesse se desenvolver da melhor forma poss\u00edvel. Certamente a greve, em termos de seu processo e resultados, ser\u00e1 objeto de avalia\u00e7\u00e3o em nosso 36\u00b0 Congresso do ANDES-SN.<\/p>\n<p>Tudo isso posto, consideramos que, para o povo brasileiro, o ano de 2016 \u201cn\u00e3o terminar\u00e1\u201d em 31 de dezembro! Os ataques aos direitos continuar\u00e3o em 2017 com a Reforma da Previd\u00eancia (PEC 287), com a regulamenta\u00e7\u00e3o da terceiriza\u00e7\u00e3o, com a crescente aliena\u00e7\u00e3o da riqueza nacional ao capital estrangeiro (entrega do Pr\u00e9-Sal e do Ni\u00f3bio), com a concretiza\u00e7\u00e3o do Estado de Exce\u00e7\u00e3o onde o direito \u00e0 livre manifesta\u00e7\u00e3o cada vez mais \u00e9 atacado com repress\u00e3o e criminaliza\u00e7\u00e3o. Portanto, a pouco mais de um m\u00eas para o 36\u00b0 Congresso do ANDES-SN, n\u00e3o \u00e9 poss\u00edvel prever o desfecho desses acontecimentos, mas \u00e9 poss\u00edvel construir no Congresso \u2013 e acionar a partir dele \u2013 um roteiro concreto que unifique o conjunto das iniciativas para derrotar o Governo Golpista num processo de defender os direitos e conquistas hist\u00f3ricas da classe trabalhadora Rumo a Greve Geral e Elei\u00e7\u00f5es Diretas J\u00e1!<\/p>\n<p>Para n\u00f3s, desde j\u00e1, cabe o compromisso de comparecimento \u00e0 nossa pr\u00f3xima ASSEMBLEIA GERAL, a ser realizada em 19\/01\/2017, onde iremos definir a bancada de representantes da ADUFPB nesse importante evento que ser\u00e1 o 36\u00b0 Congresso do ANDES-SN<\/p>\n<p style=\"text-align: center;\"><strong>Jo\u00e3o Pessoa, 20 de dezembro de 2016<\/strong><\/p>\n<p style=\"text-align: center;\"><strong>Diretoria Executiva da ADUFPB<\/strong><\/p>\n<\/div>\n","protected":false},"excerpt":{"rendered":"<p>Est\u00e1 dispon\u00edvel a \u00faltima edi\u00e7\u00e3o de 2016 do jornal ADUFInforma. A publica\u00e7\u00e3o faz um balan\u00e7o das lutas e atividades da se\u00e7\u00e3o sindical durante o ano que se passou e avalia os desafios que est\u00e3o por vir ao longo de 2017. Entre os temas tratados, destaque para a PEC 55, que congela os investimentos p\u00fablicos pelos&hellip;<\/p>\n","protected":false},"author":3,"featured_media":15298,"comment_status":"closed","ping_status":"closed","sticky":false,"template":"","format":"standard","meta":{"footnotes":""},"categories":[15,417],"tags":[221],"class_list":["post-15308","post","type-post","status-publish","format-standard","has-post-thumbnail","hentry","category-noticias","category-noticias-destaque","tag-adufinforma","category-15","category-417","description-off"],"_links":{"self":[{"href":"https:\/\/www.adufpb.org.br\/site\/wp-json\/wp\/v2\/posts\/15308","targetHints":{"allow":["GET"]}}],"collection":[{"href":"https:\/\/www.adufpb.org.br\/site\/wp-json\/wp\/v2\/posts"}],"about":[{"href":"https:\/\/www.adufpb.org.br\/site\/wp-json\/wp\/v2\/types\/post"}],"author":[{"embeddable":true,"href":"https:\/\/www.adufpb.org.br\/site\/wp-json\/wp\/v2\/users\/3"}],"replies":[{"embeddable":true,"href":"https:\/\/www.adufpb.org.br\/site\/wp-json\/wp\/v2\/comments?post=15308"}],"version-history":[{"count":3,"href":"https:\/\/www.adufpb.org.br\/site\/wp-json\/wp\/v2\/posts\/15308\/revisions"}],"predecessor-version":[{"id":15311,"href":"https:\/\/www.adufpb.org.br\/site\/wp-json\/wp\/v2\/posts\/15308\/revisions\/15311"}],"wp:featuredmedia":[{"embeddable":true,"href":"https:\/\/www.adufpb.org.br\/site\/wp-json\/wp\/v2\/media\/15298"}],"wp:attachment":[{"href":"https:\/\/www.adufpb.org.br\/site\/wp-json\/wp\/v2\/media?parent=15308"}],"wp:term":[{"taxonomy":"category","embeddable":true,"href":"https:\/\/www.adufpb.org.br\/site\/wp-json\/wp\/v2\/categories?post=15308"},{"taxonomy":"post_tag","embeddable":true,"href":"https:\/\/www.adufpb.org.br\/site\/wp-json\/wp\/v2\/tags?post=15308"}],"curies":[{"name":"wp","href":"https:\/\/api.w.org\/{rel}","templated":true}]}}