{"id":15213,"date":"2016-11-23T14:53:40","date_gmt":"2016-11-23T17:53:40","guid":{"rendered":"http:\/\/www.adufpb.org.br\/site\/?p=15213"},"modified":"2016-11-30T09:39:43","modified_gmt":"2016-11-30T12:39:43","slug":"festa-de-confraternizacao-da-adufpb-acontece-dia-1o-de-dezembro","status":"publish","type":"post","link":"https:\/\/www.adufpb.org.br\/site\/festa-de-confraternizacao-da-adufpb-acontece-dia-1o-de-dezembro\/","title":{"rendered":"Hoje \u00e9 o \u00faltimo dia para confirmar presen\u00e7a na festa de confraterniza\u00e7\u00e3o da ADUFPB"},"content":{"rendered":"<p>Est\u00e1 tudo pronto para a festa de confraterniza\u00e7\u00e3o da ADUFPB, que acontecer\u00e1 na pr\u00f3xima quinta-feira, 1\u00ba de dezembro. O evento, j\u00e1 bastante tradicional e aguardado no calend\u00e1rio de atividades sociais do sindicato, ser\u00e1 realizado a partir das 21 horas no Pa\u00e7o dos Le\u00f5es, uma das maiores casas de recep\u00e7\u00f5es de Jo\u00e3o Pessoa, localizada na avenida Jo\u00e3o Cirilo Silva, bairro do Altiplano.<\/p>\n<p>A anima\u00e7\u00e3o da festa ficar\u00e1 por conta das bandas \u201cVoo Livre\u201d e \u201cJunior Limeira e Banda\u201d, que tocar\u00e3o sucessos que marcam os tradicionais bailes de fim de ano. Na festa ser\u00e3o servidos diversos tipos de salgados e haver\u00e1 uma mesa de frios dispon\u00edvel aos convidados. Ser\u00e1 servido tamb\u00e9m um buffet com \u201cprato quente\u201d para os presentes, al\u00e9m de bebidas como refrigerante, \u00e1gua mineral, cerveja, vinho, u\u00edsque e espumante.<\/p>\n<p>Para participar da festa de confraterniza\u00e7\u00e3o da ADUFPB, o professor sindicalizado deve confirmar presen\u00e7a de 24 a 30 de novembro, na recep\u00e7\u00e3o do sindicato (sede do Centro de Viv\u00eancia), at\u00e9 18h do dia 30\/11.<\/p>\n<p>Cada docente tem direito a levar um(a) acompanhante. Ao chegar \u00e0 casa de recep\u00e7\u00f5es Pa\u00e7o dos Le\u00f5es, o associado dever\u00e1 informar o nome, que estar\u00e1 dispon\u00edvel na lista de convidados na entrada da festa.<\/p>\n<p><em>Fonte: Ascom ADUFPB<\/em><\/p>\n","protected":false},"excerpt":{"rendered":"<p>Est\u00e1 tudo pronto para a festa de confraterniza\u00e7\u00e3o da ADUFPB, que acontecer\u00e1 na pr\u00f3xima quinta-feira, 1\u00ba de dezembro. O evento, j\u00e1 bastante tradicional e aguardado no calend\u00e1rio de atividades sociais do sindicato, ser\u00e1 realizado a partir das 21 horas no Pa\u00e7o dos Le\u00f5es, uma das maiores casas de recep\u00e7\u00f5es de Jo\u00e3o Pessoa, localizada na avenida&hellip;<\/p>\n","protected":false},"author":3,"featured_media":15214,"comment_status":"closed","ping_status":"closed","sticky":false,"template":"","format":"standard","meta":{"footnotes":""},"categories":[15,417],"tags":[98,496,407,94],"class_list":["post-15213","post","type-post","status-publish","format-standard","has-post-thumbnail","hentry","category-noticias","category-noticias-destaque","tag-confraternizacao","tag-festa","tag-fim-de-ano","tag-natal","category-15","category-417","description-off"],"_links":{"self":[{"href":"https:\/\/www.adufpb.org.br\/site\/wp-json\/wp\/v2\/posts\/15213","targetHints":{"allow":["GET"]}}],"collection":[{"href":"https:\/\/www.adufpb.org.br\/site\/wp-json\/wp\/v2\/posts"}],"about":[{"href":"https:\/\/www.adufpb.org.br\/site\/wp-json\/wp\/v2\/types\/post"}],"author":[{"embeddable":true,"href":"https:\/\/www.adufpb.org.br\/site\/wp-json\/wp\/v2\/users\/3"}],"replies":[{"embeddable":true,"href":"https:\/\/www.adufpb.org.br\/site\/wp-json\/wp\/v2\/comments?post=15213"}],"version-history":[{"count":2,"href":"https:\/\/www.adufpb.org.br\/site\/wp-json\/wp\/v2\/posts\/15213\/revisions"}],"predecessor-version":[{"id":15240,"href":"https:\/\/www.adufpb.org.br\/site\/wp-json\/wp\/v2\/posts\/15213\/revisions\/15240"}],"wp:featuredmedia":[{"embeddable":true,"href":"https:\/\/www.adufpb.org.br\/site\/wp-json\/wp\/v2\/media\/15214"}],"wp:attachment":[{"href":"https:\/\/www.adufpb.org.br\/site\/wp-json\/wp\/v2\/media?parent=15213"}],"wp:term":[{"taxonomy":"category","embeddable":true,"href":"https:\/\/www.adufpb.org.br\/site\/wp-json\/wp\/v2\/categories?post=15213"},{"taxonomy":"post_tag","embeddable":true,"href":"https:\/\/www.adufpb.org.br\/site\/wp-json\/wp\/v2\/tags?post=15213"}],"curies":[{"name":"wp","href":"https:\/\/api.w.org\/{rel}","templated":true}]}}