{"id":15155,"date":"2016-11-14T13:02:47","date_gmt":"2016-11-14T16:02:47","guid":{"rendered":"http:\/\/www.adufpb.org.br\/site\/?p=15155"},"modified":"2016-11-14T13:02:47","modified_gmt":"2016-11-14T16:02:47","slug":"livro-antologia-cordel-e-meio-ambiente-sera-lancado-no-proximo-sabado-19","status":"publish","type":"post","link":"https:\/\/www.adufpb.org.br\/site\/livro-antologia-cordel-e-meio-ambiente-sera-lancado-no-proximo-sabado-19\/","title":{"rendered":"Livro &#8220;Antologia Cordel e Meio Ambiente&#8221; ser\u00e1 lan\u00e7ado no pr\u00f3ximo s\u00e1bado (19)"},"content":{"rendered":"<p dir=\"ltr\"><a href=\"http:\/\/www.adufpb.org.br\/site\/wp-content\/uploads\/2016\/11\/capa-livro-zelia-bora.jpeg\"><img loading=\"lazy\" decoding=\"async\" class=\"alignright  wp-image-15156\" alt=\"capa-livro-zelia-bora\" src=\"http:\/\/www.adufpb.org.br\/site\/wp-content\/uploads\/2016\/11\/capa-livro-zelia-bora-576x1024.jpeg\" width=\"146\" height=\"258\" \/><\/a>Responsabilidade ambiental e literatura de cordel s\u00e3o os temas do livro da Cole\u00e7\u00e3o P\u00f3s Letras &#8211; criada pelo Programa de P\u00f3s-Gradua\u00e7\u00e3o em Letras da UFPB &#8211; que ser\u00e1 lan\u00e7ado no pr\u00f3ximo s\u00e1bado (19\/11). O evento acontecer\u00e1 no Sebo Cultural, localizado na avenida dos Tabajaras, 848, Centro de Jo\u00e3o Pessoa, a partir das 10h.<\/p>\n<p dir=\"ltr\">\u201cAntologia Cordel e Meio Ambiente\u201d \u00e9 o t\u00edtulo da obra, de autoria dos professores Z\u00e9lia Monteiro Bora, Anna Christina Farias de Carvalho e Adaylson Wagner Sousa de Vasconcelos.<\/p>\n<p dir=\"ltr\">Lan\u00e7ado pela Editora do CCTA, o livro re\u00fane uma s\u00e9rie de obras do g\u00eanero literatura de cordel que evocam a quest\u00e3o ambiental. Ele tra\u00e7a uma genealogia da aten\u00e7\u00e3o que os poetas conferem aos problemas ambientais, aos danos \u00e0 natureza e da percep\u00e7\u00e3o da dimens\u00e3o pol\u00edtica da quest\u00e3o ambiental.<\/p>\n<div dir=\"ltr\"><em>Fonte: Ascom ADUFPB<\/em><\/div>\n","protected":false},"excerpt":{"rendered":"<p>Responsabilidade ambiental e literatura de cordel s\u00e3o os temas do livro da Cole\u00e7\u00e3o P\u00f3s Letras &#8211; criada pelo Programa de P\u00f3s-Gradua\u00e7\u00e3o em Letras da UFPB &#8211; que ser\u00e1 lan\u00e7ado no pr\u00f3ximo s\u00e1bado (19\/11). O evento acontecer\u00e1 no Sebo Cultural, localizado na avenida dos Tabajaras, 848, Centro de Jo\u00e3o Pessoa, a partir das 10h. \u201cAntologia Cordel&hellip;<\/p>\n","protected":false},"author":3,"featured_media":0,"comment_status":"closed","ping_status":"closed","sticky":false,"template":"","format":"standard","meta":{"footnotes":""},"categories":[15],"tags":[],"class_list":["post-15155","post","type-post","status-publish","format-standard","hentry","category-noticias","category-15","description-off"],"_links":{"self":[{"href":"https:\/\/www.adufpb.org.br\/site\/wp-json\/wp\/v2\/posts\/15155","targetHints":{"allow":["GET"]}}],"collection":[{"href":"https:\/\/www.adufpb.org.br\/site\/wp-json\/wp\/v2\/posts"}],"about":[{"href":"https:\/\/www.adufpb.org.br\/site\/wp-json\/wp\/v2\/types\/post"}],"author":[{"embeddable":true,"href":"https:\/\/www.adufpb.org.br\/site\/wp-json\/wp\/v2\/users\/3"}],"replies":[{"embeddable":true,"href":"https:\/\/www.adufpb.org.br\/site\/wp-json\/wp\/v2\/comments?post=15155"}],"version-history":[{"count":1,"href":"https:\/\/www.adufpb.org.br\/site\/wp-json\/wp\/v2\/posts\/15155\/revisions"}],"predecessor-version":[{"id":15157,"href":"https:\/\/www.adufpb.org.br\/site\/wp-json\/wp\/v2\/posts\/15155\/revisions\/15157"}],"wp:attachment":[{"href":"https:\/\/www.adufpb.org.br\/site\/wp-json\/wp\/v2\/media?parent=15155"}],"wp:term":[{"taxonomy":"category","embeddable":true,"href":"https:\/\/www.adufpb.org.br\/site\/wp-json\/wp\/v2\/categories?post=15155"},{"taxonomy":"post_tag","embeddable":true,"href":"https:\/\/www.adufpb.org.br\/site\/wp-json\/wp\/v2\/tags?post=15155"}],"curies":[{"name":"wp","href":"https:\/\/api.w.org\/{rel}","templated":true}]}}