{"id":15111,"date":"2016-11-04T17:01:56","date_gmt":"2016-11-04T20:01:56","guid":{"rendered":"http:\/\/www.adufpb.org.br\/site\/?p=15111"},"modified":"2016-11-10T09:21:58","modified_gmt":"2016-11-10T12:21:58","slug":"adufpb-promove-palestras-sobre-a-pec-do-teto-e-a-divida-publica-nos-campi-de-bananeiras-e-rio-tinto","status":"publish","type":"post","link":"https:\/\/www.adufpb.org.br\/site\/adufpb-promove-palestras-sobre-a-pec-do-teto-e-a-divida-publica-nos-campi-de-bananeiras-e-rio-tinto\/","title":{"rendered":"ADUFPB promove palestras sobre a PEC do Teto e a D\u00edvida P\u00fablica nos campi de Bananeiras e Rio Tinto"},"content":{"rendered":"<p>A quinta palestra do projeto \u201cRealidade Brasileira e Universidade\u201d, idealizado pela ADUFPB, tamb\u00e9m ser\u00e1 apresentada nos campi de Bananeiras e Litoral Norte. A palestra far\u00e1 um contraponto entre a PEC 241, que limita os investimentos p\u00fablicos pelos pr\u00f3ximos 20 anos, e a d\u00edvida p\u00fablica brasileira.<\/p>\n<p>O evento, que j\u00e1 foi realizado em parceria com o Sindicato dos Trabalhadores em Ensino Superior do Estado da Para\u00edba (Sintespb), na \u00faltima quinta-feira (3\/11), no campus I da UFPB, em Jo\u00e3o Pessoa, agora chega ao interior como proposta de contribuir com a expans\u00e3o das atividades pol\u00edticas do sindicato nos campi onde a ADUFPB tem subsecretarias.<\/p>\n<p>Com o tema \u201cA PEC do teto e a d\u00edvida p\u00fablica\u201d, a palestra ser\u00e1 ministrada pela representante da Auditoria Cidad\u00e3 da D\u00edvida, a arquivista Gleice Rodrigues (Universidade Federal do Mato Grosso do Sul e Unirio).<\/p>\n<p>Em Bananeiras, a palestra ser\u00e1 realizada no dia 08\/11, \u00e0s 14 horas, no Audit\u00f3rio do CAVN. J\u00e1 no Litoral Norte, o evento acontecer\u00e1 no mesmo dia (08\/11), \u00e0s 19h30, no Audit\u00f3rio Elefante Branco do Campus Rio Tinto.<\/p>\n<p>Nesta quinta edi\u00e7\u00e3o, o projeto \u201cRealidade Brasileira e Universidade\u201d integra a agenda de mobiliza\u00e7\u00e3o dos professores contra os recentes ataques \u00e0 educa\u00e7\u00e3o p\u00fablica e aos direitos dos trabalhadores.<\/p>\n<p><span style=\"text-decoration: underline;\"><b>AGENDE-SE:<\/b><\/span><br \/>\n<b>Projeto Realidade Brasileira e Universidade<\/b><br \/>\n<strong>Tema da palestra:\u00a0<\/strong><i>\u201cA PEC do teto e a d\u00edvida p\u00fablica\u201d<\/i><br \/>\n<strong>Palestrante:<\/strong> Gleice Rodrigues (Universidade Federal do Mato Grosso do Sul e Unirio).<br \/>\n<strong>Dia:<\/strong> 08 de Novembro de 2016<br \/>\n<strong>Locais\/hora:<\/strong><br \/>\nAudit\u00f3rio do CAVN, Campus Bananeiras, \u00e0s 14h<br \/>\nAudit\u00f3rio Elefante Branco, Campus Rio Tinto (Litoral Norte), \u00e0s 19h30<br \/>\nAberto para toda a comunidade universit\u00e1ria<\/p>\n<p><em>Fonte: Ascom ADUFPB<\/em><\/p>\n<div><\/div>\n","protected":false},"excerpt":{"rendered":"<p>A quinta palestra do projeto \u201cRealidade Brasileira e Universidade\u201d, idealizado pela ADUFPB, tamb\u00e9m ser\u00e1 apresentada nos campi de Bananeiras e Litoral Norte. A palestra far\u00e1 um contraponto entre a PEC 241, que limita os investimentos p\u00fablicos pelos pr\u00f3ximos 20 anos, e a d\u00edvida p\u00fablica brasileira. O evento, que j\u00e1 foi realizado em parceria com o&hellip;<\/p>\n","protected":false},"author":3,"featured_media":0,"comment_status":"closed","ping_status":"closed","sticky":false,"template":"","format":"standard","meta":{"footnotes":""},"categories":[15,417],"tags":[173,306,97,794,902],"class_list":["post-15111","post","type-post","status-publish","format-standard","hentry","category-noticias","category-noticias-destaque","tag-bananeiras","tag-divida-publica","tag-litoral-norte","tag-pec-241","tag-realidade-brasileira-e-universidade","category-15","category-417","description-off"],"_links":{"self":[{"href":"https:\/\/www.adufpb.org.br\/site\/wp-json\/wp\/v2\/posts\/15111","targetHints":{"allow":["GET"]}}],"collection":[{"href":"https:\/\/www.adufpb.org.br\/site\/wp-json\/wp\/v2\/posts"}],"about":[{"href":"https:\/\/www.adufpb.org.br\/site\/wp-json\/wp\/v2\/types\/post"}],"author":[{"embeddable":true,"href":"https:\/\/www.adufpb.org.br\/site\/wp-json\/wp\/v2\/users\/3"}],"replies":[{"embeddable":true,"href":"https:\/\/www.adufpb.org.br\/site\/wp-json\/wp\/v2\/comments?post=15111"}],"version-history":[{"count":1,"href":"https:\/\/www.adufpb.org.br\/site\/wp-json\/wp\/v2\/posts\/15111\/revisions"}],"predecessor-version":[{"id":15112,"href":"https:\/\/www.adufpb.org.br\/site\/wp-json\/wp\/v2\/posts\/15111\/revisions\/15112"}],"wp:attachment":[{"href":"https:\/\/www.adufpb.org.br\/site\/wp-json\/wp\/v2\/media?parent=15111"}],"wp:term":[{"taxonomy":"category","embeddable":true,"href":"https:\/\/www.adufpb.org.br\/site\/wp-json\/wp\/v2\/categories?post=15111"},{"taxonomy":"post_tag","embeddable":true,"href":"https:\/\/www.adufpb.org.br\/site\/wp-json\/wp\/v2\/tags?post=15111"}],"curies":[{"name":"wp","href":"https:\/\/api.w.org\/{rel}","templated":true}]}}