{"id":1505,"date":"2011-02-23T17:05:04","date_gmt":"2011-02-23T21:05:04","guid":{"rendered":"http:\/\/www.adufpb.org.br\/site\/exposicao-conta-historia-das-secoes-sindicais-do-andes-sn\/"},"modified":"2011-02-23T17:05:04","modified_gmt":"2011-02-23T21:05:04","slug":"exposicao-conta-historia-das-secoes-sindicais-do-andes-sn","status":"publish","type":"post","link":"https:\/\/www.adufpb.org.br\/site\/exposicao-conta-historia-das-secoes-sindicais-do-andes-sn\/","title":{"rendered":"Exposi\u00e7\u00e3o conta hist\u00f3ria das Se\u00e7\u00f5es Sindicais do ANDES-SN"},"content":{"rendered":"<p>Por Rubens de Castro (Adufu)<\/p>\n<p><img loading=\"lazy\" decoding=\"async\" class=\"alignleft\" src=\"http:\/\/portal.andes.org.br\/imprensa\/noticias\/imp-ult-19944588.JPG\" alt=\"\" width=\"284\" height=\"212\" \/>O 30\u00ba Congresso do ANDES-SN, realizado em Uberl\u00e2ndia entre os dias 14 e 20 de fevereiro, al\u00e9m de delibera\u00e7\u00f5es, tamb\u00e9m foi marcado pelas comemora\u00e7\u00f5es dos 30 anos do Sindicato Nacional.\u00a0 Entre as v\u00e1rias atividades comemorativas, uma chamava a aten\u00e7\u00e3o: a exposi\u00e7\u00e3o com cerca de 20 pain\u00e9is se destacava entre as pessoas que passavam pelo sagu\u00e3o de acesso ao Anfiteatro do Bloco 3Q, do Campus Santa M\u00f4nica da UFU, local destinado \u00e0 realiza\u00e7\u00e3o das Plen\u00e1rias deliberativas do Congresso.<\/p>\n<p>Em cada painel enviado pelas Se\u00e7\u00f5es Sindicais de v\u00e1rias partes do Brasil, era poss\u00edvel conhecer um pouco da trajet\u00f3ria de luta de cada uma e, por assim dizer, do ANDES-SN. Ideia da comiss\u00e3o respons\u00e1vel pela organiza\u00e7\u00e3o do evento, o material exposto destacava momentos importantes de cada entidade. \u201cDesde o in\u00edcio, quando come\u00e7amos a discutir a organiza\u00e7\u00e3o do Congresso, o formato, as atividades que comporiam o evento, n\u00f3s pensamos em ter alguma coisa diferente do tradicional. Precis\u00e1vamos enfatizar as comemora\u00e7\u00f5es dos 30 anos do ANDES-SN, que \u00e9 um orgulho para n\u00f3s, mas tamb\u00e9m resgatar a hist\u00f3ria das Se\u00e7\u00f5es Sindicais\u201d, lembrou a professora Solange Bretas, integrante da Comiss\u00e3o Local de Organiza\u00e7\u00e3o do 30\u00ba Congresso do ANDES-SN.<\/p>\n<p>As Se\u00e7\u00f5es Sindicais surgiram, na sua grande maioria, como associa\u00e7\u00f5es, muito antes da cria\u00e7\u00e3o da ANDES. \u201cA ideia foi justamente contar que a hist\u00f3ria do ANDES-SN se confunde com a hist\u00f3ria das Se\u00e7\u00f5es Sindicais, que s\u00e3o as entidades de base que comp\u00f5em o sindicato nacional\u201d, disse a professora.<\/p>\n<p>Os p\u00f4steres contam um pouco dos 30 anos do ANDES-SN, sua luta e parte da hist\u00f3ria das Se\u00e7\u00f5es Sindicais. \u201cO ANDES-SN \u00e9 o conjunto das Se\u00e7\u00f5es Sindicais. N\u00e3o \u00e9 s\u00f3 uma dire\u00e7\u00e3o nacional, n\u00e3o \u00e9 uma entidade independente das Se\u00e7\u00f5es Sindicais. \u00c9 o conjunto das Se\u00e7\u00f5es Sindicais. A hist\u00f3ria das Se\u00e7\u00f5es Sindicais \u00e9 tamb\u00e9m a hist\u00f3ria do ANDES-SN, e a gente tem muito o que comemorar nesses 30 anos\u201d, disse.<\/p>\n<p>A professora conta que o material exposto durante o evento atingiu a expectativa da comiss\u00e3o organizadora.\u00a0 \u201cEsper\u00e1vamos uma resposta das Se\u00e7\u00f5es Sindicais e achamos que foi boa, pelo n\u00famero de pain\u00e9is apresentados num curto espa\u00e7o de tempo que elas tiveram para preparar o material. Mostra parte da trajet\u00f3ria de cada Se\u00e7\u00e3o Sindical e o foco de luta que cada uma aborda na sua localidade\u201d completou Solange.<\/p>\n","protected":false},"excerpt":{"rendered":"<p>Por Rubens de Castro (Adufu) O 30\u00ba Congresso do ANDES-SN, realizado em Uberl\u00e2ndia entre os dias 14 e 20 de fevereiro, al\u00e9m de delibera\u00e7\u00f5es, tamb\u00e9m foi marcado pelas comemora\u00e7\u00f5es dos 30 anos do Sindicato Nacional.\u00a0 Entre as v\u00e1rias atividades comemorativas, uma chamava a aten\u00e7\u00e3o: a exposi\u00e7\u00e3o com cerca de 20 pain\u00e9is se destacava entre as&hellip;<\/p>\n","protected":false},"author":1,"featured_media":0,"comment_status":"open","ping_status":"open","sticky":false,"template":"","format":"standard","meta":{"footnotes":""},"categories":[15],"tags":[],"class_list":["post-1505","post","type-post","status-publish","format-standard","hentry","category-noticias","category-15","description-off"],"_links":{"self":[{"href":"https:\/\/www.adufpb.org.br\/site\/wp-json\/wp\/v2\/posts\/1505","targetHints":{"allow":["GET"]}}],"collection":[{"href":"https:\/\/www.adufpb.org.br\/site\/wp-json\/wp\/v2\/posts"}],"about":[{"href":"https:\/\/www.adufpb.org.br\/site\/wp-json\/wp\/v2\/types\/post"}],"author":[{"embeddable":true,"href":"https:\/\/www.adufpb.org.br\/site\/wp-json\/wp\/v2\/users\/1"}],"replies":[{"embeddable":true,"href":"https:\/\/www.adufpb.org.br\/site\/wp-json\/wp\/v2\/comments?post=1505"}],"version-history":[{"count":0,"href":"https:\/\/www.adufpb.org.br\/site\/wp-json\/wp\/v2\/posts\/1505\/revisions"}],"wp:attachment":[{"href":"https:\/\/www.adufpb.org.br\/site\/wp-json\/wp\/v2\/media?parent=1505"}],"wp:term":[{"taxonomy":"category","embeddable":true,"href":"https:\/\/www.adufpb.org.br\/site\/wp-json\/wp\/v2\/categories?post=1505"},{"taxonomy":"post_tag","embeddable":true,"href":"https:\/\/www.adufpb.org.br\/site\/wp-json\/wp\/v2\/tags?post=1505"}],"curies":[{"name":"wp","href":"https:\/\/api.w.org\/{rel}","templated":true}]}}