{"id":15049,"date":"2016-10-28T11:44:44","date_gmt":"2016-10-28T14:44:44","guid":{"rendered":"http:\/\/www.adufpb.org.br\/site\/?p=15049"},"modified":"2016-11-03T11:59:27","modified_gmt":"2016-11-03T14:59:27","slug":"adufpb-e-sintespb-realizam-palestra-a-pec-do-teto-e-a-divida-publica-na-proxima-quinta-feira","status":"publish","type":"post","link":"https:\/\/www.adufpb.org.br\/site\/adufpb-e-sintespb-realizam-palestra-a-pec-do-teto-e-a-divida-publica-na-proxima-quinta-feira\/","title":{"rendered":"ADUFPB e Sintespb realizam palestra \u201cA PEC do teto e a d\u00edvida p\u00fablica\u201d na pr\u00f3xima quinta-feira"},"content":{"rendered":"<p dir=\"ltr\">A quinta palestra do projeto \u201cRealidade Brasileira e Universidade\u201d, idealizado pela ADUFPB, far\u00e1 um contraponto entre a PEC 241, que limita os investimentos p\u00fablicos pelos pr\u00f3ximos 20 anos, e a d\u00edvida p\u00fablica brasileira. O evento est\u00e1 sendo realizado em parceria com o Sindicato dos Trabalhadores em Ensino Superior do Estado da Para\u00edba (Sintespb) e acontecer\u00e1 na pr\u00f3xima quinta-feira (3\/11), a partir das 14h30, no audit\u00f3rio do Sintespb, no campus I da UFPB.<\/p>\n<p dir=\"ltr\">Com o tema \u201cA PEC do teto e a d\u00edvida p\u00fablica\u201d, a palestra ser\u00e1 ministrado pela representante da Auditoria Cidad\u00e3 da D\u00edvida, a arquivista Gleice Rodrigues (Universidade Federal do Mato Grosso do Sul e Unirio).<\/p>\n<p>Nesta quinta edi\u00e7\u00e3o, o projeto \u201cRealidade Brasileira e Universidade\u201d integra o cronograma de atividades de greve dos servidores t\u00e9cnico-administrativos da UFPB (que pararam as atividades na \u00faltima ter\u00e7a-feira, 25 de outubro) e a agenda de mobiliza\u00e7\u00e3o dos professores contra os recentes ataques \u00e0 educa\u00e7\u00e3o p\u00fablica e aos direitos dos trabalhadores.<\/p>\n<p><em>Fonte: Ascom ADUFPB<\/em><\/p>\n","protected":false},"excerpt":{"rendered":"<p>A quinta palestra do projeto \u201cRealidade Brasileira e Universidade\u201d, idealizado pela ADUFPB, far\u00e1 um contraponto entre a PEC 241, que limita os investimentos p\u00fablicos pelos pr\u00f3ximos 20 anos, e a d\u00edvida p\u00fablica brasileira. O evento est\u00e1 sendo realizado em parceria com o Sindicato dos Trabalhadores em Ensino Superior do Estado da Para\u00edba (Sintespb) e acontecer\u00e1&hellip;<\/p>\n","protected":false},"author":3,"featured_media":15109,"comment_status":"closed","ping_status":"closed","sticky":false,"template":"","format":"standard","meta":{"footnotes":""},"categories":[15,417],"tags":[307,306,794,848],"class_list":["post-15049","post","type-post","status-publish","format-standard","has-post-thumbnail","hentry","category-noticias","category-noticias-destaque","tag-auditoria-cidada-da-divida","tag-divida-publica","tag-pec-241","tag-projeto-realidade-brasileira-e-universidade","category-15","category-417","description-off"],"_links":{"self":[{"href":"https:\/\/www.adufpb.org.br\/site\/wp-json\/wp\/v2\/posts\/15049","targetHints":{"allow":["GET"]}}],"collection":[{"href":"https:\/\/www.adufpb.org.br\/site\/wp-json\/wp\/v2\/posts"}],"about":[{"href":"https:\/\/www.adufpb.org.br\/site\/wp-json\/wp\/v2\/types\/post"}],"author":[{"embeddable":true,"href":"https:\/\/www.adufpb.org.br\/site\/wp-json\/wp\/v2\/users\/3"}],"replies":[{"embeddable":true,"href":"https:\/\/www.adufpb.org.br\/site\/wp-json\/wp\/v2\/comments?post=15049"}],"version-history":[{"count":2,"href":"https:\/\/www.adufpb.org.br\/site\/wp-json\/wp\/v2\/posts\/15049\/revisions"}],"predecessor-version":[{"id":15066,"href":"https:\/\/www.adufpb.org.br\/site\/wp-json\/wp\/v2\/posts\/15049\/revisions\/15066"}],"wp:featuredmedia":[{"embeddable":true,"href":"https:\/\/www.adufpb.org.br\/site\/wp-json\/wp\/v2\/media\/15109"}],"wp:attachment":[{"href":"https:\/\/www.adufpb.org.br\/site\/wp-json\/wp\/v2\/media?parent=15049"}],"wp:term":[{"taxonomy":"category","embeddable":true,"href":"https:\/\/www.adufpb.org.br\/site\/wp-json\/wp\/v2\/categories?post=15049"},{"taxonomy":"post_tag","embeddable":true,"href":"https:\/\/www.adufpb.org.br\/site\/wp-json\/wp\/v2\/tags?post=15049"}],"curies":[{"name":"wp","href":"https:\/\/api.w.org\/{rel}","templated":true}]}}