{"id":14919,"date":"2016-10-13T18:30:12","date_gmt":"2016-10-13T21:30:12","guid":{"rendered":"http:\/\/www.adufpb.org.br\/site\/?p=14919"},"modified":"2016-10-13T18:30:12","modified_gmt":"2016-10-13T21:30:12","slug":"sede-de-leitura-sera-nesta-6a-feira-com-sarau-poetico-e-divulgacao-dos-vencedores-do-concurso-de-fotografia","status":"publish","type":"post","link":"https:\/\/www.adufpb.org.br\/site\/sede-de-leitura-sera-nesta-6a-feira-com-sarau-poetico-e-divulgacao-dos-vencedores-do-concurso-de-fotografia\/","title":{"rendered":"Sede de Leitura ser\u00e1 nesta 6\u00aa feira, com sarau po\u00e9tico e divulga\u00e7\u00e3o dos vencedores do Concurso de Fotografia"},"content":{"rendered":"<p>Nove livros ser\u00e3o lan\u00e7adas hoje na mais nova edi\u00e7\u00e3o do projeto Sede de Leitura da ADUFPB. O evento busca divulgar a produ\u00e7\u00e3o liter\u00e1ria dos sindicalizados e ser\u00e1 realizado nesta sexta-feira (14\/10), dentro das atividades em comemora\u00e7\u00e3o ao Dia do Professor.<\/p>\n<p>Na mesma ocasi\u00e3o ser\u00e1 realizado um sarau po\u00e9tico &#8211; no qual os docentes poder\u00e3o declamar versos pr\u00f3prios ou de autores diversos &#8211; e a divulga\u00e7\u00e3o dos vencedores do 5\u00ba Concurso de Fotografia da ADUFPB. O evento acontecer\u00e1 nesta sexta-feira, \u00e0s 19h, na sede sociocultural da ADUFPB, localizada na rua Gilvan Muribeca, 88, praia do Cabo Branco.<\/p>\n<p><a href=\"http:\/\/www.adufpb.org.br\/site\/wp-content\/uploads\/2016\/10\/WhatsApp-Image-2016-10-13-at-17.58.34-1.jpeg\"><img loading=\"lazy\" decoding=\"async\" class=\"alignright size-medium wp-image-14922\" alt=\"whatsapp-image-2016-10-13-at-17-58-34-1\" src=\"http:\/\/www.adufpb.org.br\/site\/wp-content\/uploads\/2016\/10\/WhatsApp-Image-2016-10-13-at-17.58.34-1-300x212.jpeg\" width=\"300\" height=\"212\" srcset=\"https:\/\/www.adufpb.org.br\/site\/wp-content\/uploads\/2016\/10\/WhatsApp-Image-2016-10-13-at-17.58.34-1-300x212.jpeg 300w, https:\/\/www.adufpb.org.br\/site\/wp-content\/uploads\/2016\/10\/WhatsApp-Image-2016-10-13-at-17.58.34-1-1024x723.jpeg 1024w, https:\/\/www.adufpb.org.br\/site\/wp-content\/uploads\/2016\/10\/WhatsApp-Image-2016-10-13-at-17.58.34-1.jpeg 1181w\" sizes=\"auto, (max-width: 300px) 100vw, 300px\" \/><\/a>A noite come\u00e7ar\u00e1 com o sarau po\u00e9tico, que estar\u00e1 aberto para todos os convidados e docentes da UFPB. Durante o evento, os professores poder\u00e3o recitar poesias pr\u00f3prias ou de outros autores. Uma sele\u00e7\u00e3o de publica\u00e7\u00f5es ficar\u00e1 dispon\u00edvel aos convidados para declama\u00e7\u00e3o.<\/p>\n<p>Nomes da \u00e1rea art\u00edstica est\u00e3o sendo convidados para participar do evento e j\u00e1 confirmaram participa\u00e7\u00e3o o m\u00fasico J\u00fanior Limeira, que vai tocar e declamar poemas populares; a professora Gloria Obermark, que ir\u00e1 cantar, e os poetas Carlos Jales e Juan Cortez.<\/p>\n<p><strong>Concurso de fotografia<\/strong><\/p>\n<p>Uma das atra\u00e7\u00f5es da noite ser\u00e1 a divulga\u00e7\u00e3o dos vencedores do 5\u00ba Concurso de Fotografia da ADUFPB, com entrega dos pr\u00eamios e exibi\u00e7\u00e3o de todas as fotos inscritas para o concurso deste ano.<\/p>\n<p>As inscri\u00e7\u00f5es para o concurso foram feitas de 1\u00ba de julho a 2 de setembro. Este ano, o autor da fotografia escolhida em primeiro lugar receber\u00e1 um Datashow, al\u00e9m de ter sua foto publicada na capa da Agenda ADUFPB 2017. O 2\u00ba lugar ganhar\u00e1 uma mochila para equipamentos fotogr\u00e1ficos, e o 3\u00ba lugar, um trip\u00e9 para m\u00e1quina fotogr\u00e1fica.<\/p>\n<p>Confira abaixo a rela\u00e7\u00e3o de livros inscritos para o Sede de Leitura:<\/p>\n<p><strong>Livro 01<\/strong><br \/>\nTessituras: Experi\u00eancias e Viv\u00eancias em Artes Visuais<br \/>\nAutores: Robson Xavier da Costa, L\u00edvia Marques Carvalho e Maria Bet\u00e2nia e Silva (Orgs.)<br \/>\nSinopse: Colet\u00e2nea de artigos baseados em pesquisas desenvolvidas no PPGAV UFPB\/UFPE e na gradua\u00e7\u00e3o em Artes Visuais da UFPB e UFPE.<\/p>\n<p><strong>Livro 02<\/strong><br \/>\nEmo\u00e7\u00f5es e solid\u00e3o do n\u00e3o aprender a ler<br \/>\nAutora: Vilm\u00e1ria Fernandes Sales<br \/>\nSinopse: Aponta que o processo de n\u00e3o aprender a ler leva as crian\u00e7as a viver em solid\u00e3o. As emo\u00e7\u00f5es sentidas\/vivenciadas s\u00e3o uma pista para o que acontece nas rela\u00e7\u00f5es.<\/p>\n<p><strong>Livro 03<\/strong><br \/>\n\u00c9tica Linguagem Ensino: temas investigativos em filosofia e educa\u00e7\u00e3o<br \/>\nAutores: T\u00e2nia Rodrigues Palhano, H\u00e9lcia Macedo de Carvalho diniz e Silva (Orgs.)<br \/>\nSinopse: Este livro apresenta elementos conceituais da filosofia e da educa\u00e7\u00e3o, especificamente quest\u00f5es sobre \u00e9tica, linguagem e ensino, com fins de contribuir com o debate acad\u00eamico e suscitar reflex\u00f5es em torno desses temas.<\/p>\n<p><strong>Livro 04<\/strong><br \/>\nFILOSOFIA: Um olhar sobre a educa\u00e7\u00e3o, a \u00e9tica e a linguagem.<br \/>\nAutores: Manoel Dionizio Neto e Valter Ferreira Rodrigues (Orgs.)<br \/>\nSinopse: Livro produzido pelo Grupo de Estudos e Pesquisas em Filosofia e Educa\u00e7\u00e3o (GEPEPE) que traz para a discuss\u00e3o filos\u00f3fica quest\u00f5es acerca da \u00e9tica, da educa\u00e7\u00e3o e da linguagem.<\/p>\n<p><strong>Livro 05<\/strong><br \/>\nEduca\u00e7\u00e3o e Cultura Visual \u2013 Aprendizagens, discursos e mem\u00f3rias<br \/>\nAutor: Erenildo Jo\u00e3o Carlos (Org.)<br \/>\nSinopse: Colet\u00e2nea de textos resultante de estudos e pesquisas sobre Cultural Visual e Educa\u00e7\u00e3o.<\/p>\n<p><strong>Livro 06<\/strong><br \/>\nEduca\u00e7\u00e3o Popular e Movimentos Sociais \u2013 Experi\u00eancias e desafios<br \/>\nAutores: Jo\u00e3o B. de Albuquerque Figueiredo, Cl\u00e9dia In\u00eas Matos Veras e Lucicl\u00e9a Teixeira Lins (Orgs.)<br \/>\nSinopse: A obra tem o objetivo de divulgar e socializar reflex\u00f5es acerca dos espa\u00e7os de lutas sociais que, em sua materialidade, explicita os avan\u00e7os mas, tamb\u00e9m, seus limites impostos pelos conflitos sociais.<\/p>\n<p><strong>Livro 07<\/strong><br \/>\nAMOR INVIS\u00cdVEL \u2013 Artes e possibilidades narrativas<br \/>\nAutor: Carlos Cartaxo<br \/>\nSinopse: O livro \u00e9 um trabalho fundamentao a partir da perspectiva metodol\u00f3gica da investiga\u00e7\u00e3o baseada nas artes. \u00c9 uma hist\u00f3ria ficcional, mas baseada na trajet\u00f3ria real da pesquisa que a gerou. Nela h\u00e1 uma mescla de fatos ver\u00eddicos, mas h\u00e1 tamb\u00e9m fic\u00e7\u00e3o. O autor desconstr\u00f3i o ponto de vista que trata os artistas como criadores e os cientistas como recriadores, reconstrutores e descobridores de coisas novas no mundo.<\/p>\n<p><strong>Livro 08<\/strong><br \/>\nEcological Crisis and Cultural Representation in Latin Am\u00e9rica &#8211; Ecocritical Persperctives on Art, Film e and Literature<br \/>\nAutores: Mark Anderson e Z\u00e9lia Bora<br \/>\nSinopse: A obra re\u00fane artigos de v\u00e1rios pesquisadores do Brasil, da Argentina e dos Estados Unidos. Juntos, produziram uma cole\u00e7\u00e3o de ensaios sobre a crise ambiental na Am\u00e9rica Latina, entrevistas sobre literatura, o cinema, o jornalismo e a arte digital. Al\u00e9m de ter sido publicado por uma editora conhecida no mundo acad\u00eamico, a obra constitui um mapeamento essencial da quest\u00e3o em termos te\u00f3ricos.<\/p>\n<p><strong>Livro 09<\/strong><br \/>\nEDUCA\u00c7\u00c3O DO CAMPO: Reflex\u00f5es Pol\u00edticas e te\u00f3rico-metodol\u00f3gicas<br \/>\nAutores: Elmo de Souza Lima e Keylla Rejane Almeida Melo (Orgs.)<br \/>\nSinopse: Reflex\u00f5es pol\u00edticas e te\u00f3rico-metodol\u00f3gicas que busca contribuir para a constru\u00e7\u00e3o de novas alternativas pol\u00edticas e te\u00f3rico-metodol\u00f3gicas que fomentem transforma\u00e7\u00f5es no modo de pensar a produ\u00e7\u00e3o do conhecimento e as pr\u00e1ticas educativas nas institui\u00e7\u00f5es de ensino superior.<\/p>\n\n\t\t\t<style type='text\/css'>\n\t\t\t\t#gallery-1 {\n\t\t\t\t\tmargin: auto;\n\t\t\t\t}\n\t\t\t\t#gallery-1 .gallery-item {\n\t\t\t\t\tfloat: left;\n\t\t\t\t\tmargin-top: 10px;\n\t\t\t\t\ttext-align: center;\n\t\t\t\t\twidth: 33%;\n\t\t\t\t}\n\t\t\t\t#gallery-1 img {\n\t\t\t\t\tborder: 2px solid #cfcfcf;\n\t\t\t\t}\n\t\t\t\t#gallery-1 .gallery-caption {\n\t\t\t\t\tmargin-left: 0;\n\t\t\t\t}\n\t\t\t\t\/* see gallery_shortcode() in wp-includes\/media.php *\/\n\t\t\t<\/style>\n\t\t<div id='gallery-1' class='dt-gallery-container gallery galleryid-14919 gallery-columns-3 gallery-size-thumbnail'><dl class='gallery-item'>\n\t\t\t\t<dt class='gallery-icon portrait'>\n\t\t\t\t\t<a class=\"rollover\" href='https:\/\/www.adufpb.org.br\/site\/sede-de-leitura-sera-nesta-6a-feira-com-sarau-poetico-e-divulgacao-dos-vencedores-do-concurso-de-fotografia\/whatsapp-image-2016-10-13-at-17-52-20\/'><img loading=\"lazy\" decoding=\"async\" width=\"150\" height=\"150\" src=\"https:\/\/www.adufpb.org.br\/site\/wp-content\/uploads\/2016\/10\/WhatsApp-Image-2016-10-13-at-17.52.20-150x150.jpeg\" class=\"attachment-thumbnail size-thumbnail\" alt=\"\" \/><\/a>\n\t\t\t\t<\/dt><\/dl><dl class='gallery-item'>\n\t\t\t\t<dt class='gallery-icon portrait'>\n\t\t\t\t\t<a class=\"rollover\" href='https:\/\/www.adufpb.org.br\/site\/sede-de-leitura-sera-nesta-6a-feira-com-sarau-poetico-e-divulgacao-dos-vencedores-do-concurso-de-fotografia\/whatsapp-image-2016-10-13-at-17-52-46\/'><img loading=\"lazy\" decoding=\"async\" width=\"150\" height=\"150\" src=\"https:\/\/www.adufpb.org.br\/site\/wp-content\/uploads\/2016\/10\/WhatsApp-Image-2016-10-13-at-17.52.46-150x150.jpeg\" class=\"attachment-thumbnail size-thumbnail\" alt=\"\" \/><\/a>\n\t\t\t\t<\/dt><\/dl><dl class='gallery-item'>\n\t\t\t\t<dt class='gallery-icon portrait'>\n\t\t\t\t\t<a class=\"rollover\" href='https:\/\/www.adufpb.org.br\/site\/sede-de-leitura-sera-nesta-6a-feira-com-sarau-poetico-e-divulgacao-dos-vencedores-do-concurso-de-fotografia\/whatsapp-image-2016-10-13-at-17-52-46-1\/'><img loading=\"lazy\" decoding=\"async\" width=\"150\" height=\"150\" src=\"https:\/\/www.adufpb.org.br\/site\/wp-content\/uploads\/2016\/10\/WhatsApp-Image-2016-10-13-at-17.52.46-1-150x150.jpeg\" class=\"attachment-thumbnail size-thumbnail\" alt=\"\" \/><\/a>\n\t\t\t\t<\/dt><\/dl><br style=\"clear: both\" \/><dl class='gallery-item'>\n\t\t\t\t<dt class='gallery-icon portrait'>\n\t\t\t\t\t<a class=\"rollover\" href='https:\/\/www.adufpb.org.br\/site\/sede-de-leitura-sera-nesta-6a-feira-com-sarau-poetico-e-divulgacao-dos-vencedores-do-concurso-de-fotografia\/whatsapp-image-2016-10-13-at-17-52-46-2\/'><img loading=\"lazy\" decoding=\"async\" width=\"150\" height=\"150\" src=\"https:\/\/www.adufpb.org.br\/site\/wp-content\/uploads\/2016\/10\/WhatsApp-Image-2016-10-13-at-17.52.46-2-150x150.jpeg\" class=\"attachment-thumbnail size-thumbnail\" alt=\"\" \/><\/a>\n\t\t\t\t<\/dt><\/dl><dl class='gallery-item'>\n\t\t\t\t<dt class='gallery-icon portrait'>\n\t\t\t\t\t<a class=\"rollover\" href='https:\/\/www.adufpb.org.br\/site\/sede-de-leitura-sera-nesta-6a-feira-com-sarau-poetico-e-divulgacao-dos-vencedores-do-concurso-de-fotografia\/whatsapp-image-2016-10-13-at-17-52-47\/'><img loading=\"lazy\" decoding=\"async\" width=\"150\" height=\"150\" src=\"https:\/\/www.adufpb.org.br\/site\/wp-content\/uploads\/2016\/10\/WhatsApp-Image-2016-10-13-at-17.52.47-150x150.jpeg\" class=\"attachment-thumbnail size-thumbnail\" alt=\"\" \/><\/a>\n\t\t\t\t<\/dt><\/dl><dl class='gallery-item'>\n\t\t\t\t<dt class='gallery-icon portrait'>\n\t\t\t\t\t<a class=\"rollover\" href='https:\/\/www.adufpb.org.br\/site\/sede-de-leitura-sera-nesta-6a-feira-com-sarau-poetico-e-divulgacao-dos-vencedores-do-concurso-de-fotografia\/whatsapp-image-2016-10-13-at-17-52-47-1\/'><img loading=\"lazy\" decoding=\"async\" width=\"150\" height=\"150\" src=\"https:\/\/www.adufpb.org.br\/site\/wp-content\/uploads\/2016\/10\/WhatsApp-Image-2016-10-13-at-17.52.47-1-150x150.jpeg\" class=\"attachment-thumbnail size-thumbnail\" alt=\"\" \/><\/a>\n\t\t\t\t<\/dt><\/dl><br style=\"clear: both\" \/><dl class='gallery-item'>\n\t\t\t\t<dt class='gallery-icon portrait'>\n\t\t\t\t\t<a class=\"rollover\" href='https:\/\/www.adufpb.org.br\/site\/sede-de-leitura-sera-nesta-6a-feira-com-sarau-poetico-e-divulgacao-dos-vencedores-do-concurso-de-fotografia\/whatsapp-image-2016-10-13-at-17-52-47-2\/'><img loading=\"lazy\" decoding=\"async\" width=\"150\" height=\"150\" src=\"https:\/\/www.adufpb.org.br\/site\/wp-content\/uploads\/2016\/10\/WhatsApp-Image-2016-10-13-at-17.52.47-2-150x150.jpeg\" class=\"attachment-thumbnail size-thumbnail\" alt=\"\" \/><\/a>\n\t\t\t\t<\/dt><\/dl><dl class='gallery-item'>\n\t\t\t\t<dt class='gallery-icon portrait'>\n\t\t\t\t\t<a class=\"rollover\" href='https:\/\/www.adufpb.org.br\/site\/sede-de-leitura-sera-nesta-6a-feira-com-sarau-poetico-e-divulgacao-dos-vencedores-do-concurso-de-fotografia\/whatsapp-image-2016-10-13-at-17-52-59\/'><img loading=\"lazy\" decoding=\"async\" width=\"150\" height=\"150\" src=\"https:\/\/www.adufpb.org.br\/site\/wp-content\/uploads\/2016\/10\/WhatsApp-Image-2016-10-13-at-17.52.59-150x150.jpeg\" class=\"attachment-thumbnail size-thumbnail\" alt=\"\" \/><\/a>\n\t\t\t\t<\/dt><\/dl><dl class='gallery-item'>\n\t\t\t\t<dt class='gallery-icon portrait'>\n\t\t\t\t\t<a class=\"rollover\" href='https:\/\/www.adufpb.org.br\/site\/sede-de-leitura-sera-nesta-6a-feira-com-sarau-poetico-e-divulgacao-dos-vencedores-do-concurso-de-fotografia\/whatsapp-image-2016-10-13-at-17-52-59-1\/'><img loading=\"lazy\" decoding=\"async\" width=\"150\" height=\"150\" src=\"https:\/\/www.adufpb.org.br\/site\/wp-content\/uploads\/2016\/10\/WhatsApp-Image-2016-10-13-at-17.52.59-1-150x150.jpeg\" class=\"attachment-thumbnail size-thumbnail\" alt=\"\" \/><\/a>\n\t\t\t\t<\/dt><\/dl><br style=\"clear: both\" \/>\n\t\t\t<\/div>\n\n<p><em>Fonte: Ascom ADUFPB<\/em><\/p>\n","protected":false},"excerpt":{"rendered":"<p>Nove livros ser\u00e3o lan\u00e7adas hoje na mais nova edi\u00e7\u00e3o do projeto Sede de Leitura da ADUFPB. O evento busca divulgar a produ\u00e7\u00e3o liter\u00e1ria dos sindicalizados e ser\u00e1 realizado nesta sexta-feira (14\/10), dentro das atividades em comemora\u00e7\u00e3o ao Dia do Professor. Na mesma ocasi\u00e3o ser\u00e1 realizado um sarau po\u00e9tico &#8211; no qual os docentes poder\u00e3o declamar&hellip;<\/p>\n","protected":false},"author":3,"featured_media":14923,"comment_status":"closed","ping_status":"closed","sticky":false,"template":"","format":"standard","meta":{"footnotes":""},"categories":[417],"tags":[806,251,538,35],"class_list":["post-14919","post","type-post","status-publish","format-standard","has-post-thumbnail","hentry","category-noticias-destaque","tag-5o-concurso-de-fotografia","tag-concurso-de-fotografia","tag-sarau-poetico","tag-sede-de-leitura","category-417","description-off"],"_links":{"self":[{"href":"https:\/\/www.adufpb.org.br\/site\/wp-json\/wp\/v2\/posts\/14919","targetHints":{"allow":["GET"]}}],"collection":[{"href":"https:\/\/www.adufpb.org.br\/site\/wp-json\/wp\/v2\/posts"}],"about":[{"href":"https:\/\/www.adufpb.org.br\/site\/wp-json\/wp\/v2\/types\/post"}],"author":[{"embeddable":true,"href":"https:\/\/www.adufpb.org.br\/site\/wp-json\/wp\/v2\/users\/3"}],"replies":[{"embeddable":true,"href":"https:\/\/www.adufpb.org.br\/site\/wp-json\/wp\/v2\/comments?post=14919"}],"version-history":[{"count":2,"href":"https:\/\/www.adufpb.org.br\/site\/wp-json\/wp\/v2\/posts\/14919\/revisions"}],"predecessor-version":[{"id":14933,"href":"https:\/\/www.adufpb.org.br\/site\/wp-json\/wp\/v2\/posts\/14919\/revisions\/14933"}],"wp:featuredmedia":[{"embeddable":true,"href":"https:\/\/www.adufpb.org.br\/site\/wp-json\/wp\/v2\/media\/14923"}],"wp:attachment":[{"href":"https:\/\/www.adufpb.org.br\/site\/wp-json\/wp\/v2\/media?parent=14919"}],"wp:term":[{"taxonomy":"category","embeddable":true,"href":"https:\/\/www.adufpb.org.br\/site\/wp-json\/wp\/v2\/categories?post=14919"},{"taxonomy":"post_tag","embeddable":true,"href":"https:\/\/www.adufpb.org.br\/site\/wp-json\/wp\/v2\/tags?post=14919"}],"curies":[{"name":"wp","href":"https:\/\/api.w.org\/{rel}","templated":true}]}}