{"id":1490,"date":"2011-02-17T20:22:37","date_gmt":"2011-02-18T00:22:37","guid":{"rendered":"http:\/\/www.adufpb.org.br\/site\/ato-publico-marca-os-30-anos-de-fundacao-do-andes\/"},"modified":"2011-02-17T20:22:37","modified_gmt":"2011-02-18T00:22:37","slug":"ato-publico-marca-os-30-anos-de-fundacao-do-andes","status":"publish","type":"post","link":"https:\/\/www.adufpb.org.br\/site\/ato-publico-marca-os-30-anos-de-fundacao-do-andes\/","title":{"rendered":"Ato p\u00fablico marca os 30 anos de funda\u00e7\u00e3o do ANDES"},"content":{"rendered":"<p><a href=\"http:\/\/www.adufpb.org.br\/site\/wp-content\/uploads\/2011\/02\/30-anos-do-andes.bmp\"><img loading=\"lazy\" decoding=\"async\" class=\"alignleft size-full wp-image-1489\" title=\"30 anos do andes\" src=\"http:\/\/www.adufpb.org.br\/site\/wp-content\/uploads\/2011\/02\/30-anos-do-andes.bmp\" alt=\"30 anos do andes\" width=\"336\" height=\"224\" \/><\/a>O plen\u00e1rio da C\u00e2mara Municipal de Uberl\u00e2ndia ficou lotado na manh\u00e3 de hoje (17\/2), durante Ato P\u00fablico comemorativo aos 30 anos de funda\u00e7\u00e3o do ANDES-SN. Parte da programa\u00e7\u00e3o do 30\u00ba Congresso do Sindicato, a atividade contou n\u00e3o s\u00f3 com a presen\u00e7a de professores universit\u00e1rios, mas tamb\u00e9m representantes da comunidade universit\u00e1ria da UFU, movimentos sociais e de estudantes das escolas estaduais de Minas Gerais. Os estudantes se juntaram \u00e0 atividade para denunciar e reivindicar que as cotas previstas no Programa Alternativo de Acesso ao Ensino Superior (PAAES\/UFU), para estudantes de escolas p\u00fablicas, sejam respeitadas.<\/p>\n<p>A parte cultural do Ato ficou a cargo da apresenta\u00e7\u00e3o do Terno de Congada, \u201cCongo Sainha\u201d, do capit\u00e3o Eust\u00e1quio Marques (foto \u00e0 esquerda). S\u00edmbolo da resist\u00eancia negra contra a opress\u00e3o, a congada \u00e9 uma celebra\u00e7\u00e3o popular de culto aos ancestrais africanos atrav\u00e9s de dan\u00e7as de percuss\u00f5es e cantorias realizadas por descendentes de na\u00e7\u00f5es negras. Os presentes entraram no ritmo do terno de congo mais antigo de Uberl\u00e2ndia.<\/p>\n<p>O 1\u00ba vice-presidente da Regional S\u00e3o Paulo do ANDES-SN, Francisco Miraglia, abriu a reuni\u00e3o convidando os representantes a comporem a mesa. O secret\u00e1rio geral do ANDES-SN, M\u00e1rcio Oliveira, COME\u00c7OU a cerim\u00f4nia lembrando os 30 anos de hist\u00f3ria do Sindicato Nacional, que nasceu no in\u00edcio da d\u00e9cada de 80, ainda como associa\u00e7\u00e3o. \u201cCostumo dizer que n\u00f3s nascemos dentro das trincheiras da luta contra a ditadura militar e, desde ent\u00e3o, nos envolvemos em todas as grandes lutas do pa\u00eds: anistia, redemocratiza\u00e7\u00e3o, Diretas J\u00e1 e constru\u00e7\u00e3o do Plano Nacional de Educa\u00e7\u00e3o, entre outras\u201d.<\/p>\n<p>Segundo o dirigente, o ANDES-SN iniciou a d\u00e9cada de 90 j\u00e1 como sindicato. \u201cAp\u00f3s a Constitui\u00e7\u00e3o de 1988, entendemos que era necess\u00e1rio ultrapassar a linha da associa\u00e7\u00e3o\u201d, justificou. Para M\u00e1rcio, a onda neoliberal e o avan\u00e7o das for\u00e7as do capital colocaram no horizonte uma s\u00e9rie de propostas que colidiram com a defesa da universidade p\u00fablica, da autonomia universit\u00e1ria, do direito dos servidores p\u00fablicos. \u201cNo governo Collor n\u00f3s conseguimos derrubar, mas vieram o FHC e Lula. A universidade passou a ser amea\u00e7ada sistematicamente. E os direitos dos professores tamb\u00e9m&#8221;, acrescentou.<\/p>\n<p>Da d\u00e9cada seguinte, o secret\u00e1rio-geral relembrou a trai\u00e7\u00e3o da Central \u00danica dos Trabalhadores, que apoiou a reforma da previd\u00eancia que tanto prejudicou os trabalhadores brasileiros. \u201cAp\u00f3s esse fato, n\u00f3s confirmamos a nossa tend\u00eancia de afastamento da central. A CUT n\u00e3o conjugava mais com nossas id\u00e9ias e ideais de luta. Por isso, buscamos um novo caminho, primeiro com a Conlutas e, agora, com a CSP Conlutas\u201d.<\/p>\n<p><strong>Homenagem<\/strong><\/p>\n<p>Em seguida, procedeu uma homenagem ao professor Edmundo Dias, ex-diretor do Sindicato Nacional e refer\u00eancia de milit\u00e2ncia e luta para diversas gera\u00e7\u00f5es de trabalhadores do pa\u00eds. Muito emocionado, Edmundo, que participou da assembl\u00e9ia de funda\u00e7\u00e3o do ANDES-SN, realizada em Campinas (SP), em 1981, agradeceu a homenagem: \u201csou apenas um militante que credita no que foi seu programa de vida\u201d.<\/p>\n<p>O professor\u00a0 afirmou que os colegas que, como ele, \u201cs\u00e3o jovens h\u00e1 mais tempo\u201d, viveram um momento absolutamente rico da hist\u00f3rica mundial nos anos 60: viram os negros se libertarem, as mulheres rasgarem os suti\u00e3s, os jovens ganharem as ruas. \u201cLutamos por liberdade, criamos asas e o desejo de mudar o mundo\u201d.<\/p>\n<p>Edmundo, entretanto, n\u00e3o esqueceu que sua gera\u00e7\u00e3o tamb\u00e9m sofreu tortura, pris\u00f5es, desaparecimentos. E arrancou efusivos aplausos do plen\u00e1rio ao cobrar a abertura dos arquivos da Ditadura Militar. \u201cS\u00f3 assim poderemos provar que houve tortura e exterm\u00ednio neste pa\u00eds\u201d, disse ele.<\/p>\n<p>O homenageado terminou sua fala com uma mensagem de esperan\u00e7a e otimismo, ao demonstrar o quanto a luta pela defesa da universidade p\u00fablica e de qualidade empreendida h\u00e1 30 anos pelo ANDES-SN tem sido vitoriosa. \u201cem uma sociedade manipulada pelos meios de comunica\u00e7\u00e3o de massa, n\u00f3s ainda temos pensamento cr\u00edtico. Isso \u00e9 fabuloso porque representa a possibilidade de transforma\u00e7\u00e3o\u201d.<\/p>\n<p>Movimento estudantil<\/p>\n<p>Estudante da Escola Estadual Segismundo Pereira, Deivid Alves ocupou o p\u00falpito para exigir, em nome de todos os colegas estudantes de escolas p\u00fablicas, o cumprimento do programa que reserva vagas para eles no vestibular da Universidade Federal de Uberl\u00e2ndia \u2013 UFU. \u201cN\u00f3s conseguimos que o programa fosse aprovado, mas ele n\u00e3o est\u00e1 sendo cumprido. Estamos perdendo muitas vagas para os alunos das escolas privadas. Entendemos que eles tamb\u00e9m t\u00eam o direito de estudar na universidade p\u00fablica, mas este programa \u00e9 nosso e vamos exigir\u00a0 o cumprimento dos nossos direitos\u201d, afirmou.<\/p>\n<p>O representante do coletivo DialogA\u00e7\u00e3o (movimento estudantil da UFU), Ricardo Takayuki Tadokoro, ressaltou a import\u00e2ncia do Sindicato Nacional. \u201cO ANDES-SN \u00e9 refer\u00eancia nacional para os movimentos que lutam pela transforma\u00e7\u00e3o social\u201d. Ele tamb\u00e9m denunciou a criminaliza\u00e7\u00e3o dos movimentos estudantis na UFU, onde alunos est\u00e3o sendo processados e sofrendo constrangimento ilegal.<\/p>\n<p>Ina\u00ea Soares de Vasconcelos , do Diret\u00f3rio Central dos Estudantes \u2013 DCE da UFU, pediu que os docentes, jovens ou velhos, \u201cn\u00e3o esmore\u00e7am e mantenham entusiasmo para lutar por reformas profundas\u201d.<\/p>\n<p><strong>Movimentos sociais<\/strong><\/p>\n<p>O representante do SOS Clima Terra \u2013 Campanha Mundial por Justi\u00e7a Clim\u00e1tica, Sustentabilidade e Contra o Aquecimento Global, Roberto Ferdinando, falou sobre as amea\u00e7as ao planeta e pediu ao ANDES-SN que incorpore \u00e0s suas atividades para o per\u00edodo a luta contra a constru\u00e7\u00e3o da usina de Belo Monte e contra as altera\u00e7\u00f5es previstas para o C\u00f3digo florestal brasileiro, iniciativas que, segundo ele,\u00a0 significam uma verdadeira trag\u00e9dia ambiental para o Brasil e para o mundo.<\/p>\n<p>A Coordenadora Regional do Movimento dos Trabalhadores Sem Terra (MST), Ana Maria, agradeceu o convite, ao mesmo tempo em que deu os parab\u00e9ns pela atividade p\u00fablica promovida pelo ANDES-SN e a ADUFU-SS. \u201c\u00c9 uma honra participar de uma atividade t\u00e3o importante como essa ao mesmo tempo em que temos preocupa\u00e7\u00f5es com quest\u00f5es ambientais, e a necessidade do combate ao agroneg\u00f3cio e \u00e0s usinas de cana de a\u00e7\u00facar no tri\u00e2ngulo. O impacto socioambiental \u00e9 enorme. \u00c9 preciso se defender de tanto veneno\u201d, disse. Ana aproveitou para informar o despejo das fam\u00edlias do pr\u00e9-assentamento Roseli Nunes, localizado entre as cidades de Uberl\u00e2ndia e Uberaba.<\/p>\n<p><strong>Movimentos sindicais<\/strong><\/p>\n<p>A Coordenadora do Sindicato \u00danico dos Trabalhadores em Educa\u00e7\u00e3o de Minas Gerais (SindUTE), Elaine Cristina, refor\u00e7ou a complexidade do momento pol\u00edtico vivido e pediu apoio para a luta pelo piso nacional do professor. \u201cAt\u00e9 dezembro passado, t\u00ednhamos professores ganhando R$ 330 aqui em Minas Gerais. Agora, conseguimos unificar um teto estadual de R$ 1,3 mil, o que ainda est\u00e1 muito aqu\u00e9m das nossas necessidades\u201d.<\/p>\n<p>O representante do Sindicato dos Trabalhadores da UFU, Carlos Roberto Correia, denunciou a privatiza\u00e7\u00e3o dos hospitais universit\u00e1rios e o impacto que essa medida do governo Dilma ter\u00e1 nas condi\u00e7\u00f5es de trabalho da sua categoria e na vida da popula\u00e7\u00e3o. \u201cNo nosso hospital-escola, a maioria da m\u00e3o-de-obra \u00e9 terceirizada. At\u00e9 a lavanderia foi terceirizada. Agora, a roupa hospitalar \u00e9 separada nos<br \/>\ncorredores, aumentando os riscos de contamina\u00e7\u00e3o\u201d, exemplificou.<\/p>\n<p>Em nome da central sindical CSP-Conlutas, Atn\u00e1goras Lopes afirmou que a busca incessante pela autonomia, pela independ\u00eancia, \u00e9 a s\u00edntese do ANDES-SN. \u201cE \u00e9 justamente isso que leva essa entidade a buscar novos instrumentos para efetivar a luta dos trabalhadores. O dirigente pediu paci\u00eancia aos \u201cjovens h\u00e1 mais tempo\u201d para que n\u00e3o deixem de disputar as consci\u00eancias dos mais jovens. \u201cA for\u00e7a dessa juventude que aqui est\u00e1 \u00e9 a mesma da juventude eg\u00edpcia e tunisiana, que varreram ditaduras hist\u00f3ricas naqueles pa\u00edses\u201d.<\/p>\n<p>Representando os professores do campus avan\u00e7ado Pontal\/UFU, Marcelo Abreu denunciou a precariza\u00e7\u00e3o crescente das condi\u00e7\u00f5es de trabalho dos rec\u00e9m ingressos na carreira. \u201cTemos uma carga hor\u00e1ria maior, que n\u00e3o nos permite sequer fazer p\u00f3s-gradua\u00e7\u00e3o. A qualidade do ensino superior est\u00e1 amea\u00e7ada e estamos vivendo esse processo de forma dram\u00e1tica no campus Pontal\u201d.<\/p>\n<p>O Vice Presidente da ADUFU-SS, Prof. Edilson Graciolli, lembrou da publica\u00e7\u00e3o do Sindicato Nacional, a Revista Universidade e Sociedade. \u201cA ADUFU Se\u00e7\u00e3o Sindical procura se pautar por esse debate. A Universidade \u00e9 um centro de elabora\u00e7\u00e3o, difus\u00e3o e disputa de vis\u00f5es de mundo, de dire\u00e7\u00e3o pol\u00edtica, moral e intelectual. Querem transform\u00e1-la apenas num espa\u00e7o de uma determinada raz\u00e3o instrumental; a raz\u00e3o do agroneg\u00f3cio, do capital, que \u00e9 o que est\u00e1 por tr\u00e1s da destrui\u00e7\u00e3o do meio ambiente\u201d, comentou.<\/p>\n<p>Edilson criticou o primeiro ato da nova administra\u00e7\u00e3o da universidade, que capitulou \u00e0s press\u00f5es do mercado ao adotar posturas n\u00e3o laicas na defini\u00e7\u00e3o das datas do vestibular. Ele tamb\u00e9m denunciou que a pol\u00edtica de cotas para alunos das escolas p\u00fablicas n\u00e3o est\u00e1 sendo cumprida, refor\u00e7ando a fala do estudante. \u201cN\u00f3s defendemos a universidade p\u00fablica para todos. Que um dia essas pol\u00edticas de cotas n\u00e3o sejam mais necess\u00e1rias\u201d, concluiu.<\/p>\n<p><strong>Unidade para a luta<\/strong><\/p>\n<p>De acordo com a presidente do ANDES-SN, Marina Barbosa Pinto, o objetivo do ato foi afirmar, coletivamente, o compromisso do Sindicato Nacional com a educa\u00e7\u00e3o p\u00fablica e com as entidades independentes que organizem a luta da juventude. Segundo ela, neste momento em que o governo federal anuncia cortes no or\u00e7amento, suspende a realiza\u00e7\u00e3o de concursos p\u00fablicos e edita uma medida provis\u00f3ria que permite a contrata\u00e7\u00e3o de professores substitutos para as universidades, o ANDES-SN precisa rearticular a luta por destina\u00e7\u00e3o de um maior percentual do Produto Interno Bruto \u2013 PIB do pa\u00eds para a educa\u00e7\u00e3o. \u201cA op\u00e7\u00e3o pela contrata\u00e7\u00e3o de substitutos \u00e9 a op\u00e7\u00e3o pela precariza\u00e7\u00e3o\u201d,\u00a0 sintetizou.<\/p>\n<p>Marina conclamou os presentes a integrarem a agenda de lutas do sindicato Nacional. \u201cPor meio da luta pela educa\u00e7\u00e3o p\u00fablica, organizaremos todas as outras lutas: pela reforma agr\u00e1ria, pela sustentabilidade do planeta, pelas cotas para escolas p\u00fablicas.Vamos lutar para garantir um servi\u00e7o p\u00fablico de qualidade e condi\u00e7\u00f5es de trabalho para o servidor\u201d.<\/p>\n<p>A presidente reafirmou que o sindicato continuar\u00e1 buscando a unidade com os demais setores do movimento sindical que se disponham a lutar para empreender as mobiliza\u00e7\u00f5es necess\u00e1rias para o per\u00edodo. \u201cNossos esfor\u00e7os n\u00e3o ser\u00e3o vitoriosas se nos isolarmos em n\u00f3s mesmos. A unidade \u00e9 a nossa condi\u00e7\u00e3o para a vit\u00f3ria&#8221;.<\/p>\n<p><em>Fonte: ANDES-SN<\/em><\/p>\n","protected":false},"excerpt":{"rendered":"<p>O plen\u00e1rio da C\u00e2mara Municipal de Uberl\u00e2ndia ficou lotado na manh\u00e3 de hoje (17\/2), durante Ato P\u00fablico comemorativo aos 30 anos de funda\u00e7\u00e3o do ANDES-SN. Parte da programa\u00e7\u00e3o do 30\u00ba Congresso do Sindicato, a atividade contou n\u00e3o s\u00f3 com a presen\u00e7a de professores universit\u00e1rios, mas tamb\u00e9m representantes da comunidade universit\u00e1ria da UFU, movimentos sociais e&hellip;<\/p>\n","protected":false},"author":3,"featured_media":0,"comment_status":"open","ping_status":"open","sticky":false,"template":"","format":"standard","meta":{"footnotes":""},"categories":[15],"tags":[92,100],"class_list":["post-1490","post","type-post","status-publish","format-standard","hentry","category-noticias","tag-andes","tag-congresso","category-15","description-off"],"_links":{"self":[{"href":"https:\/\/www.adufpb.org.br\/site\/wp-json\/wp\/v2\/posts\/1490","targetHints":{"allow":["GET"]}}],"collection":[{"href":"https:\/\/www.adufpb.org.br\/site\/wp-json\/wp\/v2\/posts"}],"about":[{"href":"https:\/\/www.adufpb.org.br\/site\/wp-json\/wp\/v2\/types\/post"}],"author":[{"embeddable":true,"href":"https:\/\/www.adufpb.org.br\/site\/wp-json\/wp\/v2\/users\/3"}],"replies":[{"embeddable":true,"href":"https:\/\/www.adufpb.org.br\/site\/wp-json\/wp\/v2\/comments?post=1490"}],"version-history":[{"count":0,"href":"https:\/\/www.adufpb.org.br\/site\/wp-json\/wp\/v2\/posts\/1490\/revisions"}],"wp:attachment":[{"href":"https:\/\/www.adufpb.org.br\/site\/wp-json\/wp\/v2\/media?parent=1490"}],"wp:term":[{"taxonomy":"category","embeddable":true,"href":"https:\/\/www.adufpb.org.br\/site\/wp-json\/wp\/v2\/categories?post=1490"},{"taxonomy":"post_tag","embeddable":true,"href":"https:\/\/www.adufpb.org.br\/site\/wp-json\/wp\/v2\/tags?post=1490"}],"curies":[{"name":"wp","href":"https:\/\/api.w.org\/{rel}","templated":true}]}}