{"id":1488,"date":"2011-02-17T14:01:06","date_gmt":"2011-02-17T18:01:06","guid":{"rendered":"http:\/\/www.adufpb.org.br\/site\/docentes-aprovam-defesa-do-andes-sn-como-centralidade-da-luta-para-o-periodo\/"},"modified":"2011-02-17T14:01:06","modified_gmt":"2011-02-17T18:01:06","slug":"docentes-aprovam-defesa-do-andes-sn-como-centralidade-da-luta-para-o-periodo","status":"publish","type":"post","link":"https:\/\/www.adufpb.org.br\/site\/docentes-aprovam-defesa-do-andes-sn-como-centralidade-da-luta-para-o-periodo\/","title":{"rendered":"Docentes aprovam defesa do ANDES-SN como centralidade da luta para o per\u00edodo"},"content":{"rendered":"<p>\u201cDefesa do ANDES-SN como instrumento dos docentes na constru\u00e7\u00e3o da universidade p\u00fablica e das condi\u00e7\u00f5es de trabalho, a partir da intensifica\u00e7\u00e3o do trabalho de base na categoria, fortalecendo e ampliando a unidade com o movimento classista e aut\u00f4nomo\u201d. Est\u00e1 ser\u00e1 a centralidade da luta do Movimento Docente para o pr\u00f3ximo per\u00edodo, conforme delibera\u00e7\u00e3o da assembleia do 30\u00ba Congresso, que acontece em Uberl\u00e2ndia (MG).<\/p>\n<p>A plen\u00e1ria que definiu o t\u00f3pico, realizada na manh\u00e3 desta quarta-feira (16\/2), gerou debates acalorados entre os representantes dos grupos mistos, que iniciaram as discuss\u00f5es na noite anterior, ap\u00f3s a plen\u00e1ria que discutiu Movimento Docente e conjuntura.<\/p>\n<p><strong>Movimento docente e conjuntura<\/strong><br \/>\nNa plen\u00e1ria Movimento Docnete e Conjuntura, o cerne das discuss\u00f5es foi a necessidade do ANDES-SN ampliar seu trabalho de base e de se aproximar do movimento classista e combativo. Um total de 30 docentes, das mais diversas institui\u00e7\u00f5es de ensino superior, se inscreveram para participar das discuss\u00f5es acerca do atual momento pol\u00edtico. No in\u00edcio dos trabalhos, os tr\u00eas textos acerca do tema, previamente inscritos no Caderno do evento, foram defendidos por seus autores.<\/p>\n<p>O texto \u201cAn\u00e1lise da Conjuntura\u201d, de autoria da diretoria do Sindicato Nacional, foi apresentado pela presidente do ANDES-SN, Marina Barbosa Pinto. J\u00e1 o texto \u201cConjuntura\u201d, de autoria dos professores Cl\u00e1udia Durans, Welbson Madeira, Catarina Malcher, Rosenvercke Santos, Vilemar Gomes e Jonas Ribeiro, foi apresentado por Cl\u00e1udia Durans, sindicalizada da Se\u00e7\u00e3o Sindical da Universidade Federal do Maranh\u00e3o \u2013 Apruma Se\u00e7\u00e3o Sindical. Por fim, o Texto 46 \u201c Conjuntura, Movimento e Trabalho Docente\u201d, da delega\u00e7\u00e3o da Se\u00e7\u00e3o Sindical da Universidade Federal Fluminense \u2013 Aduff Se\u00e7\u00e3o Sindical foi apresentado pelo professor Juarez Torres Duayer.<\/p>\n<p><strong>N\u00fameros do Congresso:<\/strong><\/p>\n<p>Se\u00e7\u00f5es Sindicais: 61<\/p>\n<p>Delegados: 292<br \/>\nObservadores: 41<br \/>\nConvidados: 2<br \/>\nDiretores do ANDES-SN: 34<\/p>\n<p><strong>Total: 430<br \/>\n<\/strong><br \/>\n<em>Fonte: ANDES-SN<\/em><\/p>\n","protected":false},"excerpt":{"rendered":"<p>\u201cDefesa do ANDES-SN como instrumento dos docentes na constru\u00e7\u00e3o da universidade p\u00fablica e das condi\u00e7\u00f5es de trabalho, a partir da intensifica\u00e7\u00e3o do trabalho de base na categoria, fortalecendo e ampliando a unidade com o movimento classista e aut\u00f4nomo\u201d. Est\u00e1 ser\u00e1 a centralidade da luta do Movimento Docente para o pr\u00f3ximo per\u00edodo, conforme delibera\u00e7\u00e3o da assembleia&hellip;<\/p>\n","protected":false},"author":3,"featured_media":0,"comment_status":"open","ping_status":"open","sticky":false,"template":"","format":"standard","meta":{"footnotes":""},"categories":[15],"tags":[92,100],"class_list":["post-1488","post","type-post","status-publish","format-standard","hentry","category-noticias","tag-andes","tag-congresso","category-15","description-off"],"_links":{"self":[{"href":"https:\/\/www.adufpb.org.br\/site\/wp-json\/wp\/v2\/posts\/1488","targetHints":{"allow":["GET"]}}],"collection":[{"href":"https:\/\/www.adufpb.org.br\/site\/wp-json\/wp\/v2\/posts"}],"about":[{"href":"https:\/\/www.adufpb.org.br\/site\/wp-json\/wp\/v2\/types\/post"}],"author":[{"embeddable":true,"href":"https:\/\/www.adufpb.org.br\/site\/wp-json\/wp\/v2\/users\/3"}],"replies":[{"embeddable":true,"href":"https:\/\/www.adufpb.org.br\/site\/wp-json\/wp\/v2\/comments?post=1488"}],"version-history":[{"count":0,"href":"https:\/\/www.adufpb.org.br\/site\/wp-json\/wp\/v2\/posts\/1488\/revisions"}],"wp:attachment":[{"href":"https:\/\/www.adufpb.org.br\/site\/wp-json\/wp\/v2\/media?parent=1488"}],"wp:term":[{"taxonomy":"category","embeddable":true,"href":"https:\/\/www.adufpb.org.br\/site\/wp-json\/wp\/v2\/categories?post=1488"},{"taxonomy":"post_tag","embeddable":true,"href":"https:\/\/www.adufpb.org.br\/site\/wp-json\/wp\/v2\/tags?post=1488"}],"curies":[{"name":"wp","href":"https:\/\/api.w.org\/{rel}","templated":true}]}}