{"id":14877,"date":"2016-10-04T17:10:13","date_gmt":"2016-10-04T20:10:13","guid":{"rendered":"http:\/\/www.adufpb.org.br\/site\/?p=14877"},"modified":"2016-10-04T17:10:13","modified_gmt":"2016-10-04T20:10:13","slug":"adufpb-abre-inscricoes-para-o-sede-de-leitura-e-convida-professores-para-sarau-poetico","status":"publish","type":"post","link":"https:\/\/www.adufpb.org.br\/site\/adufpb-abre-inscricoes-para-o-sede-de-leitura-e-convida-professores-para-sarau-poetico\/","title":{"rendered":"ADUFPB abre inscri\u00e7\u00f5es para o Sede de Leitura e convida professores para Sarau Po\u00e9tico"},"content":{"rendered":"<p><i>Professores podem inscrever publica\u00e7\u00f5es at\u00e9 o dia 11\/10, na recep\u00e7\u00e3o do sindicato<\/i><\/p>\n<p>Est\u00e3o abertas as inscri\u00e7\u00f5es para a segunda edi\u00e7\u00e3o 2016 do projeto Sede de Leitura. O evento realiza a cada semestre o lan\u00e7amento de livros impressos e e-books, revistas impressas e digitais e outras publica\u00e7\u00f5es de autoria dos professores sindicalizados.<\/p>\n<p>Este ano, a segunda edi\u00e7\u00e3o do Sede de Leitura est\u00e1 programada para o dia 14 de outubro (sexta-feira), como parte das atividades culturais em comemora\u00e7\u00e3o ao Dia do Professor. Na mesma noite, ser\u00e1 realizado um sarau com leitura de poemas, performances art\u00edsticas, m\u00fasica e ser\u00e1 divulgada a premia\u00e7\u00e3o das tr\u00eas melhores imagens inscritas para o concurso cultural de fotografia da ADUFPB. O evento ser\u00e1 animado com m\u00fasica ao vivo e ser\u00e1 servido um coquetel.<\/p>\n<p><strong>Inscri\u00e7\u00f5es de livros<\/strong><\/p>\n<p>Para inscrever os livros, os professores sindicalizados devem comparecer \u00e0 sede da ADUFPB, no Centro de Viv\u00eancia do campus I, preencher a ficha dispon\u00edvel na recep\u00e7\u00e3o e deixar um exemplar da publica\u00e7\u00e3o a ser lan\u00e7ada. O prazo para apresenta\u00e7\u00e3o de livros vai at\u00e9 11 de outubro.<\/p>\n<p>O Sede de Leitura acontecer\u00e1 na sede sociocultural da ADUFPB, localizada na rua Gilvan Muribeca, 88, bairro do Cabo Branco, a partir das 20h.<\/p>\n<p><strong>Sarau po\u00e9tico<\/strong><\/p>\n<p>Tamb\u00e9m no dia 14 de outubro, no mesmo local ser\u00e1 realizado um sarau po\u00e9tico aberto para toda a comunidade docente em comemora\u00e7\u00e3o ao Dia do Professor. Durante o evento, os professores poder\u00e3o recitar poesias pr\u00f3prias ou de outros autores e tamb\u00e9m apresentar seus livros.<\/p>\n<p>Uma sele\u00e7\u00e3o de publica\u00e7\u00f5es ficar\u00e1 dispon\u00edvel aos convidados para declama\u00e7\u00e3o. Nomes da \u00e1rea art\u00edstica est\u00e3o sendo convidados para participar do evento e j\u00e1 confirmaram participa\u00e7\u00e3o o m\u00fasico J\u00fanior Limeira, que vai tocar e declamar poemas populares; a professora Gloria Obermark, que ir\u00e1 cantar, e o poeta Carlos Jales.<\/p>\n<p><em>Fonte: Ascom ADUFPB<\/em><\/p>\n","protected":false},"excerpt":{"rendered":"<p>Professores podem inscrever publica\u00e7\u00f5es at\u00e9 o dia 11\/10, na recep\u00e7\u00e3o do sindicato Est\u00e3o abertas as inscri\u00e7\u00f5es para a segunda edi\u00e7\u00e3o 2016 do projeto Sede de Leitura. O evento realiza a cada semestre o lan\u00e7amento de livros impressos e e-books, revistas impressas e digitais e outras publica\u00e7\u00f5es de autoria dos professores sindicalizados. Este ano, a segunda&hellip;<\/p>\n","protected":false},"author":3,"featured_media":14878,"comment_status":"closed","ping_status":"closed","sticky":false,"template":"","format":"standard","meta":{"footnotes":""},"categories":[417],"tags":[889,66,538,35],"class_list":["post-14877","post","type-post","status-publish","format-standard","has-post-thumbnail","hentry","category-noticias-destaque","tag-15-de-outubro","tag-dia-do-professor","tag-sarau-poetico","tag-sede-de-leitura","category-417","description-off"],"_links":{"self":[{"href":"https:\/\/www.adufpb.org.br\/site\/wp-json\/wp\/v2\/posts\/14877","targetHints":{"allow":["GET"]}}],"collection":[{"href":"https:\/\/www.adufpb.org.br\/site\/wp-json\/wp\/v2\/posts"}],"about":[{"href":"https:\/\/www.adufpb.org.br\/site\/wp-json\/wp\/v2\/types\/post"}],"author":[{"embeddable":true,"href":"https:\/\/www.adufpb.org.br\/site\/wp-json\/wp\/v2\/users\/3"}],"replies":[{"embeddable":true,"href":"https:\/\/www.adufpb.org.br\/site\/wp-json\/wp\/v2\/comments?post=14877"}],"version-history":[{"count":2,"href":"https:\/\/www.adufpb.org.br\/site\/wp-json\/wp\/v2\/posts\/14877\/revisions"}],"predecessor-version":[{"id":14880,"href":"https:\/\/www.adufpb.org.br\/site\/wp-json\/wp\/v2\/posts\/14877\/revisions\/14880"}],"wp:featuredmedia":[{"embeddable":true,"href":"https:\/\/www.adufpb.org.br\/site\/wp-json\/wp\/v2\/media\/14878"}],"wp:attachment":[{"href":"https:\/\/www.adufpb.org.br\/site\/wp-json\/wp\/v2\/media?parent=14877"}],"wp:term":[{"taxonomy":"category","embeddable":true,"href":"https:\/\/www.adufpb.org.br\/site\/wp-json\/wp\/v2\/categories?post=14877"},{"taxonomy":"post_tag","embeddable":true,"href":"https:\/\/www.adufpb.org.br\/site\/wp-json\/wp\/v2\/tags?post=14877"}],"curies":[{"name":"wp","href":"https:\/\/api.w.org\/{rel}","templated":true}]}}