{"id":14873,"date":"2016-10-04T10:38:43","date_gmt":"2016-10-04T13:38:43","guid":{"rendered":"http:\/\/www.adufpb.org.br\/site\/?p=14873"},"modified":"2016-10-04T10:40:05","modified_gmt":"2016-10-04T13:40:05","slug":"professores-ainda-podem-participar-de-passeio-turistico-ao-pico-do-jabre","status":"publish","type":"post","link":"https:\/\/www.adufpb.org.br\/site\/professores-ainda-podem-participar-de-passeio-turistico-ao-pico-do-jabre\/","title":{"rendered":"Professores ainda podem participar de passeio tur\u00edstico ao Pico do Jabre"},"content":{"rendered":"<p>Ser\u00e1 realizado neste fim de semana mais um passeio da Criativa Turismo em parceria com a ADUFPB.\u00a0Desta vez, os professores ter\u00e3o a oportunidade de visitar o Pico do Jabre, o ponto mais alto do Estado da Para\u00edba, localizado no munic\u00edpio de Matureia.\u00a0O passeio acontecer\u00e1 nos dias 8 e 9 de outubro (s\u00e1bado e domingo), com sa\u00edda prevista para as 5h30. Antes de chegar em Matureia, o grupo far\u00e1 paradas para o caf\u00e9 da manh\u00e3 e para visita ao Museu Ariano Suassuna.<\/p>\n<p>A chegada ao local da hospedagem (o Casar\u00e3o do Jabre) est\u00e1 prevista para o meio-dia. Logo em seguida ser\u00e1 servido o almo\u00e7o (j\u00e1 inclu\u00eddo no pre\u00e7o do passeio) e, \u00e0 tarde, os visitantes conhecer\u00e3o a Pedra do Caboclo. Depois, seguir\u00e3o para o Pico do Jabre, onde v\u00e3o assistir ao p\u00f4r do sol. A trilha poder\u00e1 ser feita a p\u00e9 (dificuldade m\u00e9dia) ou de carro disponibilizado pela organiza\u00e7\u00e3o, com guias locais.<\/p>\n<p>\u00c0 noite ser\u00e1 servido um jantar (j\u00e1 inclu\u00eddo no pre\u00e7o) no Casar\u00e3o do Jabre e haver\u00e1 uma apresenta\u00e7\u00e3o musical de voz e viol\u00e3o com artitas locais.<\/p>\n<p>No segundo dia do passeio, ap\u00f3s o caf\u00e9 da manh\u00e3 haver\u00e1 a sa\u00edda do Casar\u00e3o do Jabre para regresso a Jo\u00e3o Pessoa, com parada no munic\u00edpio de Teixeira para visita \u00e0 Pedra do Tend\u00f3 e, em seguida, \u00e0 Fazenda Carna\u00faba.<\/p>\n<p>Foi l\u00e1 que o propriet\u00e1rio Manuel Dantas Vilar Filho, mais conhecido como Manelito Dantas, em sociedade com o seu primo-irm\u00e3o, o saudoso escritor e dramaturgo Ariano Suassuna, aprenderam a lidar com tudo que envolve solo e vegeta\u00e7\u00e3o para sobreviv\u00eancia ao logo da seca. Iniciaram uma cria\u00e7\u00e3o de cabras e desenvolveram atrav\u00e9s de estudos t\u00e9cnicas o cultivo de plantas nativas e de animais adeptos a regi\u00e3o, resultando hoje na cria\u00e7\u00e3o das ra\u00e7as Guzer\u00e1 e Sindi.<\/p>\n<p>\u00c9 uma fazenda de refer\u00eancia nacional em gen\u00e9tica caprina, ovina e bovina onde os visitantes ter\u00e3o a oportunidade de ver a produ\u00e7\u00e3o do queijo de cabra local.<\/p>\n<p>\u00c0s 13h, haver\u00e1 uma parada para almo\u00e7o (n\u00e3o inclu\u00eddo no pre\u00e7o do passeio) e, em seguida, o regresso para Jo\u00e3o Pessoa, com duas paradas no caminho e chegada prevista para as 20h.<\/p>\n<p>Os interessados pagar\u00e3o uma taxa de R$ 270 (para apartamento triplo, qu\u00e1druplo ou em albergue com beliche) ou de R$ 290 (para apartamento duplo), j\u00e1 com o desconto previsto para os filiados \u00e0 ADUFPB. Mais informa\u00e7\u00f5es pelos telefones (83) 98826-9730 e 99612-1313.<\/p>\n<p><a href=\"http:\/\/www.adufpb.org.br\/site\/wp-content\/uploads\/2016\/09\/PANFLETO-JABRE-FRENTE.jpg\"><img loading=\"lazy\" decoding=\"async\" alt=\"panfleto-jabre-frente\" src=\"http:\/\/www.adufpb.org.br\/site\/wp-content\/uploads\/2016\/09\/PANFLETO-JABRE-FRENTE-721x1024.jpg\" width=\"721\" height=\"1024\" \/><\/a><\/p>\n<p>&nbsp;<\/p>\n<p><a href=\"http:\/\/www.adufpb.org.br\/site\/wp-content\/uploads\/2016\/09\/PANFLETO-JABRE-VERSO.jpg\"><img loading=\"lazy\" decoding=\"async\" alt=\"panfleto-jabre-verso\" src=\"http:\/\/www.adufpb.org.br\/site\/wp-content\/uploads\/2016\/09\/PANFLETO-JABRE-VERSO-721x1024.jpg\" width=\"721\" height=\"1024\" \/><\/a><\/p>\n","protected":false},"excerpt":{"rendered":"<p>Ser\u00e1 realizado neste fim de semana mais um passeio da Criativa Turismo em parceria com a ADUFPB.\u00a0Desta vez, os professores ter\u00e3o a oportunidade de visitar o Pico do Jabre, o ponto mais alto do Estado da Para\u00edba, localizado no munic\u00edpio de Matureia.\u00a0O passeio acontecer\u00e1 nos dias 8 e 9 de outubro (s\u00e1bado e domingo), com&hellip;<\/p>\n","protected":false},"author":3,"featured_media":0,"comment_status":"closed","ping_status":"closed","sticky":false,"template":"","format":"standard","meta":{"footnotes":""},"categories":[15],"tags":[885,203],"class_list":["post-14873","post","type-post","status-publish","format-standard","hentry","category-noticias","tag-criativa-turismo","tag-parcerias","category-15","description-off"],"_links":{"self":[{"href":"https:\/\/www.adufpb.org.br\/site\/wp-json\/wp\/v2\/posts\/14873","targetHints":{"allow":["GET"]}}],"collection":[{"href":"https:\/\/www.adufpb.org.br\/site\/wp-json\/wp\/v2\/posts"}],"about":[{"href":"https:\/\/www.adufpb.org.br\/site\/wp-json\/wp\/v2\/types\/post"}],"author":[{"embeddable":true,"href":"https:\/\/www.adufpb.org.br\/site\/wp-json\/wp\/v2\/users\/3"}],"replies":[{"embeddable":true,"href":"https:\/\/www.adufpb.org.br\/site\/wp-json\/wp\/v2\/comments?post=14873"}],"version-history":[{"count":3,"href":"https:\/\/www.adufpb.org.br\/site\/wp-json\/wp\/v2\/posts\/14873\/revisions"}],"predecessor-version":[{"id":14876,"href":"https:\/\/www.adufpb.org.br\/site\/wp-json\/wp\/v2\/posts\/14873\/revisions\/14876"}],"wp:attachment":[{"href":"https:\/\/www.adufpb.org.br\/site\/wp-json\/wp\/v2\/media?parent=14873"}],"wp:term":[{"taxonomy":"category","embeddable":true,"href":"https:\/\/www.adufpb.org.br\/site\/wp-json\/wp\/v2\/categories?post=14873"},{"taxonomy":"post_tag","embeddable":true,"href":"https:\/\/www.adufpb.org.br\/site\/wp-json\/wp\/v2\/tags?post=14873"}],"curies":[{"name":"wp","href":"https:\/\/api.w.org\/{rel}","templated":true}]}}