{"id":14853,"date":"2016-09-27T21:37:20","date_gmt":"2016-09-28T00:37:20","guid":{"rendered":"http:\/\/www.adufpb.org.br\/site\/?p=14853"},"modified":"2016-09-27T21:39:55","modified_gmt":"2016-09-28T00:39:55","slug":"cordel-realiza-debate-sobre-politica-de-seguranca-na-ufpb","status":"publish","type":"post","link":"https:\/\/www.adufpb.org.br\/site\/cordel-realiza-debate-sobre-politica-de-seguranca-na-ufpb\/","title":{"rendered":"Cordel realiza debate sobre pol\u00edtica de seguran\u00e7a na UFPB"},"content":{"rendered":"<p>O Coletivo Representativo dos Docentes em Luta da UFPB (Cordel) realiza nesta quarta-feira (28\/9) um debate sobre a pol\u00edtica de seguran\u00e7a na universidade, cujo projeto est\u00e1 sendo elaborado por uma comiss\u00e3o especial convocada\u00a0pela reitoria. A atividade acontecer\u00e1 no audit\u00f3rio 211 do CCSA, a partir das 19h.<\/p>\n<p>O debate \u00e9 um evento preparat\u00f3rio para a audi\u00eancia p\u00fablica que ir\u00e1 consultar a comunidade universit\u00e1ria sobre os problemas relativos \u00e0 seguran\u00e7a e contar\u00e1 com a participa\u00e7\u00e3o de Daniel Curvo (Frente Nacional Drogas e Direitos Humanos), Sargento Pereira (Pol\u00edcia Militar da Para\u00edba), Margarete Almeida (Projeto Um Grito por Elas) e Tatyane Oliveira (Centro de Refer\u00eancia em Direitos Humanos da UFPB).<\/p>\n<p><a href=\"http:\/\/www.adufpb.org.br\/site\/wp-content\/uploads\/2016\/09\/Anexo-sem-t\u00edtulo-00010.png\"><img loading=\"lazy\" decoding=\"async\" class=\"aligncenter size-full wp-image-14854\" alt=\"anexo-sem-titulo-00010\" src=\"http:\/\/www.adufpb.org.br\/site\/wp-content\/uploads\/2016\/09\/Anexo-sem-t\u00edtulo-00010.png\" width=\"784\" height=\"482\" srcset=\"https:\/\/www.adufpb.org.br\/site\/wp-content\/uploads\/2016\/09\/Anexo-sem-t\u00edtulo-00010.png 784w, https:\/\/www.adufpb.org.br\/site\/wp-content\/uploads\/2016\/09\/Anexo-sem-t\u00edtulo-00010-300x184.png 300w\" sizes=\"auto, (max-width: 784px) 100vw, 784px\" \/><\/a><\/p>\n","protected":false},"excerpt":{"rendered":"<p>O Coletivo Representativo dos Docentes em Luta da UFPB (Cordel) realiza nesta quarta-feira (28\/9) um debate sobre a pol\u00edtica de seguran\u00e7a na universidade, cujo projeto est\u00e1 sendo elaborado por uma comiss\u00e3o especial convocada\u00a0pela reitoria. A atividade acontecer\u00e1 no audit\u00f3rio 211 do CCSA, a partir das 19h. O debate \u00e9 um evento preparat\u00f3rio para a audi\u00eancia&hellip;<\/p>\n","protected":false},"author":3,"featured_media":0,"comment_status":"closed","ping_status":"closed","sticky":false,"template":"","format":"standard","meta":{"footnotes":""},"categories":[15],"tags":[],"class_list":["post-14853","post","type-post","status-publish","format-standard","hentry","category-noticias","category-15","description-off"],"_links":{"self":[{"href":"https:\/\/www.adufpb.org.br\/site\/wp-json\/wp\/v2\/posts\/14853","targetHints":{"allow":["GET"]}}],"collection":[{"href":"https:\/\/www.adufpb.org.br\/site\/wp-json\/wp\/v2\/posts"}],"about":[{"href":"https:\/\/www.adufpb.org.br\/site\/wp-json\/wp\/v2\/types\/post"}],"author":[{"embeddable":true,"href":"https:\/\/www.adufpb.org.br\/site\/wp-json\/wp\/v2\/users\/3"}],"replies":[{"embeddable":true,"href":"https:\/\/www.adufpb.org.br\/site\/wp-json\/wp\/v2\/comments?post=14853"}],"version-history":[{"count":2,"href":"https:\/\/www.adufpb.org.br\/site\/wp-json\/wp\/v2\/posts\/14853\/revisions"}],"predecessor-version":[{"id":14856,"href":"https:\/\/www.adufpb.org.br\/site\/wp-json\/wp\/v2\/posts\/14853\/revisions\/14856"}],"wp:attachment":[{"href":"https:\/\/www.adufpb.org.br\/site\/wp-json\/wp\/v2\/media?parent=14853"}],"wp:term":[{"taxonomy":"category","embeddable":true,"href":"https:\/\/www.adufpb.org.br\/site\/wp-json\/wp\/v2\/categories?post=14853"},{"taxonomy":"post_tag","embeddable":true,"href":"https:\/\/www.adufpb.org.br\/site\/wp-json\/wp\/v2\/tags?post=14853"}],"curies":[{"name":"wp","href":"https:\/\/api.w.org\/{rel}","templated":true}]}}