{"id":14797,"date":"2016-09-15T16:51:39","date_gmt":"2016-09-15T19:51:39","guid":{"rendered":"http:\/\/www.adufpb.org.br\/site\/?p=14797"},"modified":"2016-09-16T10:56:36","modified_gmt":"2016-09-16T13:56:36","slug":"professores-fazem-assembleia-nos-dias-20-e-21-de-setembro","status":"publish","type":"post","link":"https:\/\/www.adufpb.org.br\/site\/professores-fazem-assembleia-nos-dias-20-e-21-de-setembro\/","title":{"rendered":"Professores fazem assembleia nos dias 20 e 21 de setembro"},"content":{"rendered":"<p>Os ataques aos direitos dos trabalhadores e as propostas de greve geral e de paralisa\u00e7\u00e3o no dia 22 de setembro ser\u00e3o os principais assuntos da rodada de assembleias que a ADUFPB realiza na pr\u00f3xima semana.<\/p>\n<p>Na ter\u00e7a-feira (20\/9), as discuss\u00f5es ser\u00e3o realizadas nos campi de Bananeiras (manh\u00e3) e Areia (\u00e0 tarde), nas respectivas secretarias adjuntas da ADUFPB.<\/p>\n<p>J\u00e1 na quarta-feira (21\/9), haver\u00e1 assembleia em Jo\u00e3o Pessoa (9h30, no audit\u00f3rio do CE) e no campus Litoral Norte (16h, na unidade de Mamanguape).<\/p>\n<p><span style=\"text-decoration: underline;\"><strong>AGENDE-SE<\/strong><\/span><br \/>\n<strong>Assembleia Geral<\/strong><\/p>\n<p><strong>20\/9 &#8211; ter\u00e7a-feira<\/strong><br \/>\n&#8211; Manh\u00e3 &#8211; Secretaria adjunta de Bananeiras<br \/>\n&#8211; Tarde &#8211; Secretaria adjunta de Areia<\/p>\n<p><strong>21\/9 &#8211; quarta-feira<\/strong><br \/>\n&#8211; 9h30 &#8211; audit\u00f3rio do Centro de Educa\u00e7\u00e3o (CE)<br \/>\n&#8211; 16h &#8211; Secretaria adjunta do Litoral Norte em Mamanguape<\/p>\n<p><strong>Pauta:<\/strong><br \/>\n1) Informes;<br \/>\n2) Ataque aos direitos e greve geral;<br \/>\n3) Paralisa\u00e7\u00e3o do dia 22\/09\/16 e outros encaminhamentos.<\/p>\n<p><em>Fonte: Ascom ADUFPB<\/em><\/p>\n","protected":false},"excerpt":{"rendered":"<p>Os ataques aos direitos dos trabalhadores e as propostas de greve geral e de paralisa\u00e7\u00e3o no dia 22 de setembro ser\u00e3o os principais assuntos da rodada de assembleias que a ADUFPB realiza na pr\u00f3xima semana. Na ter\u00e7a-feira (20\/9), as discuss\u00f5es ser\u00e3o realizadas nos campi de Bananeiras (manh\u00e3) e Areia (\u00e0 tarde), nas respectivas secretarias adjuntas&hellip;<\/p>\n","protected":false},"author":3,"featured_media":14801,"comment_status":"closed","ping_status":"closed","sticky":false,"template":"","format":"standard","meta":{"footnotes":""},"categories":[417],"tags":[95,819,223],"class_list":["post-14797","post","type-post","status-publish","format-standard","has-post-thumbnail","hentry","category-noticias-destaque","tag-assembleias","tag-greve-geral","tag-paralisacao","category-417","description-off"],"_links":{"self":[{"href":"https:\/\/www.adufpb.org.br\/site\/wp-json\/wp\/v2\/posts\/14797","targetHints":{"allow":["GET"]}}],"collection":[{"href":"https:\/\/www.adufpb.org.br\/site\/wp-json\/wp\/v2\/posts"}],"about":[{"href":"https:\/\/www.adufpb.org.br\/site\/wp-json\/wp\/v2\/types\/post"}],"author":[{"embeddable":true,"href":"https:\/\/www.adufpb.org.br\/site\/wp-json\/wp\/v2\/users\/3"}],"replies":[{"embeddable":true,"href":"https:\/\/www.adufpb.org.br\/site\/wp-json\/wp\/v2\/comments?post=14797"}],"version-history":[{"count":2,"href":"https:\/\/www.adufpb.org.br\/site\/wp-json\/wp\/v2\/posts\/14797\/revisions"}],"predecessor-version":[{"id":14800,"href":"https:\/\/www.adufpb.org.br\/site\/wp-json\/wp\/v2\/posts\/14797\/revisions\/14800"}],"wp:featuredmedia":[{"embeddable":true,"href":"https:\/\/www.adufpb.org.br\/site\/wp-json\/wp\/v2\/media\/14801"}],"wp:attachment":[{"href":"https:\/\/www.adufpb.org.br\/site\/wp-json\/wp\/v2\/media?parent=14797"}],"wp:term":[{"taxonomy":"category","embeddable":true,"href":"https:\/\/www.adufpb.org.br\/site\/wp-json\/wp\/v2\/categories?post=14797"},{"taxonomy":"post_tag","embeddable":true,"href":"https:\/\/www.adufpb.org.br\/site\/wp-json\/wp\/v2\/tags?post=14797"}],"curies":[{"name":"wp","href":"https:\/\/api.w.org\/{rel}","templated":true}]}}