{"id":14760,"date":"2016-09-12T11:50:13","date_gmt":"2016-09-12T14:50:13","guid":{"rendered":"http:\/\/www.adufpb.org.br\/site\/?p=14760"},"modified":"2016-09-12T11:50:13","modified_gmt":"2016-09-12T14:50:13","slug":"manifestantes-em-todo-o-brasil-vao-as-ruas-no-grito-dos-excluidos","status":"publish","type":"post","link":"https:\/\/www.adufpb.org.br\/site\/manifestantes-em-todo-o-brasil-vao-as-ruas-no-grito-dos-excluidos\/","title":{"rendered":"Manifestantes em todo o Brasil v\u00e3o \u00e0s ruas no Grito dos Exclu\u00eddos"},"content":{"rendered":"<p><i>Em Jo\u00e3o Pessoa, a ADUFPB participou da manifesta\u00e7\u00e3o,que percorreu as avenidas Epit\u00e1cio Pessoa e Beira Rio<\/i><\/p>\n<p>O dia 7 de setembro foi marcado em todo o pa\u00eds pela 22\u00aa edi\u00e7\u00e3o do Grito dos Exclu\u00eddos, que este ano trouxe o tema &#8220;Vida em primeiro lugar &#8211; este sistema \u00e9 insuport\u00e1vel: exclui, degrada, mata!&#8221;. As ruas de diversas capitais como Bras\u00edlia, S\u00e3o Paulo e Rio de Janeiro receberam milhares de manifestantes. Nesse ano, o tradicional ato incorporou tamb\u00e9m protestos contra o governo Temer, contra os ataques de governos estaduais e municipais e a luta em defesa da educa\u00e7\u00e3o e da sa\u00fade p\u00fablicas.<\/p>\n<p>Se\u00e7\u00f5es Sindicais do ANDES-SN de diversos estados participaram das atividades, que aconteceram em cidades como Rio de Janeiro (RJ), Recife (PE), Cuiab\u00e1 (MT), Rio Branco (AC), Petrolina (BA), Uberl\u00e2ndia (MG), Feira de Santa (BA), Chapec\u00f3 (SC), Ponta Grossa (PR), ente outras.<\/p>\n<p>Em Jo\u00e3o Pessoa, a ADUFPB teve forte participa\u00e7\u00e3o nas atividades do Grito dos Exclu\u00eddos. A concentra\u00e7\u00e3o aconteceu na Pra\u00e7a da Independ\u00eancia e de l\u00e1 os manifestantes sa\u00edram em dire\u00e7\u00e3o \u00e0 Avenida Duarte da Silveira, onde ocorria o desfile de 7 de Setembro. No in\u00edcio, fizeram uma caminhada paralela, no sentido contr\u00e1rio da avenida, e, depois, se juntaram ao desfile oficial. A manifesta\u00e7\u00e3o come\u00e7ou \u00e0s 9h e foi encerrada por volta das 12h.\u00a0Segundo o diretor de Pol\u00edticas Sindicais do Sindicato dos Professores da UFPB (AdufPB), Fernando Cunha, cerca de 2,5 mil pessoas participaram do protesto.<\/p>\n\n\t\t\t<style type='text\/css'>\n\t\t\t\t#gallery-1 {\n\t\t\t\t\tmargin: auto;\n\t\t\t\t}\n\t\t\t\t#gallery-1 .gallery-item {\n\t\t\t\t\tfloat: left;\n\t\t\t\t\tmargin-top: 10px;\n\t\t\t\t\ttext-align: center;\n\t\t\t\t\twidth: 33%;\n\t\t\t\t}\n\t\t\t\t#gallery-1 img {\n\t\t\t\t\tborder: 2px solid #cfcfcf;\n\t\t\t\t}\n\t\t\t\t#gallery-1 .gallery-caption {\n\t\t\t\t\tmargin-left: 0;\n\t\t\t\t}\n\t\t\t\t\/* see gallery_shortcode() in wp-includes\/media.php *\/\n\t\t\t<\/style>\n\t\t<div id='gallery-1' class='dt-gallery-container gallery galleryid-14760 gallery-columns-3 gallery-size-thumbnail'><dl class='gallery-item'>\n\t\t\t\t<dt class='gallery-icon landscape'>\n\t\t\t\t\t<a class=\"rollover\" href='https:\/\/www.adufpb.org.br\/site\/manifestantes-em-todo-o-brasil-vao-as-ruas-no-grito-dos-excluidos\/2016-09-07-grito-dos-excluidos\/'><img loading=\"lazy\" decoding=\"async\" width=\"150\" height=\"150\" src=\"https:\/\/www.adufpb.org.br\/site\/wp-content\/uploads\/2016\/09\/2016.09.07-grito-dos-exclu\u00eddos-150x150.jpg\" class=\"attachment-thumbnail size-thumbnail\" alt=\"\" \/><\/a>\n\t\t\t\t<\/dt><\/dl><dl class='gallery-item'>\n\t\t\t\t<dt class='gallery-icon landscape'>\n\t\t\t\t\t<a class=\"rollover\" href='https:\/\/www.adufpb.org.br\/site\/manifestantes-em-todo-o-brasil-vao-as-ruas-no-grito-dos-excluidos\/2016-09-07-grito-dos-excluidos-7\/'><img loading=\"lazy\" decoding=\"async\" width=\"150\" height=\"150\" src=\"https:\/\/www.adufpb.org.br\/site\/wp-content\/uploads\/2016\/09\/2016.09.07-grito-dos-exclu\u00eddos-7-150x150.jpg\" class=\"attachment-thumbnail size-thumbnail\" alt=\"\" \/><\/a>\n\t\t\t\t<\/dt><\/dl><dl class='gallery-item'>\n\t\t\t\t<dt class='gallery-icon landscape'>\n\t\t\t\t\t<a class=\"rollover\" href='https:\/\/www.adufpb.org.br\/site\/manifestantes-em-todo-o-brasil-vao-as-ruas-no-grito-dos-excluidos\/2016-09-07-grito-dos-excluidos-6\/'><img loading=\"lazy\" decoding=\"async\" width=\"150\" height=\"150\" src=\"https:\/\/www.adufpb.org.br\/site\/wp-content\/uploads\/2016\/09\/2016.09.07-grito-dos-exclu\u00eddos-6-150x150.jpg\" class=\"attachment-thumbnail size-thumbnail\" alt=\"\" \/><\/a>\n\t\t\t\t<\/dt><\/dl><br style=\"clear: both\" \/><dl class='gallery-item'>\n\t\t\t\t<dt class='gallery-icon landscape'>\n\t\t\t\t\t<a class=\"rollover\" href='https:\/\/www.adufpb.org.br\/site\/manifestantes-em-todo-o-brasil-vao-as-ruas-no-grito-dos-excluidos\/2016-09-07-grito-dos-excluidos-5\/'><img loading=\"lazy\" decoding=\"async\" width=\"150\" height=\"150\" src=\"https:\/\/www.adufpb.org.br\/site\/wp-content\/uploads\/2016\/09\/2016.09.07-grito-dos-exclu\u00eddos-5-150x150.jpg\" class=\"attachment-thumbnail size-thumbnail\" alt=\"\" \/><\/a>\n\t\t\t\t<\/dt><\/dl><dl class='gallery-item'>\n\t\t\t\t<dt class='gallery-icon landscape'>\n\t\t\t\t\t<a class=\"rollover\" href='https:\/\/www.adufpb.org.br\/site\/manifestantes-em-todo-o-brasil-vao-as-ruas-no-grito-dos-excluidos\/2016-09-07-grito-dos-excluidos-3\/'><img loading=\"lazy\" decoding=\"async\" width=\"150\" height=\"150\" src=\"https:\/\/www.adufpb.org.br\/site\/wp-content\/uploads\/2016\/09\/2016.09.07-grito-dos-exclu\u00eddos-3-150x150.jpg\" class=\"attachment-thumbnail size-thumbnail\" alt=\"\" \/><\/a>\n\t\t\t\t<\/dt><\/dl><dl class='gallery-item'>\n\t\t\t\t<dt class='gallery-icon landscape'>\n\t\t\t\t\t<a class=\"rollover\" href='https:\/\/www.adufpb.org.br\/site\/manifestantes-em-todo-o-brasil-vao-as-ruas-no-grito-dos-excluidos\/2016-09-07-grito-dos-excluidos-2\/'><img loading=\"lazy\" decoding=\"async\" width=\"150\" height=\"150\" src=\"https:\/\/www.adufpb.org.br\/site\/wp-content\/uploads\/2016\/09\/2016.09.07-grito-dos-exclu\u00eddos-2-150x150.jpg\" class=\"attachment-thumbnail size-thumbnail\" alt=\"\" \/><\/a>\n\t\t\t\t<\/dt><\/dl><br style=\"clear: both\" \/>\n\t\t\t<\/div>\n\n<p>No Rio de Janeiro, docentes das universidades federais e estaduais do Rio de Janeiro integraram a Coluna da Educa\u00e7\u00e3o Superior, que esteve presente no Grito dos Exclu\u00eddos. A manifesta\u00e7\u00e3o aconteceu no centro da cidade no mesmo dia em que ocorreu a abertura dos Jogos Paraol\u00edmpicos na capital fluminense.<\/p>\n<p>Na Bahia, as se\u00e7\u00f5es sindicais da Universidade Estadual de Santa Cruz (Adusc SSind) e de Feira de Santana (Adufs-BA SSind) integraram os blocos da Educa\u00e7\u00e3o, em Itabuna e Feira de Santana, respectivamente. Os docentes criticaram tamb\u00e9m o governo do estado e cobraram mais recursos para a educa\u00e7\u00e3o p\u00fablica. Em Petrolina (PE), os professores da Universidade Federal do Vale do S\u00e3o Francisco tamb\u00e9m foram \u00e0s ruas contra a retirada de direitos.<\/p>\n<p>Em Pernambuco, os docentes da Universidade Federal Rural de Pernambuco participaram da manifesta\u00e7\u00e3o, que reuniu cerca de 20 mil pessoas nas ruas de Recife, de acordo com os organizadores. Os docentes da Universidade Federal do Acre (Ufac) tamb\u00e9m marcaram presen\u00e7a na manifesta\u00e7\u00e3o que ocorreu na capital Rio Branco.<\/p>\n<p>Em Cuiab\u00e1, os professores da Universidade Federal do Mato Grosso (UFMT) foram \u00e0s ruas dialogar com a popula\u00e7\u00e3o que participava das comemora\u00e7\u00f5es do Dia da Independ\u00eancia do Brasil e aproveitaram para divulgar a jornada de lutas que acontece em todo o pa\u00eds na pr\u00f3xima semana.<\/p>\n<p>Em Chapec\u00f3 (SC), representantes da Se\u00e7\u00e3o Sindical da Universidade Federal da Fronteira Sul (Sinduffs \u2013 SSind) participaram do ato que denunciou a retirada de direitos dos trabalhadores promovida pelo governo federal.\u00a0 No Paran\u00e1, os docentes tamb\u00e9m foram \u00e0s ruas em Ponta Grossa e Paranagu\u00e1.<\/p>\n<p><strong>Jornada de Lutas<\/strong><\/p>\n<p><strong><\/strong>Na pr\u00f3xima semana, docentes de todo o pa\u00eds participar\u00e3o da Jornada de Lutas chamada pelas entidades que comp\u00f5em o F\u00f3rum das Entidades Nacionais dos Servidores P\u00fablicos Federais, em Bras\u00edlia (DF), que agregar\u00e1 tamb\u00e9m servidores p\u00fablicos de estados e munic\u00edpios, al\u00e9m de outras categorias do setor privado, al\u00e9m de representantes de diversos movimentos sociais e populares.<\/p>\n<p>Na pauta, a luta contra o PLP 257\/2016, contra a PEC 241\/2016 e contra as reformas previdenci\u00e1ria e trabalhista, que devem ser encaminhadas ao Congresso Nacional nas pr\u00f3ximas semanas pelo governo federal.<\/p>\n<p>A Jornada tem in\u00edcio dia 12, com caravana \u00e0 capital federal. Na ter\u00e7a-feira (13), ocorrer\u00e1 uma grande marcha na Esplanada dos Minist\u00e9rios e na quarta (14), reuni\u00e3o ampliada dos servidores. O dia 15 ser\u00e1 marcado por paralisa\u00e7\u00e3o e atos nos estados.<\/p>\n<p><em>*Com informa\u00e7\u00f5es e imagens das Se\u00e7\u00f5es Sindicais. Imagem do Rio (1) Revista Megafone e de Recife (4) Ag\u00eancia Brasil\/EBC<\/em><\/p>\n<p>&nbsp;<\/p>\n<div align=\"right\"><strong>Fonte:\u00a0<\/strong>ANDES-SN<\/div>\n<p>&nbsp;<\/p>\n","protected":false},"excerpt":{"rendered":"<p>Em Jo\u00e3o Pessoa, a ADUFPB participou da manifesta\u00e7\u00e3o,que percorreu as avenidas Epit\u00e1cio Pessoa e Beira Rio O dia 7 de setembro foi marcado em todo o pa\u00eds pela 22\u00aa edi\u00e7\u00e3o do Grito dos Exclu\u00eddos, que este ano trouxe o tema &#8220;Vida em primeiro lugar &#8211; este sistema \u00e9 insuport\u00e1vel: exclui, degrada, mata!&#8221;. As ruas de&hellip;<\/p>\n","protected":false},"author":3,"featured_media":0,"comment_status":"closed","ping_status":"closed","sticky":false,"template":"","format":"standard","meta":{"footnotes":""},"categories":[15],"tags":[379],"class_list":["post-14760","post","type-post","status-publish","format-standard","hentry","category-noticias","tag-grito-dos-excluidos","category-15","description-off"],"_links":{"self":[{"href":"https:\/\/www.adufpb.org.br\/site\/wp-json\/wp\/v2\/posts\/14760","targetHints":{"allow":["GET"]}}],"collection":[{"href":"https:\/\/www.adufpb.org.br\/site\/wp-json\/wp\/v2\/posts"}],"about":[{"href":"https:\/\/www.adufpb.org.br\/site\/wp-json\/wp\/v2\/types\/post"}],"author":[{"embeddable":true,"href":"https:\/\/www.adufpb.org.br\/site\/wp-json\/wp\/v2\/users\/3"}],"replies":[{"embeddable":true,"href":"https:\/\/www.adufpb.org.br\/site\/wp-json\/wp\/v2\/comments?post=14760"}],"version-history":[{"count":1,"href":"https:\/\/www.adufpb.org.br\/site\/wp-json\/wp\/v2\/posts\/14760\/revisions"}],"predecessor-version":[{"id":14767,"href":"https:\/\/www.adufpb.org.br\/site\/wp-json\/wp\/v2\/posts\/14760\/revisions\/14767"}],"wp:attachment":[{"href":"https:\/\/www.adufpb.org.br\/site\/wp-json\/wp\/v2\/media?parent=14760"}],"wp:term":[{"taxonomy":"category","embeddable":true,"href":"https:\/\/www.adufpb.org.br\/site\/wp-json\/wp\/v2\/categories?post=14760"},{"taxonomy":"post_tag","embeddable":true,"href":"https:\/\/www.adufpb.org.br\/site\/wp-json\/wp\/v2\/tags?post=14760"}],"curies":[{"name":"wp","href":"https:\/\/api.w.org\/{rel}","templated":true}]}}