{"id":14710,"date":"2016-09-01T16:21:48","date_gmt":"2016-09-01T19:21:48","guid":{"rendered":"http:\/\/www.adufpb.org.br\/site\/?p=14710"},"modified":"2016-09-01T16:21:48","modified_gmt":"2016-09-01T19:21:48","slug":"joao-pessoa-tera-curso-de-psicossomatica-em-analise-bioenergetica","status":"publish","type":"post","link":"https:\/\/www.adufpb.org.br\/site\/joao-pessoa-tera-curso-de-psicossomatica-em-analise-bioenergetica\/","title":{"rendered":"Jo\u00e3o Pessoa ter\u00e1 curso de Psicossom\u00e1tica em An\u00e1lise Bioenerg\u00e9tica"},"content":{"rendered":"<p>O psic\u00f3logo e psicoterapeuta Walter Franco ser\u00e1 o facilitador do curso &#8220;Psicossom\u00e1tica em An\u00e1lise Bioenerg\u00e9tica&#8221; que come\u00e7a no dia 11 de setembro, em Jo\u00e3o Pessoa.<\/p>\n<p>Ser\u00e3o oferecidas 60 horas\/aula, distribu\u00eddas em 10 m\u00f3dulos com encontros mensais. O objetivo do curso \u00e9 aprofundar os conhecimentos que envolvem a rela\u00e7\u00e3o mente\/corpo\/emo\u00e7\u00f5es e seus processos energ\u00e9ticos, e suas consequ\u00eancias no n\u00edvel de doen\u00e7a e sa\u00fade corporal e ps\u00edquica.<\/p>\n<p>\u00c9 direcionado a psic\u00f3logos, psicoterapeutas, profissionais da \u00e1rea de educa\u00e7\u00e3o e estudantes de psicologia de 8\u00ba e 9\u00ba per\u00edodos, capacitando-os ao exerc\u00edcio na atividade psicoterap\u00eautica. \u00c9 tamb\u00e9m aberto a outros profissionais de sa\u00fade que tenham interesse em compreender de modo mais amplo e aprofundado os processos psicossom\u00e1ticos em seus pacientes.<\/p>\n<p>Cada m\u00f3dulo do curso custa R$ 200 para profissionais e R$ 150 para estudantes. Mais informa\u00e7\u00f5es podem ser obtidas no Espa\u00e7o Flore&#8217;Ser, localizado na rua Fernando Lu\u00eds Henrique dos Santos, 1921, Bessa, pelos telefones (83) 3245-9048 e 98725-7905.<\/p>\n<p><strong>Sobre o facilitador<\/strong><br \/>\nWalter Franco \u00e9 psic\u00f3logo e psicoterapeuta com forma\u00e7\u00e3o em An\u00e1lise Bioenerg\u00e9tica na Su\u00ed\u00e7a. Foi professor da Faculdade de Psicologia do Unip\u00ea e atualmente \u00e9 diretor geral do Hospital Psiqui\u00e1trico Juliano Moreira, em Jo\u00e3o Pessoa.<\/p>\n<p><a href=\"http:\/\/www.adufpb.org.br\/site\/wp-content\/uploads\/2016\/09\/curso-psicossom\u00e1tica-em-an\u00e1lise-bioenerg\u00e9tica-2.jpg\"><img loading=\"lazy\" decoding=\"async\" class=\"aligncenter size-large wp-image-14711\" alt=\"curso psicossom\u00e1tica em an\u00e1lise bioenerg\u00e9tica 2\" src=\"http:\/\/www.adufpb.org.br\/site\/wp-content\/uploads\/2016\/09\/curso-psicossom\u00e1tica-em-an\u00e1lise-bioenerg\u00e9tica-2-1024x723.jpg\" width=\"1024\" height=\"723\" srcset=\"https:\/\/www.adufpb.org.br\/site\/wp-content\/uploads\/2016\/09\/curso-psicossom\u00e1tica-em-an\u00e1lise-bioenerg\u00e9tica-2-1024x723.jpg 1024w, https:\/\/www.adufpb.org.br\/site\/wp-content\/uploads\/2016\/09\/curso-psicossom\u00e1tica-em-an\u00e1lise-bioenerg\u00e9tica-2-300x211.jpg 300w, https:\/\/www.adufpb.org.br\/site\/wp-content\/uploads\/2016\/09\/curso-psicossom\u00e1tica-em-an\u00e1lise-bioenerg\u00e9tica-2.jpg 1280w\" sizes=\"auto, (max-width: 1024px) 100vw, 1024px\" \/><\/a><\/p>\n<p><em>Fonte: Ascom ADUFPB<\/em><\/p>\n","protected":false},"excerpt":{"rendered":"<p>O psic\u00f3logo e psicoterapeuta Walter Franco ser\u00e1 o facilitador do curso &#8220;Psicossom\u00e1tica em An\u00e1lise Bioenerg\u00e9tica&#8221; que come\u00e7a no dia 11 de setembro, em Jo\u00e3o Pessoa. Ser\u00e3o oferecidas 60 horas\/aula, distribu\u00eddas em 10 m\u00f3dulos com encontros mensais. O objetivo do curso \u00e9 aprofundar os conhecimentos que envolvem a rela\u00e7\u00e3o mente\/corpo\/emo\u00e7\u00f5es e seus processos energ\u00e9ticos, e suas&hellip;<\/p>\n","protected":false},"author":3,"featured_media":0,"comment_status":"closed","ping_status":"closed","sticky":false,"template":"","format":"standard","meta":{"footnotes":""},"categories":[15],"tags":[457],"class_list":["post-14710","post","type-post","status-publish","format-standard","hentry","category-noticias","tag-curso","category-15","description-off"],"_links":{"self":[{"href":"https:\/\/www.adufpb.org.br\/site\/wp-json\/wp\/v2\/posts\/14710","targetHints":{"allow":["GET"]}}],"collection":[{"href":"https:\/\/www.adufpb.org.br\/site\/wp-json\/wp\/v2\/posts"}],"about":[{"href":"https:\/\/www.adufpb.org.br\/site\/wp-json\/wp\/v2\/types\/post"}],"author":[{"embeddable":true,"href":"https:\/\/www.adufpb.org.br\/site\/wp-json\/wp\/v2\/users\/3"}],"replies":[{"embeddable":true,"href":"https:\/\/www.adufpb.org.br\/site\/wp-json\/wp\/v2\/comments?post=14710"}],"version-history":[{"count":2,"href":"https:\/\/www.adufpb.org.br\/site\/wp-json\/wp\/v2\/posts\/14710\/revisions"}],"predecessor-version":[{"id":14713,"href":"https:\/\/www.adufpb.org.br\/site\/wp-json\/wp\/v2\/posts\/14710\/revisions\/14713"}],"wp:attachment":[{"href":"https:\/\/www.adufpb.org.br\/site\/wp-json\/wp\/v2\/media?parent=14710"}],"wp:term":[{"taxonomy":"category","embeddable":true,"href":"https:\/\/www.adufpb.org.br\/site\/wp-json\/wp\/v2\/categories?post=14710"},{"taxonomy":"post_tag","embeddable":true,"href":"https:\/\/www.adufpb.org.br\/site\/wp-json\/wp\/v2\/tags?post=14710"}],"curies":[{"name":"wp","href":"https:\/\/api.w.org\/{rel}","templated":true}]}}