{"id":14705,"date":"2016-08-30T11:30:14","date_gmt":"2016-08-30T14:30:14","guid":{"rendered":"http:\/\/www.adufpb.org.br\/site\/?p=14705"},"modified":"2016-08-30T11:30:14","modified_gmt":"2016-08-30T14:30:14","slug":"sarau-poetico-marcara-as-comemoracoes-do-dia-do-professor-na-adufpb","status":"publish","type":"post","link":"https:\/\/www.adufpb.org.br\/site\/sarau-poetico-marcara-as-comemoracoes-do-dia-do-professor-na-adufpb\/","title":{"rendered":"Sarau po\u00e9tico marcar\u00e1 as comemora\u00e7\u00f5es do Dia do Professor na ADUFPB"},"content":{"rendered":"<p>A ADUFPB confirmou o primeiro evento da programa\u00e7\u00e3o de atividades em comemora\u00e7\u00e3o ao Dia do Professor (15 de outubro). Trata-se de um sarau po\u00e9tico, que ser\u00e1 realizado na v\u00e9spera da data, sexta-feira, 14\/10, com leitura de poemas, performances art\u00edsticas, m\u00fasica e um coquetel. A atividade ser\u00e1 realizada no\u00a0Terra\u00e7o Silvio Frank Allen, localizado na sede da ADUFPB, no Centro de Viv\u00eancia do campus I, a partir das 17h.<\/p>\n<p>Durante o evento, os professores poder\u00e3o recitar poesias pr\u00f3prias ou de outros autores e tamb\u00e9m apresentar seus livros. Uma sele\u00e7\u00e3o de publica\u00e7\u00f5es ficar\u00e1 dispon\u00edvel aos convidados para declama\u00e7\u00e3o.\u00a0Nomes da \u00e1rea art\u00edstica est\u00e3o sendo convidados para participar do evento e j\u00e1 confirmaram participa\u00e7\u00e3o o m\u00fasico J\u00fanior Limeira, que vai tocar e declamar poemas populares; a professora Gloria Obermark, que ir\u00e1 cantar, e o poeta Carlos Jales.<\/p>\n<p><span style=\"text-decoration: underline;\"><strong>AGENDE-SE<\/strong><\/span><\/p>\n<p><strong>Sarau Po\u00e9tico do\u00a0Dia do Professor<\/strong><br \/>\n<strong>Data:<\/strong> 14\/10<br \/>\n<strong>Hor\u00e1rio:<\/strong> 17h<br \/>\n<strong>Local:\u00a0<\/strong>Terra\u00e7o Silvio Frank Allen, na sede da ADUFPB, no Centro de Viv\u00eancia do campus I<\/p>\n<p><em>Fonte: Ascom ADUFPB<\/em><\/p>\n<p>&nbsp;<\/p>\n","protected":false},"excerpt":{"rendered":"<p>A ADUFPB confirmou o primeiro evento da programa\u00e7\u00e3o de atividades em comemora\u00e7\u00e3o ao Dia do Professor (15 de outubro). Trata-se de um sarau po\u00e9tico, que ser\u00e1 realizado na v\u00e9spera da data, sexta-feira, 14\/10, com leitura de poemas, performances art\u00edsticas, m\u00fasica e um coquetel. A atividade ser\u00e1 realizada no\u00a0Terra\u00e7o Silvio Frank Allen, localizado na sede da&hellip;<\/p>\n","protected":false},"author":3,"featured_media":0,"comment_status":"closed","ping_status":"closed","sticky":false,"template":"","format":"standard","meta":{"footnotes":""},"categories":[15],"tags":[870,66,868,867,866,869],"class_list":["post-14705","post","type-post","status-publish","format-standard","hentry","category-noticias","tag-atividade-cultural","tag-dia-do-professor","tag-poema-2","tag-poesia","tag-sarau","tag-terraco-silvio-frank-allen","category-15","description-off"],"_links":{"self":[{"href":"https:\/\/www.adufpb.org.br\/site\/wp-json\/wp\/v2\/posts\/14705","targetHints":{"allow":["GET"]}}],"collection":[{"href":"https:\/\/www.adufpb.org.br\/site\/wp-json\/wp\/v2\/posts"}],"about":[{"href":"https:\/\/www.adufpb.org.br\/site\/wp-json\/wp\/v2\/types\/post"}],"author":[{"embeddable":true,"href":"https:\/\/www.adufpb.org.br\/site\/wp-json\/wp\/v2\/users\/3"}],"replies":[{"embeddable":true,"href":"https:\/\/www.adufpb.org.br\/site\/wp-json\/wp\/v2\/comments?post=14705"}],"version-history":[{"count":2,"href":"https:\/\/www.adufpb.org.br\/site\/wp-json\/wp\/v2\/posts\/14705\/revisions"}],"predecessor-version":[{"id":14707,"href":"https:\/\/www.adufpb.org.br\/site\/wp-json\/wp\/v2\/posts\/14705\/revisions\/14707"}],"wp:attachment":[{"href":"https:\/\/www.adufpb.org.br\/site\/wp-json\/wp\/v2\/media?parent=14705"}],"wp:term":[{"taxonomy":"category","embeddable":true,"href":"https:\/\/www.adufpb.org.br\/site\/wp-json\/wp\/v2\/categories?post=14705"},{"taxonomy":"post_tag","embeddable":true,"href":"https:\/\/www.adufpb.org.br\/site\/wp-json\/wp\/v2\/tags?post=14705"}],"curies":[{"name":"wp","href":"https:\/\/api.w.org\/{rel}","templated":true}]}}