{"id":14696,"date":"2016-08-30T09:38:15","date_gmt":"2016-08-30T12:38:15","guid":{"rendered":"http:\/\/www.adufpb.org.br\/site\/?p=14696"},"modified":"2016-08-30T09:56:44","modified_gmt":"2016-08-30T12:56:44","slug":"abertura-da-1a-semana-ufpb-de-diversidade-genero-e-sexualidade","status":"publish","type":"post","link":"https:\/\/www.adufpb.org.br\/site\/abertura-da-1a-semana-ufpb-de-diversidade-genero-e-sexualidade\/","title":{"rendered":"Abertura da 1\u00aa Semana UFPB de Diversidade, G\u00eanero e Sexualidade"},"content":{"rendered":"<p>Come\u00e7ou nesta segunda-feira (29\/8) a 1\u00aa Semana UFPB de Diversidade, G\u00eanero e Sexualidade, evento que est\u00e1 sendo organizado pela ADUFPB e outras sete entidades. Na programa\u00e7\u00e3o do evento est\u00e3o\u00a0palestras, mesas-redondas, aulas p\u00fablicas, performances art\u00edsticas e reuni\u00f5es de grupos de trabalho sobre os temas pol\u00edticas p\u00fablicas, viol\u00eancia, sa\u00fade e educa\u00e7\u00e3o.\u00a0As inscri\u00e7\u00f5es podem ser feitas na hora.<\/p>\n<p>A abertura aconteceu \u00e0 noite, no audit\u00f3rio 412 do CCHLA, com a palestra e mesa-redonda \u201cNegritude e Visibilidade L\u00e9sbica na Educa\u00e7\u00e3o Brasileira\u201d ministrada pela coordenadora de Educa\u00e7\u00e3o para a Diversidade da Secretaria de Educa\u00e7\u00e3o do Estado da Bahia, \u00c9rica Capinan e pela professora Simone J. Cavalcante, do Geincos\/UFPB.<\/p>\n<p>Nesta ter\u00e7a-feira (30\/8), haver\u00e1 uma atividade pol\u00edtico cultural com performance, aula p\u00fablica e batuque com o tema &#8220;N\u00e3o ao machismo e \u00e0 viol\u00eancia de g\u00eanero&#8221;. A atividade ser\u00e1\u00a0na Pra\u00e7a da Alegria (CCHLA)\u00a0das 14h \u00e0s 18h.<\/p>\n<p>J\u00e1 \u00e0 noite, das 19h \u00e0s 22h, ser\u00e1 realizada a mesa-redonda &#8220;Fa\u00e7a amor, n\u00e3o fa\u00e7a Golpe! A democracia nas trincheiras do g\u00eanero e sexualidade&#8221; com a prof. dra. N\u00edvea Pereira (Departamento de Servi\u00e7o Social\/UFPB), o prof. ms. Roberto Efrem Filho (Departamento de Ci\u00eancias Jur\u00eddicas\/UFPB), o mestre em Direitos Humanos, Cidadania e Pol\u00edticas P\u00fablicas pela UFPB Renildo L\u00facio de Moraes e a estudante de Letras da UFPB e representante do movimento Levante da Juventude Maria Medeiros.<\/p>\n<p>Al\u00e9m da ADUFPB, tamb\u00e9m participam da organiza\u00e7\u00e3o da Semana UFPB de Diversidade, G\u00eanero e Sexualidade as seguintes entidades: Movimento Esp\u00edrito Lil\u00e1s (MEL), Maria Quit\u00e9ria, Levante Popular, Marcha Mundial das Mulheres, Cunh\u00e3 Coletivo Feminista,\u00a0Cordel Vida, NEPI\/UFPB e Pr\u00e1xi na Sa\u00fade\/UFPB.<\/p>\n<p>\u201cO objetivo desse encontro \u00e9 abrir o di\u00e1logo entre os movimentos sociais de g\u00eanero e sexualidade e as institui\u00e7\u00f5es acad\u00eamicas que trabalham com g\u00eanero e sexualidade, de modo que, que a partir de agora, esse debate possa ser constante\u201d, explicou o professor Eduardo Guimar\u00e3es, coordenador do Grupo de Trabalho Classe, Etnicorraciais, G\u00eanero e Diversidade Sexual da ADUFPB e um dos organizadores do evento.<\/p>\n<p>Abaixo, veja fotos do primeiro dia do evento e a programa\u00e7\u00e3o completa.<\/p>\n\n\t\t\t<style type='text\/css'>\n\t\t\t\t#gallery-1 {\n\t\t\t\t\tmargin: auto;\n\t\t\t\t}\n\t\t\t\t#gallery-1 .gallery-item {\n\t\t\t\t\tfloat: left;\n\t\t\t\t\tmargin-top: 10px;\n\t\t\t\t\ttext-align: center;\n\t\t\t\t\twidth: 20%;\n\t\t\t\t}\n\t\t\t\t#gallery-1 img {\n\t\t\t\t\tborder: 2px solid #cfcfcf;\n\t\t\t\t}\n\t\t\t\t#gallery-1 .gallery-caption {\n\t\t\t\t\tmargin-left: 0;\n\t\t\t\t}\n\t\t\t\t\/* see gallery_shortcode() in wp-includes\/media.php *\/\n\t\t\t<\/style>\n\t\t<div id='gallery-1' class='dt-gallery-container gallery galleryid-14696 gallery-columns-5 gallery-size-thumbnail'><dl class='gallery-item'>\n\t\t\t\t<dt class='gallery-icon landscape'>\n\t\t\t\t\t<a class=\"rollover\" href='https:\/\/www.adufpb.org.br\/site\/abertura-da-1a-semana-ufpb-de-diversidade-genero-e-sexualidade\/2016-08-29-semana-ufpb-de-diversidade-genero-e-sexualidade-abertura-5\/'><img loading=\"lazy\" decoding=\"async\" width=\"150\" height=\"150\" src=\"https:\/\/www.adufpb.org.br\/site\/wp-content\/uploads\/2016\/08\/2016.08.29-semana-ufpb-de-diversidade-g\u00eanero-e-sexualidade-abertura-5-150x150.jpeg\" class=\"attachment-thumbnail size-thumbnail\" alt=\"\" \/><\/a>\n\t\t\t\t<\/dt><\/dl><dl class='gallery-item'>\n\t\t\t\t<dt class='gallery-icon landscape'>\n\t\t\t\t\t<a class=\"rollover\" href='https:\/\/www.adufpb.org.br\/site\/abertura-da-1a-semana-ufpb-de-diversidade-genero-e-sexualidade\/2016-08-29-semana-ufpb-de-diversidade-genero-e-sexualidade-abertura-4\/'><img loading=\"lazy\" decoding=\"async\" width=\"150\" height=\"150\" src=\"https:\/\/www.adufpb.org.br\/site\/wp-content\/uploads\/2016\/08\/2016.08.29-semana-ufpb-de-diversidade-g\u00eanero-e-sexualidade-abertura-4-150x150.jpeg\" class=\"attachment-thumbnail size-thumbnail\" alt=\"\" \/><\/a>\n\t\t\t\t<\/dt><\/dl><dl class='gallery-item'>\n\t\t\t\t<dt class='gallery-icon landscape'>\n\t\t\t\t\t<a class=\"rollover\" href='https:\/\/www.adufpb.org.br\/site\/abertura-da-1a-semana-ufpb-de-diversidade-genero-e-sexualidade\/2016-08-29-semana-ufpb-de-diversidade-genero-e-sexualidade-abertura-3\/'><img loading=\"lazy\" decoding=\"async\" width=\"150\" height=\"150\" src=\"https:\/\/www.adufpb.org.br\/site\/wp-content\/uploads\/2016\/08\/2016.08.29-semana-ufpb-de-diversidade-g\u00eanero-e-sexualidade-abertura-3-150x150.jpeg\" class=\"attachment-thumbnail size-thumbnail\" alt=\"\" \/><\/a>\n\t\t\t\t<\/dt><\/dl><dl class='gallery-item'>\n\t\t\t\t<dt class='gallery-icon portrait'>\n\t\t\t\t\t<a class=\"rollover\" href='https:\/\/www.adufpb.org.br\/site\/abertura-da-1a-semana-ufpb-de-diversidade-genero-e-sexualidade\/2016-08-29-semana-ufpb-de-diversidade-genero-e-sexualidade-abertura-2\/'><img loading=\"lazy\" decoding=\"async\" width=\"150\" height=\"150\" src=\"https:\/\/www.adufpb.org.br\/site\/wp-content\/uploads\/2016\/08\/2016.08.29-semana-ufpb-de-diversidade-g\u00eanero-e-sexualidade-abertura-2-150x150.jpeg\" class=\"attachment-thumbnail size-thumbnail\" alt=\"\" \/><\/a>\n\t\t\t\t<\/dt><\/dl><dl class='gallery-item'>\n\t\t\t\t<dt class='gallery-icon landscape'>\n\t\t\t\t\t<a class=\"rollover\" href='https:\/\/www.adufpb.org.br\/site\/abertura-da-1a-semana-ufpb-de-diversidade-genero-e-sexualidade\/2016-08-29-semana-ufpb-de-diversidade-genero-e-sexualidade-abertura\/'><img loading=\"lazy\" decoding=\"async\" width=\"150\" height=\"150\" src=\"https:\/\/www.adufpb.org.br\/site\/wp-content\/uploads\/2016\/08\/2016.08.29-semana-ufpb-de-diversidade-g\u00eanero-e-sexualidade-abertura-150x150.jpeg\" class=\"attachment-thumbnail size-thumbnail\" alt=\"\" \/><\/a>\n\t\t\t\t<\/dt><\/dl><br style=\"clear: both\" \/>\n\t\t\t<\/div>\n\n<p><a href=\"http:\/\/www.adufpb.org.br\/site\/wp-content\/uploads\/2016\/08\/programa\u00e7\u00e3o-semana-da-diversidade.jpg\"><img loading=\"lazy\" decoding=\"async\" class=\"aligncenter size-large wp-image-14662\" alt=\"programa\u00e7\u00e3o semana da diversidade\" src=\"http:\/\/www.adufpb.org.br\/site\/wp-content\/uploads\/2016\/08\/programa\u00e7\u00e3o-semana-da-diversidade-953x1024.jpg\" width=\"953\" height=\"1024\" srcset=\"https:\/\/www.adufpb.org.br\/site\/wp-content\/uploads\/2016\/08\/programa\u00e7\u00e3o-semana-da-diversidade-953x1024.jpg 953w, https:\/\/www.adufpb.org.br\/site\/wp-content\/uploads\/2016\/08\/programa\u00e7\u00e3o-semana-da-diversidade-279x300.jpg 279w, https:\/\/www.adufpb.org.br\/site\/wp-content\/uploads\/2016\/08\/programa\u00e7\u00e3o-semana-da-diversidade.jpg 1012w\" sizes=\"auto, (max-width: 953px) 100vw, 953px\" \/><\/a><em>Fonte: Ascom ADUFPB<\/em><\/p>\n<p>&nbsp;<\/p>\n","protected":false},"excerpt":{"rendered":"<p>Come\u00e7ou nesta segunda-feira (29\/8) a 1\u00aa Semana UFPB de Diversidade, G\u00eanero e Sexualidade, evento que est\u00e1 sendo organizado pela ADUFPB e outras sete entidades. Na programa\u00e7\u00e3o do evento est\u00e3o\u00a0palestras, mesas-redondas, aulas p\u00fablicas, performances art\u00edsticas e reuni\u00f5es de grupos de trabalho sobre os temas pol\u00edticas p\u00fablicas, viol\u00eancia, sa\u00fade e educa\u00e7\u00e3o.\u00a0As inscri\u00e7\u00f5es podem ser feitas na hora.&hellip;<\/p>\n","protected":false},"author":3,"featured_media":0,"comment_status":"closed","ping_status":"closed","sticky":false,"template":"","format":"standard","meta":{"footnotes":""},"categories":[15],"tags":[863,854,57,865,864,855],"class_list":["post-14696","post","type-post","status-publish","format-standard","hentry","category-noticias","tag-1a-semana-ufpb-de-diversidade","tag-diversidade","tag-eventos","tag-genero","tag-genero-e-sexualidade","tag-sexualidade","category-15","description-off"],"_links":{"self":[{"href":"https:\/\/www.adufpb.org.br\/site\/wp-json\/wp\/v2\/posts\/14696","targetHints":{"allow":["GET"]}}],"collection":[{"href":"https:\/\/www.adufpb.org.br\/site\/wp-json\/wp\/v2\/posts"}],"about":[{"href":"https:\/\/www.adufpb.org.br\/site\/wp-json\/wp\/v2\/types\/post"}],"author":[{"embeddable":true,"href":"https:\/\/www.adufpb.org.br\/site\/wp-json\/wp\/v2\/users\/3"}],"replies":[{"embeddable":true,"href":"https:\/\/www.adufpb.org.br\/site\/wp-json\/wp\/v2\/comments?post=14696"}],"version-history":[{"count":3,"href":"https:\/\/www.adufpb.org.br\/site\/wp-json\/wp\/v2\/posts\/14696\/revisions"}],"predecessor-version":[{"id":14704,"href":"https:\/\/www.adufpb.org.br\/site\/wp-json\/wp\/v2\/posts\/14696\/revisions\/14704"}],"wp:attachment":[{"href":"https:\/\/www.adufpb.org.br\/site\/wp-json\/wp\/v2\/media?parent=14696"}],"wp:term":[{"taxonomy":"category","embeddable":true,"href":"https:\/\/www.adufpb.org.br\/site\/wp-json\/wp\/v2\/categories?post=14696"},{"taxonomy":"post_tag","embeddable":true,"href":"https:\/\/www.adufpb.org.br\/site\/wp-json\/wp\/v2\/tags?post=14696"}],"curies":[{"name":"wp","href":"https:\/\/api.w.org\/{rel}","templated":true}]}}