{"id":14672,"date":"2016-08-25T16:43:12","date_gmt":"2016-08-25T19:43:12","guid":{"rendered":"http:\/\/www.adufpb.org.br\/site\/?p=14672"},"modified":"2016-08-25T16:43:12","modified_gmt":"2016-08-25T19:43:12","slug":"assessoria-juridica-da-adufpb-participa-de-reuniao-com-os-sindicalizados-para-tratar-de-acoes","status":"publish","type":"post","link":"https:\/\/www.adufpb.org.br\/site\/assessoria-juridica-da-adufpb-participa-de-reuniao-com-os-sindicalizados-para-tratar-de-acoes\/","title":{"rendered":"Assessoria jur\u00eddica da ADUFPB participa de reuni\u00e3o com os sindicalizados para tratar de a\u00e7\u00f5es"},"content":{"rendered":"<p>Aten\u00e7\u00e3o professores sindicalizados: a ADUFPB realiza nesta sexta-feira (26\/8) mais uma reuni\u00e3o com a assessoria jur\u00eddica da entidade. O encontro acontecer\u00e1 no audit\u00f3rio do Centro de Ci\u00eancias Jur\u00eddicas (CCJ) do campus I da UFPB a partir das 19h30.<\/p>\n<p>Segundo o presidente da ADUFPB, Marcelo Sitcovsky, o objetivo dessa iniciativa, que vem sendo realizada periodicamente na se\u00e7\u00e3o sindical, \u00e9 repassar aos professores as informa\u00e7\u00f5es jur\u00eddicas mais recentes sobre os processos ajuizados pela entidade, com destaque para as a\u00e7\u00f5es dos 28% e dos 3,17%.<\/p>\n<p><em>Fonte: Ascom ADUFPB<\/em><\/p>\n","protected":false},"excerpt":{"rendered":"<p>Aten\u00e7\u00e3o professores sindicalizados: a ADUFPB realiza nesta sexta-feira (26\/8) mais uma reuni\u00e3o com a assessoria jur\u00eddica da entidade. O encontro acontecer\u00e1 no audit\u00f3rio do Centro de Ci\u00eancias Jur\u00eddicas (CCJ) do campus I da UFPB a partir das 19h30. Segundo o presidente da ADUFPB, Marcelo Sitcovsky, o objetivo dessa iniciativa, que vem sendo realizada periodicamente na&hellip;<\/p>\n","protected":false},"author":3,"featured_media":0,"comment_status":"closed","ping_status":"closed","sticky":false,"template":"","format":"standard","meta":{"footnotes":""},"categories":[15],"tags":[245,144,319,467],"class_list":["post-14672","post","type-post","status-publish","format-standard","hentry","category-noticias","tag-245","tag-3-17","tag-assessoria-juridica","tag-assuntos-juridicos","category-15","description-off"],"_links":{"self":[{"href":"https:\/\/www.adufpb.org.br\/site\/wp-json\/wp\/v2\/posts\/14672","targetHints":{"allow":["GET"]}}],"collection":[{"href":"https:\/\/www.adufpb.org.br\/site\/wp-json\/wp\/v2\/posts"}],"about":[{"href":"https:\/\/www.adufpb.org.br\/site\/wp-json\/wp\/v2\/types\/post"}],"author":[{"embeddable":true,"href":"https:\/\/www.adufpb.org.br\/site\/wp-json\/wp\/v2\/users\/3"}],"replies":[{"embeddable":true,"href":"https:\/\/www.adufpb.org.br\/site\/wp-json\/wp\/v2\/comments?post=14672"}],"version-history":[{"count":2,"href":"https:\/\/www.adufpb.org.br\/site\/wp-json\/wp\/v2\/posts\/14672\/revisions"}],"predecessor-version":[{"id":14674,"href":"https:\/\/www.adufpb.org.br\/site\/wp-json\/wp\/v2\/posts\/14672\/revisions\/14674"}],"wp:attachment":[{"href":"https:\/\/www.adufpb.org.br\/site\/wp-json\/wp\/v2\/media?parent=14672"}],"wp:term":[{"taxonomy":"category","embeddable":true,"href":"https:\/\/www.adufpb.org.br\/site\/wp-json\/wp\/v2\/categories?post=14672"},{"taxonomy":"post_tag","embeddable":true,"href":"https:\/\/www.adufpb.org.br\/site\/wp-json\/wp\/v2\/tags?post=14672"}],"curies":[{"name":"wp","href":"https:\/\/api.w.org\/{rel}","templated":true}]}}