{"id":14646,"date":"2016-08-23T19:19:43","date_gmt":"2016-08-23T22:19:43","guid":{"rendered":"http:\/\/www.adufpb.org.br\/site\/?p=14646"},"modified":"2016-08-23T19:19:43","modified_gmt":"2016-08-23T22:19:43","slug":"cortes-orcamentarios-pioram-as-relacoes-de-trabalho-e-ensino","status":"publish","type":"post","link":"https:\/\/www.adufpb.org.br\/site\/cortes-orcamentarios-pioram-as-relacoes-de-trabalho-e-ensino\/","title":{"rendered":"Cortes or\u00e7ament\u00e1rios pioram as rela\u00e7\u00f5es de trabalho e ensino"},"content":{"rendered":"<div id=\"attachment_14647\" style=\"width: 178px\" class=\"wp-caption alignleft\"><a href=\"http:\/\/www.adufpb.org.br\/site\/wp-content\/uploads\/2016\/08\/ar-condicionado-cai-no-CA.jpg\"><img loading=\"lazy\" decoding=\"async\" aria-describedby=\"caption-attachment-14647\" class=\"size-medium wp-image-14647\" alt=\"Aparelho de ar condicionado caiu sobre alunas e professora no CA\" src=\"http:\/\/www.adufpb.org.br\/site\/wp-content\/uploads\/2016\/08\/ar-condicionado-cai-no-CA-168x300.jpg\" width=\"168\" height=\"300\" srcset=\"https:\/\/www.adufpb.org.br\/site\/wp-content\/uploads\/2016\/08\/ar-condicionado-cai-no-CA-168x300.jpg 168w, https:\/\/www.adufpb.org.br\/site\/wp-content\/uploads\/2016\/08\/ar-condicionado-cai-no-CA.jpg 540w\" sizes=\"auto, (max-width: 168px) 100vw, 168px\" \/><\/a><p id=\"caption-attachment-14647\" class=\"wp-caption-text\">Aparelho de ar condicionado caiu sobre alunas e professora no CA<\/p><\/div>\n<p>Professores, servidores t\u00e9cnico-administrativos e estudantes da UFPB convivem diariamente com um quadro grave de sucateamento da universidade. S\u00e3o cada vez mais frequentes as den\u00fancias contra as prec\u00e1rias condi\u00e7\u00f5es de ensino, pesquisa e extens\u00e3o na institui\u00e7\u00e3o.<\/p>\n<p>O caso mais recente aconteceu no dia 18 de agosto, quando um aparelho ar condicionado simplesmente caiu, colocando em risco estudantes e professora, durante a aula no Bloco E da Central de Aulas (CA). O equipamento atingiu diretamente uma das estudantes, que foi levada por colegas ao Hospital de Emerg\u00eancia e Trauma para exames.<\/p>\n<p>Mas antes desse caso, muitos outros j\u00e1 haviam sido registrados. Duas semanas antes o acidente do CA, parte do teto do Centro de Ci\u00eancias Jur\u00eddicas do campus I caiu em cima da plataforma de acesso \u00e0s salas de aula.<\/p>\n<p>A \u00e1rea ficou interditada por pouco mais de uma semana, obrigando alunos, professores e funcion\u00e1rios a utilizar unicamente a escadaria. A interdi\u00e7\u00e3o da passarela dificultou o acesso \u00e0s aulas de alunos cadeirantes, com dificuldade de locomo\u00e7\u00e3o e com defici\u00eancia visual.<\/p>\n<p>Segundo a aluna Gessica Araujo, que estuda no CCJ desde 2014, problemas semelhantes s\u00e3o frequentes no centro. \u201cConsertam o buraco e depois aparece outro em outro lugar. \u00c9 um problema da estrutura do pr\u00e9dio todo\u201d, avalia. Pelo menos duas salas encontram-se interditadas no CCJ devido a esses problemas.<\/p>\n<p>No CCSA (Centro de Ci\u00eancias Sociais Aplicadas), o teto tamb\u00e9m cedeu em abril deste ano. O incidente aconteceu no segundo andar do pr\u00e9dio da Biblioteca Setorial, assustando alunos, funcion\u00e1rios e professores.<\/p>\n<p>Al\u00e9m dos pr\u00e9dios com estrutura comprometida, a comunidade universit\u00e1ria convive tamb\u00e9m com v\u00e1rias obras inacabadas. No Centro de Comunica\u00e7\u00e3o, Turismo e Artes (CCTA), um dos problemas \u00e9 o elevador que d\u00e1 acesso a salas de aula e laborat\u00f3rios. O equipamento nunca funcionou, embora fa\u00e7a parte do projeto do bloco de salas inauguradas nos \u00faltimos cinco anos.<\/p>\n<p>De acordo com o professor Carlos Cartaxo, do CCTA, sem o elevador, professores e alunos cadeirantes precisam ser carregados at\u00e9 os laborat\u00f3rios, que ficam no segundo e terceiro pavimento.<\/p>\n<p><strong>Pr\u00e9dios inacabados<\/strong><\/p>\n<p>Mas h\u00e1 tamb\u00e9m os pr\u00e9dios que sequer chegaram a ser inaugurados. Segundo relat\u00f3rio da Diretoria de Obras da UFPB, existem na institui\u00e7\u00e3o 46 constru\u00e7\u00f5es paralisadas e outras 19 licitadas, mas n\u00e3o iniciadas.<\/p>\n<p>Os dados foram divulgados na imprensa local em mar\u00e7o deste ano, quando professores do Centro de Educa\u00e7\u00e3o se uniram para \u201ccomemorar\u201d o anivers\u00e1rio de uma das v\u00e1rias obras inacabadas do campus I. Trata-se do pr\u00e9dio que seria destinado \u00e0 P\u00f3s-gradua\u00e7\u00e3o em Educa\u00e7\u00e3o, cuja constru\u00e7\u00e3o foi iniciada em 17 de mar\u00e7o de 2011, com prazo de conclus\u00e3o de um ano. O descaso foi denunciado com uma atividade bem humorada, com bolo e ao som de \u201cParab\u00e9ns para voc\u00ea\u201d.<\/p>\n<p><strong>Interior<\/strong><\/p>\n<p>A situa\u00e7\u00e3o tamb\u00e9m \u00e9 delicada no campus Litoral Norte, localizado nas cidades de Rio Tinto e Mamanguape. Um dos problemas do local \u00e9 referente \u00e0 rede el\u00e9trica, que foi subdimensionada e necessita de readequa\u00e7\u00e3o. O resultado disso \u00e9 que simplesmente n\u00e3o \u00e9 poss\u00edvel instalar sequer um ar condicionado, devido aos riscos de sobrecarga do sistema.<\/p>\n<p>Al\u00e9m disso, segundo o diretor da secretaria adjunta da ADUFPB no Litoral Norte, Cristiano Bonneau, muitas salas se encontram mofadas e sem condi\u00e7\u00f5es para receber aulas. Outro problema que afeta as condi\u00e7\u00f5es de ensino \u00e9 a falta de transporte para levar professores e alunos de uma cidade \u00e0 outra do campus.<\/p>\n<p>\u201cPor exemplo, se eu der aula no hor\u00e1rio da manh\u00e3 numa unidade e precisar dar aula \u00e0 tarde na outra unidade, n\u00e3o vou ter carro para me levar. O sistema permite que os alunos se matriculem nas duas unidades, mas n\u00e3o h\u00e1 transporte para permitir que eles assistam aula nos dois locais\u201d, explicou o professor Cristiano, acrescentando que as duas cidades ficam a aproximadamente seis quil\u00f4metros de dist\u00e2ncia.<\/p>\n<p><strong>Viol\u00eancia nos campi<\/strong><\/p>\n<p>Em todos os campi, um dos problemas que vem crescendo de forma acelerada \u00e9 o da viol\u00eancia. O caso mais recente aconteceu no dia 15 deste m\u00eas, em Mamanguape. Uma aluna foi assaltada dentro da universidade ao sair da aula. O ladr\u00e3o teria pulado o muro da institui\u00e7\u00e3o e aguardado a estudante sair da sala para surpreend\u00ea-la. A jovem foi abordada pelo homem, que estava armado e fugiu levando o celular dela.<\/p>\n<p>Segundo Cristiano Bonneau, j\u00e1 foram registrados at\u00e9 mesmo casos de vigilantes assaltados. H\u00e1 cerca de dois meses, profissionais da seguran\u00e7a do campus foram feitos ref\u00e9ns e tiveram as armas roubadas. \u201cH\u00e1 pouca seguran\u00e7a e pouca ilumina\u00e7\u00e3o no campus e nas imedia\u00e7\u00f5es e a sensa\u00e7\u00e3o de medo \u00e9 muito grande\u201d, afirmou.<\/p>\n<p>A inseguran\u00e7a \u00e9 grande tamb\u00e9m no campus de Areia. No m\u00eas de maio, tr\u00eas alunas foram espancadas durante um assalto quando retornavam para casa depois de jantar no Restaurante Universit\u00e1rio. Dois homens de moto abordaram as jovens em um trecho pr\u00f3ximo a uma guarita do campus que estava desativada.<\/p>\n<p>Segundo o professor Guttemberg Silvino, diretor da ADUFPB no campus II, \u00e9 prec\u00e1ria a seguran\u00e7a nas unidades de ensino de Areia e j\u00e1 foram registrados, al\u00e9m de assaltos a estudantes e professores, casos de roubo de objetos de laborat\u00f3rios.<\/p>\n<p><strong>Cortes nos or\u00e7amentos das universidades<\/strong><\/p>\n<p>A situa\u00e7\u00e3o das condi\u00e7\u00f5es de trabalho e ensino deve ficar ainda mais s\u00e9ria com os cortes implementados pelo Governo interino nos or\u00e7amentos das universidades federais. Na UFPB, or\u00e7amento foi cortado em 60% nas despesas de capital (investimento) e de 20% nos gastos de custeio da institui\u00e7\u00e3o este ano. Para 2017, o governo Temer j\u00e1 anunciou corte de 45% no or\u00e7amento para as Universidades Federais.<\/p>\n<p>\u00c9 preciso que professores, estudantes e t\u00e9cnico-administrativos da UFPB, juntos, defendam a universidade desses ataques.<\/p>\n<p><em>Fonte: Ascom ADUFPB<\/em><\/p>\n","protected":false},"excerpt":{"rendered":"<p>Professores, servidores t\u00e9cnico-administrativos e estudantes da UFPB convivem diariamente com um quadro grave de sucateamento da universidade. S\u00e3o cada vez mais frequentes as den\u00fancias contra as prec\u00e1rias condi\u00e7\u00f5es de ensino, pesquisa e extens\u00e3o na institui\u00e7\u00e3o. O caso mais recente aconteceu no dia 18 de agosto, quando um aparelho ar condicionado simplesmente caiu, colocando em risco&hellip;<\/p>\n","protected":false},"author":3,"featured_media":0,"comment_status":"closed","ping_status":"closed","sticky":false,"template":"","format":"standard","meta":{"footnotes":""},"categories":[15],"tags":[853,852,602,733,197,327],"class_list":["post-14646","post","type-post","status-publish","format-standard","hentry","category-noticias","tag-arrocho-fiscal","tag-condicoes-de-ensino","tag-cortes","tag-infraestrutura","tag-orcamento","tag-precarizacao","category-15","description-off"],"_links":{"self":[{"href":"https:\/\/www.adufpb.org.br\/site\/wp-json\/wp\/v2\/posts\/14646","targetHints":{"allow":["GET"]}}],"collection":[{"href":"https:\/\/www.adufpb.org.br\/site\/wp-json\/wp\/v2\/posts"}],"about":[{"href":"https:\/\/www.adufpb.org.br\/site\/wp-json\/wp\/v2\/types\/post"}],"author":[{"embeddable":true,"href":"https:\/\/www.adufpb.org.br\/site\/wp-json\/wp\/v2\/users\/3"}],"replies":[{"embeddable":true,"href":"https:\/\/www.adufpb.org.br\/site\/wp-json\/wp\/v2\/comments?post=14646"}],"version-history":[{"count":1,"href":"https:\/\/www.adufpb.org.br\/site\/wp-json\/wp\/v2\/posts\/14646\/revisions"}],"predecessor-version":[{"id":14648,"href":"https:\/\/www.adufpb.org.br\/site\/wp-json\/wp\/v2\/posts\/14646\/revisions\/14648"}],"wp:attachment":[{"href":"https:\/\/www.adufpb.org.br\/site\/wp-json\/wp\/v2\/media?parent=14646"}],"wp:term":[{"taxonomy":"category","embeddable":true,"href":"https:\/\/www.adufpb.org.br\/site\/wp-json\/wp\/v2\/categories?post=14646"},{"taxonomy":"post_tag","embeddable":true,"href":"https:\/\/www.adufpb.org.br\/site\/wp-json\/wp\/v2\/tags?post=14646"}],"curies":[{"name":"wp","href":"https:\/\/api.w.org\/{rel}","templated":true}]}}