{"id":1456,"date":"2010-12-27T20:51:56","date_gmt":"2010-12-28T00:51:56","guid":{"rendered":"http:\/\/www.adufpb.org.br\/site\/agenda-da-adufpb-sera-distribuida-no-primeiro-dia-util-de-2011\/"},"modified":"2010-12-27T20:55:11","modified_gmt":"2010-12-28T00:55:11","slug":"agenda-da-adufpb-sera-distribuida-no-primeiro-dia-util-de-2011","status":"publish","type":"post","link":"https:\/\/www.adufpb.org.br\/site\/agenda-da-adufpb-sera-distribuida-no-primeiro-dia-util-de-2011\/","title":{"rendered":"Agenda da ADUFPB ser\u00e1 distribu\u00edda no primeiro dia \u00fatil de 2011"},"content":{"rendered":"<p><a href=\"http:\/\/www.adufpb.org.br\/site\/wp-content\/uploads\/2010\/12\/AGENDA-FOTO-1.jpg\"><img loading=\"lazy\" decoding=\"async\" class=\"alignleft size-large wp-image-1452\" title=\"AGENDA FOTO 1\" src=\"http:\/\/www.adufpb.org.br\/site\/wp-content\/uploads\/2010\/12\/AGENDA-FOTO-1-809x1023.jpg\" alt=\"AGENDA FOTO 1\" width=\"291\" height=\"368\" srcset=\"https:\/\/www.adufpb.org.br\/site\/wp-content\/uploads\/2010\/12\/AGENDA-FOTO-1-809x1023.jpg 809w, https:\/\/www.adufpb.org.br\/site\/wp-content\/uploads\/2010\/12\/AGENDA-FOTO-1-237x300.jpg 237w, https:\/\/www.adufpb.org.br\/site\/wp-content\/uploads\/2010\/12\/AGENDA-FOTO-1.jpg 1453w\" sizes=\"auto, (max-width: 291px) 100vw, 291px\" \/><\/a>A Agenda da ADUFPB j\u00e1 est\u00e1 dispon\u00edvel para todos os docentes filiados \u00e0 entidade. Pela primeira vez nos \u00faltimos anos, os professores ter\u00e3o a agenda em m\u00e3os no primeiro dia \u00fatil de 2011, segunda-feira, 03 de janeiro. Para receber a agenda, os docentes devem procurar a secretaria do Sindicato que fica no Centro de Viv\u00eancia do Campus I da UFPB, em Jo\u00e3o Pessoa. A distribui\u00e7\u00e3o da agenda \u00e9 gratuita e exclusiva para os docentes sindicalizados.<\/p>\n<p>A Agenda da ADUFPB 2011 possui o mesmo padr\u00e3o de qualidade das anteriores. Este ano, a novidade s\u00e3o as fotos coloridas no interior, o que garante um toque mais sofisticado \u00e0 publica\u00e7\u00e3o e um visual gr\u00e1fico agrad\u00e1vel. Impressa em brochura, papel off set e com capa dura, a agenda 2011 traz dezenas de poemas, fotos e ilustra\u00e7\u00f5es de docentes da UFPB e de colaboradores convidados. H\u00e1, ainda, poemas de escritores famosos como Fernando Pessoa, Ferreira Gullar, M\u00e1rio Quintana, Cec\u00edlia Meireles, Cora Coralina, Clarisse Lispector e Carlos Drummond de Andrade.<\/p>\n<p><strong>Ao todo, 30 pessoas, entre docentes, escritores e convidados, colaboraram com poemas. Confira os nomes:<\/strong><\/p>\n<p>Agostinho Neto, Ant\u00f4nio Gomes, Carlos Alberto Jales, C\u00e9lia Lopes,, Concei\u00e7\u00e3o Evaristo, Dami\u00e3o Ramos Cavalcanti, Francisco Dantas, Gelsa Rocha, Gra\u00e7a Freire, Hildeberto Barbosa Filho, Jos\u00e9 Craveirinha, Juan V. Cortez, Maria Em\u00edlia Romero de M. Henriques, Maria Jos\u00e9 Neves Silva, Neide Medeiros Santos, Regina Lyra, Ricardo Lucena, Rita de Cassia Ramalho, Rolando Lazarte, Ronaldo Monte, Sal vador Di Alc\u00e2ntara, Sandra Santiago, Santuza M\u00f4nica de Fran\u00e7a, Severina Ilza do Nascimento, Socorro Barbosa, S\u00f4nia van Dijck, Terezinha Diniz, Vit\u00f3ria Lima, Yvone Pessoa Nogueira e Z\u00e9lia Bora.<\/p>\n<p><strong>15 pessoas, entre docentes, jornalistas e fot\u00f3grafos amadores, colaboraram com imagens para ilustrar a agenda da ADUFPB:<\/strong><\/p>\n<p>F\u00e1tima Camaroti, Giselma Franco, Gladys Fonseca, Gualberto Filho, Helen Ramalho de F. Pinto, Juan V. Cortez, Marcelo Bulh\u00f5es, Mirella Cahu, Patr\u00edcia Dantas, Ricardo Ara\u00fajo, Rog\u00e9rio Almeida, Stanley Tali\u00e3o, Terezinha Diniz e Vlamir Lima.<\/p>\n<p><a href=\"http:\/\/www.adufpb.org.br\/site\/wp-content\/uploads\/2010\/12\/AGENDA-FOTO-2.jpg\"><img loading=\"lazy\" decoding=\"async\" class=\"alignleft size-medium wp-image-1453\" title=\"AGENDA FOTO 2\" src=\"http:\/\/www.adufpb.org.br\/site\/wp-content\/uploads\/2010\/12\/AGENDA-FOTO-2-300x233.jpg\" alt=\"AGENDA FOTO 2\" width=\"300\" height=\"233\" srcset=\"https:\/\/www.adufpb.org.br\/site\/wp-content\/uploads\/2010\/12\/AGENDA-FOTO-2-300x233.jpg 300w, https:\/\/www.adufpb.org.br\/site\/wp-content\/uploads\/2010\/12\/AGENDA-FOTO-2-1024x795.jpg 1024w\" sizes=\"auto, (max-width: 300px) 100vw, 300px\" \/><\/a>Al\u00e9m da se\u00e7\u00e3o sobre informa\u00e7\u00f5es pessoais, a agenda traz 75 frases para reflex\u00e3o e, a cada p\u00e1gina, foi disponibilizada uma se\u00e7\u00e3o para anota\u00e7\u00e3o de lembretes. Na \u201cse\u00e7\u00e3o telefones da UFPB\u201d, o professor encontrar\u00e1 todos os n\u00fameros de telefones da institui\u00e7\u00e3o atualizados at\u00e9 dezembro de 2010.<\/p>\n<p>A agenda tem, ainda, a se\u00e7\u00e3o \u201cFases da Lua em 2011\u201d, calend\u00e1rios de 2010, 2011 e 2012 para consultas r\u00e1pidas, p\u00e1gina para anota\u00e7\u00f5es de metas para o pr\u00f3ximo ano e p\u00e1gina para anota\u00e7\u00f5es de e-mails e endere\u00e7os na Internet. H\u00e1, tamb\u00e9m, agenda telef\u00f4nica, p\u00e1gina para anota\u00e7\u00e3o de datas de anivers\u00e1rios e uma \u00e1rea para exercitar o livre pensamento, seja em desenho, poema ou frases.<\/p>\n<p><a href=\"http:\/\/www.adufpb.org.br\/site\/wp-content\/uploads\/2010\/12\/AGENDA-FOTO-3.jpg\"><img loading=\"lazy\" decoding=\"async\" class=\"aligncenter size-medium wp-image-1454\" title=\"AGENDA FOTO 3\" src=\"http:\/\/www.adufpb.org.br\/site\/wp-content\/uploads\/2010\/12\/AGENDA-FOTO-3-300x183.jpg\" alt=\"AGENDA FOTO 3\" width=\"300\" height=\"183\" srcset=\"https:\/\/www.adufpb.org.br\/site\/wp-content\/uploads\/2010\/12\/AGENDA-FOTO-3-300x183.jpg 300w, https:\/\/www.adufpb.org.br\/site\/wp-content\/uploads\/2010\/12\/AGENDA-FOTO-3-1024x626.jpg 1024w\" sizes=\"auto, (max-width: 300px) 100vw, 300px\" \/><\/a><\/p>\n<p><a href=\"http:\/\/www.adufpb.org.br\/site\/wp-content\/uploads\/2010\/12\/AGENDA-FOTO-4.jpg\"><img loading=\"lazy\" decoding=\"async\" class=\"aligncenter size-medium wp-image-1455\" title=\"AGENDA FOTO 4\" src=\"http:\/\/www.adufpb.org.br\/site\/wp-content\/uploads\/2010\/12\/AGENDA-FOTO-4-300x227.jpg\" alt=\"AGENDA FOTO 4\" width=\"300\" height=\"227\" srcset=\"https:\/\/www.adufpb.org.br\/site\/wp-content\/uploads\/2010\/12\/AGENDA-FOTO-4-300x227.jpg 300w, https:\/\/www.adufpb.org.br\/site\/wp-content\/uploads\/2010\/12\/AGENDA-FOTO-4-1024x775.jpg 1024w\" sizes=\"auto, (max-width: 300px) 100vw, 300px\" \/><\/a><\/p>\n<p><a href=\"http:\/\/www.adufpb.org.br\/site\/wp-content\/uploads\/2010\/12\/AGENDA-FOTO-5.jpg\"><img loading=\"lazy\" decoding=\"async\" class=\"aligncenter size-medium wp-image-1451\" title=\"AGENDA FOTO 5\" src=\"http:\/\/www.adufpb.org.br\/site\/wp-content\/uploads\/2010\/12\/AGENDA-FOTO-5-300x204.jpg\" alt=\"AGENDA FOTO 5\" width=\"300\" height=\"204\" srcset=\"https:\/\/www.adufpb.org.br\/site\/wp-content\/uploads\/2010\/12\/AGENDA-FOTO-5-300x204.jpg 300w, https:\/\/www.adufpb.org.br\/site\/wp-content\/uploads\/2010\/12\/AGENDA-FOTO-5-1024x698.jpg 1024w\" sizes=\"auto, (max-width: 300px) 100vw, 300px\" \/><\/a><\/p>\n<p><em>Fonte: Ascom ADUFPB<\/em><\/p>\n","protected":false},"excerpt":{"rendered":"<p>A Agenda da ADUFPB j\u00e1 est\u00e1 dispon\u00edvel para todos os docentes filiados \u00e0 entidade. Pela primeira vez nos \u00faltimos anos, os professores ter\u00e3o a agenda em m\u00e3os no primeiro dia \u00fatil de 2011, segunda-feira, 03 de janeiro. Para receber a agenda, os docentes devem procurar a secretaria do Sindicato que fica no Centro de Viv\u00eancia&hellip;<\/p>\n","protected":false},"author":3,"featured_media":0,"comment_status":"open","ping_status":"open","sticky":false,"template":"","format":"standard","meta":{"footnotes":""},"categories":[15],"tags":[],"class_list":["post-1456","post","type-post","status-publish","format-standard","hentry","category-noticias","category-15","description-off"],"_links":{"self":[{"href":"https:\/\/www.adufpb.org.br\/site\/wp-json\/wp\/v2\/posts\/1456","targetHints":{"allow":["GET"]}}],"collection":[{"href":"https:\/\/www.adufpb.org.br\/site\/wp-json\/wp\/v2\/posts"}],"about":[{"href":"https:\/\/www.adufpb.org.br\/site\/wp-json\/wp\/v2\/types\/post"}],"author":[{"embeddable":true,"href":"https:\/\/www.adufpb.org.br\/site\/wp-json\/wp\/v2\/users\/3"}],"replies":[{"embeddable":true,"href":"https:\/\/www.adufpb.org.br\/site\/wp-json\/wp\/v2\/comments?post=1456"}],"version-history":[{"count":1,"href":"https:\/\/www.adufpb.org.br\/site\/wp-json\/wp\/v2\/posts\/1456\/revisions"}],"predecessor-version":[{"id":1457,"href":"https:\/\/www.adufpb.org.br\/site\/wp-json\/wp\/v2\/posts\/1456\/revisions\/1457"}],"wp:attachment":[{"href":"https:\/\/www.adufpb.org.br\/site\/wp-json\/wp\/v2\/media?parent=1456"}],"wp:term":[{"taxonomy":"category","embeddable":true,"href":"https:\/\/www.adufpb.org.br\/site\/wp-json\/wp\/v2\/categories?post=1456"},{"taxonomy":"post_tag","embeddable":true,"href":"https:\/\/www.adufpb.org.br\/site\/wp-json\/wp\/v2\/tags?post=1456"}],"curies":[{"name":"wp","href":"https:\/\/api.w.org\/{rel}","templated":true}]}}