{"id":14548,"date":"2016-08-12T11:42:52","date_gmt":"2016-08-12T14:42:52","guid":{"rendered":"http:\/\/www.adufpb.org.br\/site\/?p=14548"},"modified":"2016-08-17T09:29:16","modified_gmt":"2016-08-17T12:29:16","slug":"professores-fazem-assembleia-na-proxima-terca-feira-168","status":"publish","type":"post","link":"https:\/\/www.adufpb.org.br\/site\/professores-fazem-assembleia-na-proxima-terca-feira-168\/","title":{"rendered":"Professores fazem assembleia nesta ter\u00e7a-feira (16\/8)"},"content":{"rendered":"<p>Os professores da UFPB re\u00fanem-se em assembleia geral nesta ter\u00e7a-feira (16\/8) para discutir a seguinte pauta: informes, ataques aos direitos e \u00e0 Universidade e encaminhamento.<\/p>\n<p>Em Jo\u00e3o Pessoa, a reuni\u00e3o acontecer\u00e1 no Centro de Viv\u00eancia, a partir das 9h. No mesmo hor\u00e1rio, ser\u00e1 realizada assembleia tamb\u00e9m nos campi de Areia e Bananeiras, nas respectivas secretarias adjuntas da ADUFPB. J\u00e1 \u00e0 tarde, a partir das 15h, os debates acontecer\u00e3o no campus Litoral Norte, tamb\u00e9m na secretaria adjunta local.<\/p>\n<p>A assembleia da pr\u00f3xima semana vai discutir as recentes medidas e projetos que afetam diretamente as institui\u00e7\u00f5es federais de ensino brasileiras. Entre elas est\u00e1 o an\u00fancio feito pelo Minist\u00e9rio da Educa\u00e7\u00e3o na \u00faltima quinta-feira de novos cortes nas verbas das universidades.<\/p>\n<p>A previs\u00e3o \u00e9 de que os recursos para investimento sejam reduzidos em at\u00e9 45% no pr\u00f3ximo ano.J\u00e1 o montante estimado para custeio deve ter queda de cerca de 18%. Segundo c\u00e1lculos de gestores, ser\u00e3o cerca de R$ 350 milh\u00f5es a menos em investimentos para as 63 federais \u2013 na compara\u00e7\u00e3o com os R$ 900 milh\u00f5es previstos para o setor neste ano.<\/p>\n<p><strong>Professor, esta \u00e9 a hora de mobiliza\u00e7\u00e3o contra o desmanche do ensino p\u00fablico, contra as amea\u00e7as aos direitos conquistados e \u00e0 Universidade.<\/strong><\/p>\n<p><strong>Participe da Assembleia da ADUFPB desta ter\u00e7a-feira, opine, debata com os colegas, convide todos para esse importante encontro. Contamos com todos!<\/strong><\/p>\n<p><em>Fonte: Ascom ADUFPB<\/em><\/p>\n","protected":false},"excerpt":{"rendered":"<p>Os professores da UFPB re\u00fanem-se em assembleia geral nesta ter\u00e7a-feira (16\/8) para discutir a seguinte pauta: informes, ataques aos direitos e \u00e0 Universidade e encaminhamento. Em Jo\u00e3o Pessoa, a reuni\u00e3o acontecer\u00e1 no Centro de Viv\u00eancia, a partir das 9h. No mesmo hor\u00e1rio, ser\u00e1 realizada assembleia tamb\u00e9m nos campi de Areia e Bananeiras, nas respectivas secretarias&hellip;<\/p>\n","protected":false},"author":3,"featured_media":14552,"comment_status":"closed","ping_status":"closed","sticky":false,"template":"","format":"standard","meta":{"footnotes":""},"categories":[15],"tags":[622,816,602,737],"class_list":["post-14548","post","type-post","status-publish","format-standard","has-post-thumbnail","hentry","category-noticias","tag-ajuste-fiscal","tag-assembleia","tag-cortes","tag-universidades","category-15","description-off"],"_links":{"self":[{"href":"https:\/\/www.adufpb.org.br\/site\/wp-json\/wp\/v2\/posts\/14548","targetHints":{"allow":["GET"]}}],"collection":[{"href":"https:\/\/www.adufpb.org.br\/site\/wp-json\/wp\/v2\/posts"}],"about":[{"href":"https:\/\/www.adufpb.org.br\/site\/wp-json\/wp\/v2\/types\/post"}],"author":[{"embeddable":true,"href":"https:\/\/www.adufpb.org.br\/site\/wp-json\/wp\/v2\/users\/3"}],"replies":[{"embeddable":true,"href":"https:\/\/www.adufpb.org.br\/site\/wp-json\/wp\/v2\/comments?post=14548"}],"version-history":[{"count":5,"href":"https:\/\/www.adufpb.org.br\/site\/wp-json\/wp\/v2\/posts\/14548\/revisions"}],"predecessor-version":[{"id":14601,"href":"https:\/\/www.adufpb.org.br\/site\/wp-json\/wp\/v2\/posts\/14548\/revisions\/14601"}],"wp:featuredmedia":[{"embeddable":true,"href":"https:\/\/www.adufpb.org.br\/site\/wp-json\/wp\/v2\/media\/14552"}],"wp:attachment":[{"href":"https:\/\/www.adufpb.org.br\/site\/wp-json\/wp\/v2\/media?parent=14548"}],"wp:term":[{"taxonomy":"category","embeddable":true,"href":"https:\/\/www.adufpb.org.br\/site\/wp-json\/wp\/v2\/categories?post=14548"},{"taxonomy":"post_tag","embeddable":true,"href":"https:\/\/www.adufpb.org.br\/site\/wp-json\/wp\/v2\/tags?post=14548"}],"curies":[{"name":"wp","href":"https:\/\/api.w.org\/{rel}","templated":true}]}}