{"id":14519,"date":"2016-08-11T19:56:21","date_gmt":"2016-08-11T22:56:21","guid":{"rendered":"http:\/\/www.adufpb.org.br\/site\/?p=14519"},"modified":"2016-08-17T09:29:36","modified_gmt":"2016-08-17T12:29:36","slug":"frente-contra-o-projeto-escola-sem-partido-e-lancada-na-pb","status":"publish","type":"post","link":"https:\/\/www.adufpb.org.br\/site\/frente-contra-o-projeto-escola-sem-partido-e-lancada-na-pb\/","title":{"rendered":"Frente contra o projeto \u201cEscola Sem Partido\u201d \u00e9 lan\u00e7ada na Para\u00edba"},"content":{"rendered":"<p>Aproximadamente 300 pessoas participaram nesta quinta-feira (11\/8), na Universidade Federal da Para\u00edba (UFPB), do lan\u00e7amento da Frente Paraibana Escola Sem Morda\u00e7a. O evento aconteceu no final da tarde, no Centro de Viv\u00eancia do campus I, em Jo\u00e3o Pessoa. Formada por movimentos sociais e entidades sindicais, estudantis e da sociedade civil, a Frente pretende mobilizar a popula\u00e7\u00e3o contra os projetos de lei que tramitam no Congresso Nacional e criam o mecanismo da &#8220;Escola sem Partido&#8221; e a proibi\u00e7\u00e3o de debates sobre determinados temas nas salas de aula.<\/p>\n<p>A iniciativa \u00e9 fruto de um movimento nacional que vem se replicando em todos os estados do Pa\u00eds. Na Para\u00edba, a Frente Escola Sem Morda\u00e7a j\u00e1 conta com o apoio de 75 entidades e pol\u00edticos. Entre os apoiadores est\u00e1 a ADUFPB, respons\u00e1vel pela organiza\u00e7\u00e3o do evento de ontem.<\/p>\n<p>Durante o lan\u00e7amento, dois palestrantes falaram sobre o projeto Escola Sem Partido e explicaram os perigos da proposta para o ensino brasileiro: a professora Jaqueline Lima, representante do Sindicato Nacional dos Docentes das Institui\u00e7\u00f5es de Ensino Superior (Andes), e o coordenador nacional do Sindicato Nacional dos Servidores Federais da Educa\u00e7\u00e3o B\u00e1sica, Profissional e Tecnol\u00f3gica (Sinasefe), Fabiano Farias. Em seguida, o microfone foi aberto para a fala dos representantes das entidades presentes.<\/p>\n<p>Segundo o presidente da ADUFPB, Marcelo Sitcovsky, a Frente Escola Sem Morda\u00e7a pretende combater os v\u00e1rios projetos de lei que hoje tramitam no Congresso Nacional, e tamb\u00e9m em C\u00e2maras de Vereadores e Assembleias Legislativas do Pa\u00eds, que dizem combater \u201cabusos de liberdade\u201d na sala de aula.<\/p>\n<p>\u201cNada mais absurdo do que isso! A sala de aula tem que ser um espa\u00e7o de liberdades. A escola e a universidade t\u00eam que ser um espa\u00e7o plural e democr\u00e1tico para que todas as concep\u00e7\u00f5es possam ser debatidas e estudadas. Acima de tudo \u00e9 necess\u00e1rio preservar a escola como um espa\u00e7o de desenvolvimento da capacidade de reflex\u00e3o, da capacidade cr\u00edtica das pessoas\u201d, declarou.<\/p>\n<p><em>Fonte: Ascom ADUFPB<\/em><\/p>\n","protected":false},"excerpt":{"rendered":"<p>Aproximadamente 300 pessoas participaram nesta quinta-feira (11\/8), na Universidade Federal da Para\u00edba (UFPB), do lan\u00e7amento da Frente Paraibana Escola Sem Morda\u00e7a. O evento aconteceu no final da tarde, no Centro de Viv\u00eancia do campus I, em Jo\u00e3o Pessoa. Formada por movimentos sociais e entidades sindicais, estudantis e da sociedade civil, a Frente pretende mobilizar a&hellip;<\/p>\n","protected":false},"author":3,"featured_media":14520,"comment_status":"closed","ping_status":"closed","sticky":false,"template":"","format":"standard","meta":{"footnotes":""},"categories":[15],"tags":[842,822],"class_list":["post-14519","post","type-post","status-publish","format-standard","has-post-thumbnail","hentry","category-noticias","tag-escola-sem-mordaca","tag-escola-sem-partido","category-15","description-off"],"_links":{"self":[{"href":"https:\/\/www.adufpb.org.br\/site\/wp-json\/wp\/v2\/posts\/14519","targetHints":{"allow":["GET"]}}],"collection":[{"href":"https:\/\/www.adufpb.org.br\/site\/wp-json\/wp\/v2\/posts"}],"about":[{"href":"https:\/\/www.adufpb.org.br\/site\/wp-json\/wp\/v2\/types\/post"}],"author":[{"embeddable":true,"href":"https:\/\/www.adufpb.org.br\/site\/wp-json\/wp\/v2\/users\/3"}],"replies":[{"embeddable":true,"href":"https:\/\/www.adufpb.org.br\/site\/wp-json\/wp\/v2\/comments?post=14519"}],"version-history":[{"count":2,"href":"https:\/\/www.adufpb.org.br\/site\/wp-json\/wp\/v2\/posts\/14519\/revisions"}],"predecessor-version":[{"id":14595,"href":"https:\/\/www.adufpb.org.br\/site\/wp-json\/wp\/v2\/posts\/14519\/revisions\/14595"}],"wp:featuredmedia":[{"embeddable":true,"href":"https:\/\/www.adufpb.org.br\/site\/wp-json\/wp\/v2\/media\/14520"}],"wp:attachment":[{"href":"https:\/\/www.adufpb.org.br\/site\/wp-json\/wp\/v2\/media?parent=14519"}],"wp:term":[{"taxonomy":"category","embeddable":true,"href":"https:\/\/www.adufpb.org.br\/site\/wp-json\/wp\/v2\/categories?post=14519"},{"taxonomy":"post_tag","embeddable":true,"href":"https:\/\/www.adufpb.org.br\/site\/wp-json\/wp\/v2\/tags?post=14519"}],"curies":[{"name":"wp","href":"https:\/\/api.w.org\/{rel}","templated":true}]}}