{"id":14462,"date":"2016-08-02T09:51:28","date_gmt":"2016-08-02T12:51:28","guid":{"rendered":"http:\/\/www.adufpb.org.br\/site\/?p=14462"},"modified":"2016-08-02T10:14:24","modified_gmt":"2016-08-02T13:14:24","slug":"ufpb-sedia-a-partir-de-4a-feira-o-maior-encontro-de-antropologia-do-pais","status":"publish","type":"post","link":"https:\/\/www.adufpb.org.br\/site\/ufpb-sedia-a-partir-de-4a-feira-o-maior-encontro-de-antropologia-do-pais\/","title":{"rendered":"UFPB sedia, a partir de 4\u00aa feira, o maior encontro de Antropologia do Pa\u00eds"},"content":{"rendered":"<p>Come\u00e7a nesta quarta-feira (3\/8), no campus I da UFPB, a 30\u00aa Reuni\u00e3o Brasileira de Antropologia (RBA), com o tema \u201cPol\u00edticas da antropologia \u2013 \u00e9tica, diversidade e conflitos\u201d.\u00a0O evento \u00e9 considerado o maior encontro de antrop\u00f3logos do Pa\u00eds e reunir\u00e1, at\u00e9 o pr\u00f3ximo s\u00e1bado, profissionais de todas as regi\u00f5es brasileiras. Na programa\u00e7\u00e3o est\u00e3o previstos 64 grupos de estudo, 41 mesas redondas, lan\u00e7amentos de livros, entrega de pr\u00eamios e confer\u00eancias.<\/p>\n<p>A tem\u00e1tica deste ano tem por base o momento atual de crise pol\u00edtica &#8211; com um enorme crescimento do conservadorismo e o recuo em rela\u00e7\u00e3o a direitos conquistados &#8211; e crise econ\u00f4mica, o que obriga a refletir e atuar com mais intensidade sobre o papel do antrop\u00f3logo em nossa sociedade.\u00a0Uma tem\u00e1tica que engloba o destaque negativo que a Antropologia vem recebendo na grande m\u00eddia, principalmente nas situa\u00e7\u00f5es que envolvem o direito de povos e comunidades tradicionais.<\/p>\n<p>Pela primeira vez a RBA ser\u00e1 realizada na Para\u00edba. O Estado conta hoje com uma gradua\u00e7\u00e3o e uma P\u00f3s-Gradua\u00e7\u00e3o em Antropologia, al\u00e9m de tr\u00eas cursos de Ci\u00eancias Sociais, compondo outra importante frente de trabalho da 30\u00aa RBA. Trata-se da expans\u00e3o dos cursos de gradua\u00e7\u00e3o e p\u00f3s-gradua\u00e7\u00e3o no pa\u00eds, que refletem na necess\u00e1ria discuss\u00e3o sobre a amplia\u00e7\u00e3o das possibilidades de emprego no cen\u00e1rio universit\u00e1rio, nas ag\u00eancias da administra\u00e7\u00e3o p\u00fablica e em organiza\u00e7\u00f5es n\u00e3o-governamentais, assim como em consultorias privadas e em empresas.<\/p>\n<p>A programa\u00e7\u00e3o completa da 30\u00aa RBA pode ser vista no site do evento:\u00a0<a href=\"http:\/\/www.30rba.abant.org.br\/\" target=\"_blank\">http:\/\/www.30rba.abant.org.br\/<\/a><\/p>\n<p><strong>Pioneiros<\/strong><\/p>\n<div id=\"attachment_14469\" style=\"width: 275px\" class=\"wp-caption alignright\"><a href=\"http:\/\/www.adufpb.org.br\/site\/wp-content\/uploads\/2016\/08\/prof-antropologia-Jos\u00e9-Maria-Andrade.jpg\"><img loading=\"lazy\" decoding=\"async\" aria-describedby=\"caption-attachment-14469\" class=\"size-medium wp-image-14469\" alt=\"prof antropologia Jos\u00e9 Maria Andrade\" src=\"http:\/\/www.adufpb.org.br\/site\/wp-content\/uploads\/2016\/08\/prof-antropologia-Jos\u00e9-Maria-Andrade-265x300.jpg\" width=\"265\" height=\"300\" srcset=\"https:\/\/www.adufpb.org.br\/site\/wp-content\/uploads\/2016\/08\/prof-antropologia-Jos\u00e9-Maria-Andrade-265x300.jpg 265w, https:\/\/www.adufpb.org.br\/site\/wp-content\/uploads\/2016\/08\/prof-antropologia-Jos\u00e9-Maria-Andrade.jpg 400w\" sizes=\"auto, (max-width: 265px) 100vw, 265px\" \/><\/a><p id=\"caption-attachment-14469\" class=\"wp-caption-text\">Antrop\u00f3logo Jos\u00e9 Maria Andrade, da Universidade de Strasbourg, Fran\u00e7a<\/p><\/div>\n<p>Em visita \u00e0 ADUFPB, o professor Jos\u00e9 Maria Andrade, antrop\u00f3logo, ex-DCS\/UFPB e atualmente na Universidade de Strasbourg (Fran\u00e7a), contou que foi convidado a falar sobre os pioneiros da disciplina na Para\u00edba, homenagem da Associa\u00e7\u00e3o Brasileira de Antropologia (ABA) aos primeiros mestres. Andrade acaba de lan\u00e7ar no Amazon.com.br uma trilogia sobre Extens\u00e3o.<\/p>\n<p>&#8220;Fui convidado a gravar depoimento pessoal, da atua\u00e7\u00e3o como antrop\u00f3logo na pesquisa, ensino e na extens\u00e3o &#8211; movimentos de Fitoterapia em Servi\u00e7o P\u00fablico e Educa\u00e7\u00e3o em Direitos Humanos. E trata-se aqui de complementar minha contribui\u00e7\u00e3o, lembrando colegas. N\u00e3o me considero pioneiro, pois ao chegar \u00e0 Para\u00edba, em 1969 encontrei na UFPB os pioneiros: Frans Monen, Ren\u00e9 Vandezande e A\u00e9cio Vilar de Aquino a quem homenageio neste primeira galeria&#8221;, contou o professor Jos\u00e9 Maria Andrade.<\/p>\n<p>Confira abaixo o relato sobre os pioneiros da antropologia na UFPB.<\/p>\n<p><em>O professor Jos\u00e9 Hesheth Lavareda foi o pioneiro da Para\u00edba. Discreto, pouco se sabe sobre ele. N\u00e3o teve filhos e tento localizar familiares nesta pesquisa. Foi Irm\u00e3o Marista, e, na Ordem, pode haver informa\u00e7\u00f5es sobre Lavareda. Conheci Z\u00e9 Lavareda em Recife nos anos 1960: como ele eu tamb\u00e9m fazia pesquisas para a Funda\u00e7\u00e3o Joaquim Nabuco. Bem simp\u00e1tico recebeu-me em seu apartamento (R. Giriquiti &#8211; Recife), e me estimulou nas primeiras pesquisas. F. Monen o reconhecia como pioneiro: \u201ccom seus ensinamentos e seu exemplo, estimulou a muitos de n\u00f3s para continuar o trabalho por ele iniciado\u201d.<\/em><\/p>\n<p><em>Quanto a Monen (1944- 1913), Doutor em Antrop. (Holanda,1973), foi o que mais escreveu sobre os Potiguara. Holand\u00eas de origem chegou jovem para um trabalho humanit\u00e1rio tendo dedicado a vida de pesquisador engajado junto aos aut\u00f3ctones em Bahia da Tradi\u00e7\u00e3o. Ele deixou parte de sua biblioteca e rico material com um amigo Potiguar, ent\u00e3o funcion\u00e1rio da UFPB; al\u00e9m do acervo pessoal que doou a Biblioteca Setorial do CFCH \/UFPE. Antes dele morrer o Prof. Renato Athias o entrevistou. Dentre seus in\u00fameros escritos assinalo apenas: \u201cPindorama Conquistada: repensando a quest\u00e3o ind\u00edgena no Brasil\u201d, Jo\u00e3o Pessoa (Ed. Alternativa) 1983 e &#8216;Os Potiguara: hist\u00f3ria de um povo tra\u00eddo&#8217; in Cap\u00edtulos de hist\u00f3ria da Para\u00edba, Campina Grande (Gov. do Estado) 1987:78-84.<\/em><\/p>\n<p><em>Ren\u00e9 Vandezande (1930-) \u00e9 Mestre em Sociologia, UFPE, 1975, com famosa disserta\u00e7\u00e3o: \u201cCatimb\u00f3: pesquisa explorat\u00f3ria sobre uma forma nordestina de religi\u00e3o medi\u00fanica\u201d; Doutorado em Antropologia, (Utrecht\/ Holanda, 19780) \u00e9 autor de &#8220;Cultura afro-brasileira: vida e morte de uma disciplina marginal&#8221;, Caderno Paraibano de Antropologia 2(1986),163-166.<\/em><br \/>\n<em>A\u00e9cio Villar de Aquino (1931-1999) &#8211; ver http:\/\/ihgp.net\/pb500j.htm. Livre Doc\u00eancia em Antropologia escreveu: Nordeste S\u00e9culo XIX, (Ed. Univ., J. Pessoa 1977). Dentre suas publica\u00e7\u00f5es: Nordeste agr\u00e1rio do Litoral numa vis\u00e3o hist\u00f3rica (Ed. ASA Recife, 1985; Antropossociologia e literatura em Jos\u00e9 Am\u00e9rico, Fund. Casa Jos\u00e9 Am\u00e9rico, J. Pessoa 1981; &#8220;O Negro no Brasil&#8221;, Horizonte, 1976, 2; &#8220;Um cronista dos primeiros tempos&#8221;, &#8220;O S\u00e9culo XIX&#8221;, e A cidade in \u201cUma cidade de Quatro S\u00e9culos\u201d, (Gov. Estado), J. Pessoa 1985; &#8220;Para\u00edba, S\u00e9culo I: aspectos antropossociais do in\u00edcio da coloniza\u00e7\u00e3o&#8221;, Rev. do Inst. Hist. e Geogr\u00e1fico Paraibano, 24(1986); A ocupa\u00e7\u00e3o do interior da Para\u00edba, in Cad. Paraibanos de Antropologia; 1(1985); A agroind\u00fastria a\u00e7ucareira na Para\u00edba do s\u00e9culo XIX, Cad. Paraibanos de Antropologia 2(1986); \u2018Uma cidade chamada Fredrica\u2019 in Cap\u00edtulos de Hist\u00f3ria da Para\u00edba, Campina Grande (Gov. Estado, 1987).<\/em><\/p>\n<p><strong>* Jos\u00e9 Maria Andrade \u00e9 antrop\u00f3logo, membro da ABA, pesquisador da Universit\u00e9 de Strasbourg (Fran\u00e7a) &#8211; tavares@unistra.fr<\/strong><\/p>\n<p><em>Fonte: Ascom ADUFPB e organiza\u00e7\u00e3o do evento<\/em><\/p>\n","protected":false},"excerpt":{"rendered":"<p>Come\u00e7a nesta quarta-feira (3\/8), no campus I da UFPB, a 30\u00aa Reuni\u00e3o Brasileira de Antropologia (RBA), com o tema \u201cPol\u00edticas da antropologia \u2013 \u00e9tica, diversidade e conflitos\u201d.\u00a0O evento \u00e9 considerado o maior encontro de antrop\u00f3logos do Pa\u00eds e reunir\u00e1, at\u00e9 o pr\u00f3ximo s\u00e1bado, profissionais de todas as regi\u00f5es brasileiras. Na programa\u00e7\u00e3o est\u00e3o previstos 64 grupos&hellip;<\/p>\n","protected":false},"author":3,"featured_media":0,"comment_status":"closed","ping_status":"closed","sticky":false,"template":"","format":"standard","meta":{"footnotes":""},"categories":[15],"tags":[837,86,27],"class_list":["post-14462","post","type-post","status-publish","format-standard","hentry","category-noticias","tag-antropologia","tag-encontro","tag-evento","category-15","description-off"],"_links":{"self":[{"href":"https:\/\/www.adufpb.org.br\/site\/wp-json\/wp\/v2\/posts\/14462","targetHints":{"allow":["GET"]}}],"collection":[{"href":"https:\/\/www.adufpb.org.br\/site\/wp-json\/wp\/v2\/posts"}],"about":[{"href":"https:\/\/www.adufpb.org.br\/site\/wp-json\/wp\/v2\/types\/post"}],"author":[{"embeddable":true,"href":"https:\/\/www.adufpb.org.br\/site\/wp-json\/wp\/v2\/users\/3"}],"replies":[{"embeddable":true,"href":"https:\/\/www.adufpb.org.br\/site\/wp-json\/wp\/v2\/comments?post=14462"}],"version-history":[{"count":7,"href":"https:\/\/www.adufpb.org.br\/site\/wp-json\/wp\/v2\/posts\/14462\/revisions"}],"predecessor-version":[{"id":14470,"href":"https:\/\/www.adufpb.org.br\/site\/wp-json\/wp\/v2\/posts\/14462\/revisions\/14470"}],"wp:attachment":[{"href":"https:\/\/www.adufpb.org.br\/site\/wp-json\/wp\/v2\/media?parent=14462"}],"wp:term":[{"taxonomy":"category","embeddable":true,"href":"https:\/\/www.adufpb.org.br\/site\/wp-json\/wp\/v2\/categories?post=14462"},{"taxonomy":"post_tag","embeddable":true,"href":"https:\/\/www.adufpb.org.br\/site\/wp-json\/wp\/v2\/tags?post=14462"}],"curies":[{"name":"wp","href":"https:\/\/api.w.org\/{rel}","templated":true}]}}