{"id":14310,"date":"2016-07-13T11:02:55","date_gmt":"2016-07-13T14:02:55","guid":{"rendered":"http:\/\/www.adufpb.org.br\/site\/?p=14310"},"modified":"2016-07-13T11:02:55","modified_gmt":"2016-07-13T14:02:55","slug":"nota-de-pesar-66","status":"publish","type":"post","link":"https:\/\/www.adufpb.org.br\/site\/nota-de-pesar-66\/","title":{"rendered":"NOTA DE PESAR"},"content":{"rendered":"<p><span style=\"font-size: medium;\">O N\u00facleo de Estudos e Pesquisas Afro-brasileiros e Ind\u00edgenas-NEABI, a Comiss\u00e3o de Direitos Humanos e o N\u00facleo de Cidadania e Direitos Humanos-NCDH, vinculados \u00e0 Universidade Federal da Para\u00edba, manifestam seu pesar pelo falecimento da intelectual e ativista Luiza Helena Bairros, de 63 anos, ex-ministra da Secretaria de Pol\u00edticas de Promo\u00e7\u00e3o da Igualdade Racial (2011-2014), que ocorreu na manh\u00e3 do dia 12 de junho, na cidade de Porto Alegre. Expressam tamb\u00e9m solidariedade \u00e0 sua fam\u00edlia, e a seus\/suas amigos\/as que est\u00e3o consternados\/as com a sua morte, causada por um c\u00e2ncer de pulm\u00e3o.<\/span><\/p>\n<p><span style=\"font-size: medium;\">A trajet\u00f3ria pol\u00edtica da ga\u00facha Luiza Bairros foi constru\u00edda na Bahia, estado no qual residiu por d\u00e9cadas e atuou nos movimentos sociais, com destaque para o Movimento Negro Unificado \u2013 MNU. Trabalhou em programas das Na\u00e7\u00f5es Unidas \u2013 ONU contra o racismo, entre 2001 e 2005. Tamb\u00e9m foi Secret\u00e1ria de Estado da Bahia na gest\u00e3o de Jaques Wagner (2008). Deixa importantes reflex\u00f5es sobre as rela\u00e7\u00f5es raciais e de g\u00eanero, resultados de seus estudos sociol\u00f3gicos. No \u00e2mbito da gest\u00e3o federal, foi respons\u00e1vel pela cria\u00e7\u00e3o do Sistema Nacional de Promo\u00e7\u00e3o da Igualdade Racial\/SINAPIR (2013). Este sistema se constitui como uma forma de organizar e articular a implementa\u00e7\u00e3o de pol\u00edticas p\u00fablicas para a popula\u00e7\u00e3o negra, visando a supera\u00e7\u00e3o das desigualdades raciais e a efetiva\u00e7\u00e3o de igualdade de oportunidades a todos\/as brasileiros\/as.<\/span><\/p>\n<p><span style=\"font-size: medium;\">Lamentamos a sua morte, contudo, sabemos que o seu legado, marcado por uma trajet\u00f3ria de muita luta por igualdade racial continuar\u00e1 a inspirar aos homens e as mulheres que continuam sonhando com uma sociedade com mais equidade.<\/span><\/p>\n<div id=\"attachment_14311\" style=\"width: 310px\" class=\"wp-caption aligncenter\"><a href=\"http:\/\/www.adufpb.org.br\/site\/wp-content\/uploads\/2016\/07\/Luiz-Helena-Bairros_secret\u00e1ria-promo\u00e7\u00e3o-igualdade-racial.jpg\"><img loading=\"lazy\" decoding=\"async\" aria-describedby=\"caption-attachment-14311\" class=\" wp-image-14311\" alt=\"Luiz Helena Bairros_secret\u00e1ria promo\u00e7\u00e3o igualdade racial\" src=\"http:\/\/www.adufpb.org.br\/site\/wp-content\/uploads\/2016\/07\/Luiz-Helena-Bairros_secret\u00e1ria-promo\u00e7\u00e3o-igualdade-racial-300x199.jpg\" width=\"300\" height=\"199\" srcset=\"https:\/\/www.adufpb.org.br\/site\/wp-content\/uploads\/2016\/07\/Luiz-Helena-Bairros_secret\u00e1ria-promo\u00e7\u00e3o-igualdade-racial-300x199.jpg 300w, https:\/\/www.adufpb.org.br\/site\/wp-content\/uploads\/2016\/07\/Luiz-Helena-Bairros_secret\u00e1ria-promo\u00e7\u00e3o-igualdade-racial.jpg 800w\" sizes=\"auto, (max-width: 300px) 100vw, 300px\" \/><\/a><p id=\"caption-attachment-14311\" class=\"wp-caption-text\">Luiza Helena Bairros * 1953 \u2020 2016<\/p><\/div>\n<p style=\"text-align: center;\"><strong><span style=\"font-size: medium;\">N\u00facleo de Estudos e Pesquisas Afro-brasileiros e Ind\u00edgenas (NEABI)<\/span><\/strong><\/p>\n","protected":false},"excerpt":{"rendered":"<p>O N\u00facleo de Estudos e Pesquisas Afro-brasileiros e Ind\u00edgenas-NEABI, a Comiss\u00e3o de Direitos Humanos e o N\u00facleo de Cidadania e Direitos Humanos-NCDH, vinculados \u00e0 Universidade Federal da Para\u00edba, manifestam seu pesar pelo falecimento da intelectual e ativista Luiza Helena Bairros, de 63 anos, ex-ministra da Secretaria de Pol\u00edticas de Promo\u00e7\u00e3o da Igualdade Racial (2011-2014), que&hellip;<\/p>\n","protected":false},"author":3,"featured_media":0,"comment_status":"closed","ping_status":"closed","sticky":false,"template":"","format":"standard","meta":{"footnotes":""},"categories":[15],"tags":[],"class_list":["post-14310","post","type-post","status-publish","format-standard","hentry","category-noticias","category-15","description-off"],"_links":{"self":[{"href":"https:\/\/www.adufpb.org.br\/site\/wp-json\/wp\/v2\/posts\/14310","targetHints":{"allow":["GET"]}}],"collection":[{"href":"https:\/\/www.adufpb.org.br\/site\/wp-json\/wp\/v2\/posts"}],"about":[{"href":"https:\/\/www.adufpb.org.br\/site\/wp-json\/wp\/v2\/types\/post"}],"author":[{"embeddable":true,"href":"https:\/\/www.adufpb.org.br\/site\/wp-json\/wp\/v2\/users\/3"}],"replies":[{"embeddable":true,"href":"https:\/\/www.adufpb.org.br\/site\/wp-json\/wp\/v2\/comments?post=14310"}],"version-history":[{"count":1,"href":"https:\/\/www.adufpb.org.br\/site\/wp-json\/wp\/v2\/posts\/14310\/revisions"}],"predecessor-version":[{"id":14312,"href":"https:\/\/www.adufpb.org.br\/site\/wp-json\/wp\/v2\/posts\/14310\/revisions\/14312"}],"wp:attachment":[{"href":"https:\/\/www.adufpb.org.br\/site\/wp-json\/wp\/v2\/media?parent=14310"}],"wp:term":[{"taxonomy":"category","embeddable":true,"href":"https:\/\/www.adufpb.org.br\/site\/wp-json\/wp\/v2\/categories?post=14310"},{"taxonomy":"post_tag","embeddable":true,"href":"https:\/\/www.adufpb.org.br\/site\/wp-json\/wp\/v2\/tags?post=14310"}],"curies":[{"name":"wp","href":"https:\/\/api.w.org\/{rel}","templated":true}]}}