{"id":14298,"date":"2016-07-07T11:02:29","date_gmt":"2016-07-07T14:02:29","guid":{"rendered":"http:\/\/www.adufpb.org.br\/site\/?p=14298"},"modified":"2016-07-07T11:02:29","modified_gmt":"2016-07-07T14:02:29","slug":"andes-sn-divulga-carta-de-boa-vista","status":"publish","type":"post","link":"https:\/\/www.adufpb.org.br\/site\/andes-sn-divulga-carta-de-boa-vista\/","title":{"rendered":"ANDES-SN divulga Carta de Boa Vista"},"content":{"rendered":"<p>O ANDES-SN divulgou nesta quarta (6), por meio da Circular 194\/16, a\u00a0<a href=\"http:\/\/portal.andes.org.br\/imprensa\/noticias\/imp-ult-1838245177.pdf\" target=\"_blank\">Carta de Boa Vista<\/a>, documento que sistematiza as discuss\u00f5es e delibera\u00e7\u00f5es do 61\u00ba Conad, que foi realizado de 30 de junho a 3 de julho, na Universidade Federal de Roraima (UFRR). O Conad foi organizado pelo ANDES-SN com o apoio da Se\u00e7\u00e3o Sindical dos Docentes da UFRR (SESDUF-RR &#8211; Se\u00e7\u00e3o Sindical do ANDES-SN), e contou com a participa\u00e7\u00e3o de 234 pessoas, 51 delegados, 146 observadores de 57 Se\u00e7\u00f5es Sindicais e 4 convidados, al\u00e9m de 33 diretores nacionais.<\/p>\n<p>A carta inicia relembrando as homenagens realizadas para M\u00e1rcio Ant\u00f4nio de Oliveira, fundador e ex-presidente do ANDES-SN, que faleceu no in\u00edcio de junho. Cita a posse da gest\u00e3o que estar\u00e1 \u00e0 frente do Sindicato Nacional para o per\u00edodo de 2016\/2018 e tamb\u00e9m a an\u00e1lise de conjuntura decorrentes dos debates do Conad, a partir da qual o ANDES-SN se posiciona pelo \u201cFora Temer, contra o ajuste fiscal e a retirada dos direitos dos trabalhadores e trabalhadoras e cortes nas pol\u00edticas sociais. Pela auditoria da d\u00edvida p\u00fablica. Contra a pol\u00edtica de concilia\u00e7\u00e3o de classe. Rumo \u00e0 greve geral!\u201d.<\/p>\n<p>A Carta de Boa Vista ainda traz um balan\u00e7o das lutas do Sindicato Nacional no \u00faltimo per\u00edodo, tais quais as greves do Setor das Institui\u00e7\u00f5es Estaduais e Municipais de Ensino (Setor das Iees\/Imes), a realiza\u00e7\u00e3o do II Encontro Nacional de Educa\u00e7\u00e3o (ENE), entre outras.<\/p>\n<p>Confira aqui a\u00a0<a href=\"http:\/\/portal.andes.org.br\/imprensa\/noticias\/imp-ult-1838245177.pdf\" target=\"_blank\">Carta de Boa Vista<\/a><\/p>\n<p><em>Fonte:\u00a0ANDES-SN<\/em><\/p>\n","protected":false},"excerpt":{"rendered":"<p>O ANDES-SN divulgou nesta quarta (6), por meio da Circular 194\/16, a\u00a0Carta de Boa Vista, documento que sistematiza as discuss\u00f5es e delibera\u00e7\u00f5es do 61\u00ba Conad, que foi realizado de 30 de junho a 3 de julho, na Universidade Federal de Roraima (UFRR). O Conad foi organizado pelo ANDES-SN com o apoio da Se\u00e7\u00e3o Sindical dos&hellip;<\/p>\n","protected":false},"author":3,"featured_media":0,"comment_status":"closed","ping_status":"closed","sticky":false,"template":"","format":"standard","meta":{"footnotes":""},"categories":[15],"tags":[789,820,164],"class_list":["post-14298","post","type-post","status-publish","format-standard","hentry","category-noticias","tag-61o-conad","tag-carta-de-boa-vista","tag-conad","category-15","description-off"],"_links":{"self":[{"href":"https:\/\/www.adufpb.org.br\/site\/wp-json\/wp\/v2\/posts\/14298","targetHints":{"allow":["GET"]}}],"collection":[{"href":"https:\/\/www.adufpb.org.br\/site\/wp-json\/wp\/v2\/posts"}],"about":[{"href":"https:\/\/www.adufpb.org.br\/site\/wp-json\/wp\/v2\/types\/post"}],"author":[{"embeddable":true,"href":"https:\/\/www.adufpb.org.br\/site\/wp-json\/wp\/v2\/users\/3"}],"replies":[{"embeddable":true,"href":"https:\/\/www.adufpb.org.br\/site\/wp-json\/wp\/v2\/comments?post=14298"}],"version-history":[{"count":1,"href":"https:\/\/www.adufpb.org.br\/site\/wp-json\/wp\/v2\/posts\/14298\/revisions"}],"predecessor-version":[{"id":14299,"href":"https:\/\/www.adufpb.org.br\/site\/wp-json\/wp\/v2\/posts\/14298\/revisions\/14299"}],"wp:attachment":[{"href":"https:\/\/www.adufpb.org.br\/site\/wp-json\/wp\/v2\/media?parent=14298"}],"wp:term":[{"taxonomy":"category","embeddable":true,"href":"https:\/\/www.adufpb.org.br\/site\/wp-json\/wp\/v2\/categories?post=14298"},{"taxonomy":"post_tag","embeddable":true,"href":"https:\/\/www.adufpb.org.br\/site\/wp-json\/wp\/v2\/tags?post=14298"}],"curies":[{"name":"wp","href":"https:\/\/api.w.org\/{rel}","templated":true}]}}