{"id":14294,"date":"2016-07-06T12:14:24","date_gmt":"2016-07-06T15:14:24","guid":{"rendered":"http:\/\/www.adufpb.org.br\/site\/?p=14294"},"modified":"2016-07-06T12:14:24","modified_gmt":"2016-07-06T15:14:24","slug":"desafios-para-o-proximo-periodo-marcaram-debates-do-61o-conad","status":"publish","type":"post","link":"https:\/\/www.adufpb.org.br\/site\/desafios-para-o-proximo-periodo-marcaram-debates-do-61o-conad\/","title":{"rendered":"Desafios para o pr\u00f3ximo per\u00edodo marcaram debates do 61\u00ba Conad"},"content":{"rendered":"<p><em>Ap\u00f3s leitura da Carta de Boa Vista, plen\u00e1ria de encerramento aprovou diversas mo\u00e7\u00f5es<\/em><\/p>\n<p>Ap\u00f3s\u00a0quatro dias de debates e delibera\u00e7\u00f5es acerca das tem\u00e1ticas voltadas para a defesa da educa\u00e7\u00e3o p\u00fablica e gratuita, dos direitos dos trabalhadores e quest\u00f5es relativas \u00e0 organiza\u00e7\u00e3o das lutas da categoria, docentes de todo o pa\u00eds aprovaram, na plen\u00e1ria de encerramento do 61\u00ba Conad, 25 mo\u00e7\u00f5es que foram apresentadas por docentes, se\u00e7\u00f5es sindicais e pela diretoria do ANDES-SN. Entre os textos, manifesta\u00e7\u00f5es de rep\u00fadio\u00a0\u00e0s a\u00e7\u00f5es violentas contra a criminaliza\u00e7\u00e3o das lutas, de apoio e solidariedade\u00a0 \u00e0s mobiliza\u00e7\u00f5es em curso e\u00a0\u00e0s v\u00edtimas de lgtbfobia\u00a0e outras formas de opress\u00e3o.<\/p>\n<p>Alexandre Galv\u00e3o, secret\u00e1rio geral do ANDES-SN, fez a leitura da Carta de Boa Vista, que contextualizou o 61\u00ba Conad como uma s\u00edntese do amplo debate\u00a0realizado nestes dias e dos desafios da categoria para o pr\u00f3ximo per\u00edodo, destacando a cons\u00edgnia aprovada: \u201cFora Temer, contra o ajuste fiscal e a retirada dos direitos dos trabalhadores e trabalhadoras e cortes nas pol\u00edticas sociais. Pela auditoria da d\u00edvida p\u00fablica. Contra a pol\u00edtica de concilia\u00e7\u00e3o de classe. Rumo \u00e0 greve geral!\u201d.<\/p>\n<p>Para Eblin Farage, presidente do Sindicato Nacional, o 61\u00ba Conad cumpriu seu papel na atualiza\u00e7\u00e3o dos planos de lutas atrav\u00e9s do debate amplamente democr\u00e1tico\u00a0que faz parte da hist\u00f3ria do Sindicato Nacional. \u201c\u00c9 fundamental que todos os companheiros e companheiras que est\u00e3o representando suas bases tenham o direito de, nos espa\u00e7os deliberativos desse sindicato, expor seus posicionamentos pol\u00edticos\u201d. A presidente destacou ainda que \u201ca conjuntura \u00e9 dif\u00edcil, e apesar de muitos quererem nos fazer crer que estamos derrotados, a classe trabalhadora n\u00e3o est\u00e1 derrotada, nem a nossa categoria. N\u00e3o estamos derrotados e as greves das estaduais demonstram isso, diversas greves na base do ANDES-SN. Estamos avan\u00e7ando na nossa organiza\u00e7\u00e3o, estamos resistindo\u201d.<\/p>\n<p>O 61\u00ba\u00a0CONAD tamb\u00e9m foi marcado por v\u00e1rias homenagens ao professor M\u00e1rcio Antonio de Oliveira, que faleceu no dia 13 de junho, e que comporia a nova diretoria do Sindicato Nacional, empossada na abertura o encontro.<\/p>\n<p>Para Sandra Buenafuente, presidente da Se\u00e7\u00e3o Sindical dos Docentes da Universidade Federal de Roraima (Sesdufrr), anfitri\u00e3\u00a0na realiza\u00e7\u00e3o deste encontro, o mais importante foi o n\u00edvel do debate, a viabiliza\u00e7\u00e3o do mesmo no Estado de Roraima e a certeza de que \u201co que \u00e9 constru\u00eddo \u00e9 o que vai ficar pra frente: essa vontade de lutar e querer construir sempre um sindicato forte, combativo e que me representa\u201d.<\/p>\n<p>A pr\u00f3xima edi\u00e7\u00e3o do CONAD, em 2017, ter\u00e1 como sede a cidade de Niter\u00f3i, no Rio de Janeiro.<\/p>\n<p><strong>N\u00fameros do 61\u00ba Conad<\/strong><\/p>\n<p>O 61\u00ba Conad contou com a presen\u00e7a de 234 participantes, representantes de 57 se\u00e7\u00f5es sindicais, sendo 51 delegados e 146 observadores. Estiveram presentes ainda, nos 4 dias de debates, 33 diretores e 4 convidados.<\/p>\n<p><em>Fonte:\u00a0ANDES-SN<\/em><\/p>\n<p>&nbsp;<\/p>\n","protected":false},"excerpt":{"rendered":"<p>Ap\u00f3s leitura da Carta de Boa Vista, plen\u00e1ria de encerramento aprovou diversas mo\u00e7\u00f5es Ap\u00f3s\u00a0quatro dias de debates e delibera\u00e7\u00f5es acerca das tem\u00e1ticas voltadas para a defesa da educa\u00e7\u00e3o p\u00fablica e gratuita, dos direitos dos trabalhadores e quest\u00f5es relativas \u00e0 organiza\u00e7\u00e3o das lutas da categoria, docentes de todo o pa\u00eds aprovaram, na plen\u00e1ria de encerramento do&hellip;<\/p>\n","protected":false},"author":3,"featured_media":0,"comment_status":"closed","ping_status":"closed","sticky":false,"template":"","format":"standard","meta":{"footnotes":""},"categories":[15],"tags":[789,820,164],"class_list":["post-14294","post","type-post","status-publish","format-standard","hentry","category-noticias","tag-61o-conad","tag-carta-de-boa-vista","tag-conad","category-15","description-off"],"_links":{"self":[{"href":"https:\/\/www.adufpb.org.br\/site\/wp-json\/wp\/v2\/posts\/14294","targetHints":{"allow":["GET"]}}],"collection":[{"href":"https:\/\/www.adufpb.org.br\/site\/wp-json\/wp\/v2\/posts"}],"about":[{"href":"https:\/\/www.adufpb.org.br\/site\/wp-json\/wp\/v2\/types\/post"}],"author":[{"embeddable":true,"href":"https:\/\/www.adufpb.org.br\/site\/wp-json\/wp\/v2\/users\/3"}],"replies":[{"embeddable":true,"href":"https:\/\/www.adufpb.org.br\/site\/wp-json\/wp\/v2\/comments?post=14294"}],"version-history":[{"count":1,"href":"https:\/\/www.adufpb.org.br\/site\/wp-json\/wp\/v2\/posts\/14294\/revisions"}],"predecessor-version":[{"id":14295,"href":"https:\/\/www.adufpb.org.br\/site\/wp-json\/wp\/v2\/posts\/14294\/revisions\/14295"}],"wp:attachment":[{"href":"https:\/\/www.adufpb.org.br\/site\/wp-json\/wp\/v2\/media?parent=14294"}],"wp:term":[{"taxonomy":"category","embeddable":true,"href":"https:\/\/www.adufpb.org.br\/site\/wp-json\/wp\/v2\/categories?post=14294"},{"taxonomy":"post_tag","embeddable":true,"href":"https:\/\/www.adufpb.org.br\/site\/wp-json\/wp\/v2\/tags?post=14294"}],"curies":[{"name":"wp","href":"https:\/\/api.w.org\/{rel}","templated":true}]}}