{"id":14291,"date":"2016-07-06T12:05:08","date_gmt":"2016-07-06T15:05:08","guid":{"rendered":"http:\/\/www.adufpb.org.br\/site\/?p=14291"},"modified":"2016-07-06T12:05:08","modified_gmt":"2016-07-06T15:05:08","slug":"61o-conad-homologa-novas-secoes-sindicais-e-escolhe-niteroi-para-sediar-conad-2017","status":"publish","type":"post","link":"https:\/\/www.adufpb.org.br\/site\/61o-conad-homologa-novas-secoes-sindicais-e-escolhe-niteroi-para-sediar-conad-2017\/","title":{"rendered":"61\u00ba Conad homologa novas se\u00e7\u00f5es sindicais e escolhe Niter\u00f3i para sediar Conad 2017"},"content":{"rendered":"<p><em>Presta\u00e7\u00e3o de contas e crit\u00e9rios para utiliza\u00e7\u00e3o do Fundo \u00danico tamb\u00e9m foram aprovados pelos delegados<\/em><\/p>\n<p><a href=\"http:\/\/www.adufpb.org.br\/site\/wp-content\/uploads\/2016\/07\/2016.07-61\u00ba-Conad-5.jpg\"><img loading=\"lazy\" decoding=\"async\" class=\"alignleft size-medium wp-image-14292\" alt=\"2016.07 - 61\u00ba Conad (5)\" src=\"http:\/\/www.adufpb.org.br\/site\/wp-content\/uploads\/2016\/07\/2016.07-61\u00ba-Conad-5-300x200.jpg\" width=\"300\" height=\"200\" srcset=\"https:\/\/www.adufpb.org.br\/site\/wp-content\/uploads\/2016\/07\/2016.07-61\u00ba-Conad-5-300x200.jpg 300w, https:\/\/www.adufpb.org.br\/site\/wp-content\/uploads\/2016\/07\/2016.07-61\u00ba-Conad-5.jpg 450w\" sizes=\"auto, (max-width: 300px) 100vw, 300px\" \/><\/a>A quarta e \u00faltima plen\u00e1ria tem\u00e1tica do 61\u00ba Conad \u201cQuest\u00f5es Organizativas e Financeiras\u201d teve in\u00edcio na tarde de domingo (3) e teve como tarefa analisar as contas do Sindicato Nacional do exerc\u00edcio de 2015, bem como a previs\u00e3o or\u00e7ament\u00e1ria para 2017. Ambas foram aprovadas pelos delegados, que definiram ainda crit\u00e9rios de funcionamento e utiliza\u00e7\u00e3o para o Fundo \u00fanico do Sindicato Nacional e deliberaram sobre quest\u00f5es relativas \u00e0 organiza\u00e7\u00e3o do ANDES-SN.<\/p>\n<p>\u201cEssa plen\u00e1ria, a partir das discuss\u00f5es realizadas nos grupos, tem papel fundamental e aponta para um dos princ\u00edpios fundamentais do sindicato, que \u00e9 a auto sustenta\u00e7\u00e3o financeira. Isso reflete na quest\u00e3o da autonomia em rela\u00e7\u00e3o a patr\u00e3o e a governos e a toda a estrutura de controle institucional do pa\u00eds. E, para isso, o equacionamento financeiro \u00e9 importante. Mas n\u00e3o discutimos apenas as quest\u00f5es financeiras. Tratamos de quest\u00f5es organizativas importantes como a constitui\u00e7\u00e3o de uma nova se\u00e7\u00e3o sindical da Universidade Federal do Sul da Bahia, num polo onde h\u00e1 a atua\u00e7\u00e3o de setores que representam o bra\u00e7o sindical do governo. Outro passo importante na quest\u00e3o organizativa foi a transforma\u00e7\u00e3o de associa\u00e7\u00f5es docentes em se\u00e7\u00f5es sindicais, que \u00e9 um avan\u00e7o em termos de pol\u00edtica sindical\u201d, avaliou Amauri Fragoso de Medeiros, 1\u00ba tesoureiro do ANDES-SN.<\/p>\n<p><strong>Fundo \u00fanico<\/strong><\/p>\n<p>De acordo com a delibera\u00e7\u00e3o do 61\u00ba Conad, as solicita\u00e7\u00f5es de apoio financeiro das se\u00e7\u00f5es sindicais com dificuldades financeiras, para despesas com greves e mobiliza\u00e7\u00f5es, dever\u00e1 ser feita \u00e0 Tesouraria do Sindicato Nacional e s\u00f3 ser\u00e3o atendidas as demandas das se\u00e7\u00f5es que estiverem em dia com os repasses ao ANDES-SN. Foi elaborada ainda uma f\u00f3rmula para calcular o percentual de apoio para solicita\u00e7\u00f5es das se\u00e7\u00f5es sindicais, respeitando os princ\u00edpios pol\u00edticos do Sindicato Nacional de solidariedade de classe. Um balan\u00e7o sobre o funcionamento do Fundo \u00danico ser\u00e1 feito no pr\u00f3ximo Congresso.<\/p>\n<p>Amauri explica que a f\u00f3rmula foi criada ap\u00f3s amplas discuss\u00f5es no Grupo de Trabalho de Pol\u00edtica e Forma\u00e7\u00e3o Sindical (GTPFS), com base em princ\u00edpios sindicais: o princ\u00edpio de solidariedade de classe e de solidariedade interna. Ou seja, as se\u00e7\u00f5es sindicais com maior n\u00famero de sindicalizados que, supostamente t\u00eam uma arrecada\u00e7\u00e3o maior tem acesso a um percentual menor do fundo e para aquelas que t\u00eam menos sindicalizados e com menor arrecada\u00e7\u00e3o, \u00e9 o inverso.<\/p>\n<p>\u201cA categoria entendeu a necessidade de fazer essa distribui\u00e7\u00e3o, a partir de um modelo matem\u00e1tico, que leva em conta esses princ\u00edpios, n\u00f3s vamos test\u00e1-lo e no pr\u00f3ximo Congresso faremos a avalia\u00e7\u00e3o. \u00c9 um passo importante, a partir do momento em que baseia a libera\u00e7\u00e3o dos recursos em crit\u00e9rios, e abre espa\u00e7o para que seja feita a discuss\u00e3o pol\u00edtica em casos extraordin\u00e1rios, em que a matem\u00e1tica n\u00e3o d\u00ea conta\u201d, explicou.<\/p>\n<p><strong>Nova se\u00e7\u00e3o sindical<\/strong><\/p>\n<p>Os delegados manifestaram-se favor\u00e1veis, ad referendum do 36\u00b0 Conad, \u00e0 cria\u00e7\u00e3o da Se\u00e7\u00e3o Sindical dos Docentes da Universidade Federal do Sul da Bahia (SindiUFSB SSind), al\u00e9m de aprovarem as altera\u00e7\u00f5es regimentais das se\u00e7\u00f5es sindicais das universidades Estadual de Maring\u00e1 (Sesduem SSind) e Estadual do Paran\u00e1 (Sindunespar SSind.)<\/p>\n<p><strong>Homenagem<\/strong><\/p>\n<p>Na plen\u00e1ria do tema 4, os delegados prestaram n\u00ac\u00ac\u00ac\u00acova homenagem ao Professor M\u00e1rcio Antonio de Oliveira, ao designar a sala da secretaria do Sindicato Nacional com o nome do fundador e ex-presidente do ANDES-SN, falecido em 13 de junho. M\u00e1rcio Antonio de Oliveira compunha a diretoria que foi empossada neste Conad. \u201cEsse foi outro passo importante, pois reconhece o trabalho important\u00edssimo do companheiro M\u00e1rcio Antonio, que vai ficar na mem\u00f3ria de todos como refer\u00eancia para qualquer atua\u00e7\u00e3o dos militantes do Sindicato Nacional\u201d, contou Medeiros.<\/p>\n<p><strong>Comiss\u00e3o da Verdade<\/strong><\/p>\n<p>As resolu\u00e7\u00f5es do tema 4 tamb\u00e9m contemplaram a escolha dos novos membros que integrar\u00e3o a Comiss\u00e3o Nacional da Verdade do ANDES-SN. Segundo o tesoureiro do ANDES-SN, essa foi uma das quest\u00f5es organizativas principais. \u201cN\u00f3s tivemos a reorganiza\u00e7\u00e3o da comiss\u00e3o da verdade, que cumpriu uma primeira etapa e agora precis\u00e1vamos fazer a recomposi\u00e7\u00e3o para dar continuidade ao trabalho\u201d, contou Amauri.<\/p>\n<p>Foram eleitos como titulares Milena Martines, da Universidade Federal do Paran\u00e1 (Apufpr SSind), Wanderson de Melo, da Universidade Federal Fluminense (Aduff SSind) e Milton Pinheiro, da Universidade Estadual da Bahia (Aduneb SSind). J\u00e1 como suplentes foram indicados Adriana Gomes, da Universidade Federal de Roraima (Sesduf-RR SSind), J\u00falio Quevedo, da Universidade Federal de Santa Maria (Sedufsm SSind) e Antonio Jos\u00e9 Vale da Costa, da Universidade Federal do Amazonas (Adua SSind). Integram ainda a Comiss\u00e3o da Verdade do ANDES-SN, pela diretoria do Sindicato Nacional, Ana Maria Estev\u00e3o, 1\u00aa vice-presidente da Regional S\u00e3o Paulo do ANDES-SN e Vitor de Oliveira, 1\u00ba vice-presidente da Regional Planalto.<\/p>\n<p><strong>62\u00ba Conad ser\u00e1 em Niter\u00f3i<\/strong><\/p>\n<p>Ao t\u00e9rmino da plen\u00e1ria, os delegados escolheram ainda, por aclama\u00e7\u00e3o, a cidade de Niter\u00f3i (RJ) como sede para o 62\u00ba Conad do ANDES-SN, que acontecer\u00e1 na metade de 2017. A proposta foi apresentada pela delega\u00e7\u00e3o da Associa\u00e7\u00e3o dos Docentes da Universidade Federal Fluminense (Aduff SSind), que ir\u00e1 recepcionar o encontro.<\/p>\n<p>Segundo Gustavo Gomes, presidente da Aduff SSind, ser\u00e1 muito importante levar o Conad para a UFF, para que docentes de todo o pa\u00eds possam conhecer a realidade da universidade, que sofreu com a expans\u00e3o desordenada do Reuni, com campi em v\u00e1rios munic\u00edpios fluminenses, alguns sem condi\u00e7\u00f5es b\u00e1sicas de funcionamento. Gomes destacou ainda as lutas travadas, tanto dentro da UFF, mais recentemente no embate contra a ades\u00e3o \u00e0 Empresa Brasileira de Servi\u00e7os Hospitalares (Ebserh), quanto na esfera estadual. Atualmente, o Rio de Janeiro vive uma greve unificada da educa\u00e7\u00e3o estadual em todos os n\u00edveis \u2013 do b\u00e1sico ao superior.<\/p>\n<p>Gomes falou ainda dos ataques da reitoria da UFF aos movimentos sindicais. Contou que, neste s\u00e1bado, a reitoria despejou o Sindicato dos Trabalhadores da UFF (Sintuff) de sua sede que era localizada dentro do campus da UFF, sob a alega\u00e7\u00e3o que o sindicato \u00a0n\u00e3o pode funcionar no espa\u00e7o p\u00fablico da universidade.<\/p>\n<p><em>Fonte:\u00a0ANDES-SN<\/em><\/p>\n<p>&nbsp;<\/p>\n","protected":false},"excerpt":{"rendered":"<p>Presta\u00e7\u00e3o de contas e crit\u00e9rios para utiliza\u00e7\u00e3o do Fundo \u00danico tamb\u00e9m foram aprovados pelos delegados A quarta e \u00faltima plen\u00e1ria tem\u00e1tica do 61\u00ba Conad \u201cQuest\u00f5es Organizativas e Financeiras\u201d teve in\u00edcio na tarde de domingo (3) e teve como tarefa analisar as contas do Sindicato Nacional do exerc\u00edcio de 2015, bem como a previs\u00e3o or\u00e7ament\u00e1ria para&hellip;<\/p>\n","protected":false},"author":3,"featured_media":0,"comment_status":"closed","ping_status":"closed","sticky":false,"template":"","format":"standard","meta":{"footnotes":""},"categories":[15],"tags":[789,164],"class_list":["post-14291","post","type-post","status-publish","format-standard","hentry","category-noticias","tag-61o-conad","tag-conad","category-15","description-off"],"_links":{"self":[{"href":"https:\/\/www.adufpb.org.br\/site\/wp-json\/wp\/v2\/posts\/14291","targetHints":{"allow":["GET"]}}],"collection":[{"href":"https:\/\/www.adufpb.org.br\/site\/wp-json\/wp\/v2\/posts"}],"about":[{"href":"https:\/\/www.adufpb.org.br\/site\/wp-json\/wp\/v2\/types\/post"}],"author":[{"embeddable":true,"href":"https:\/\/www.adufpb.org.br\/site\/wp-json\/wp\/v2\/users\/3"}],"replies":[{"embeddable":true,"href":"https:\/\/www.adufpb.org.br\/site\/wp-json\/wp\/v2\/comments?post=14291"}],"version-history":[{"count":1,"href":"https:\/\/www.adufpb.org.br\/site\/wp-json\/wp\/v2\/posts\/14291\/revisions"}],"predecessor-version":[{"id":14293,"href":"https:\/\/www.adufpb.org.br\/site\/wp-json\/wp\/v2\/posts\/14291\/revisions\/14293"}],"wp:attachment":[{"href":"https:\/\/www.adufpb.org.br\/site\/wp-json\/wp\/v2\/media?parent=14291"}],"wp:term":[{"taxonomy":"category","embeddable":true,"href":"https:\/\/www.adufpb.org.br\/site\/wp-json\/wp\/v2\/categories?post=14291"},{"taxonomy":"post_tag","embeddable":true,"href":"https:\/\/www.adufpb.org.br\/site\/wp-json\/wp\/v2\/tags?post=14291"}],"curies":[{"name":"wp","href":"https:\/\/api.w.org\/{rel}","templated":true}]}}