{"id":1421,"date":"2010-12-06T10:48:05","date_gmt":"2010-12-06T14:48:05","guid":{"rendered":"http:\/\/www.adufpb.org.br\/site\/veja-o-caderno-de-textos-do-30%c2%ba-congresso-do-andes-sn\/"},"modified":"2010-12-06T10:48:05","modified_gmt":"2010-12-06T14:48:05","slug":"veja-o-caderno-de-textos-do-30%c2%ba-congresso-do-andes-sn","status":"publish","type":"post","link":"https:\/\/www.adufpb.org.br\/site\/veja-o-caderno-de-textos-do-30%c2%ba-congresso-do-andes-sn\/","title":{"rendered":"Veja o Caderno de Textos do 30\u00ba Congresso do ANDES-SN"},"content":{"rendered":"<p>O ANDES-SN divulgou o Caderno de Textos do 30\u00ba Congresso do Sindicato Nacional, que ser\u00e1 realizado entre os dias 14 e 20 de fevereiro, em Uberl\u00e2ndia (MG). Para ter acesso ao material, basta clicar <a href=\"http:\/\/www.adufpb.org.br\/site\/wp-content\/uploads\/2010\/12\/Anexo-Circ301-10.zip\" target=\"_blank\">aqui <\/a>ou acessar o link \u201cDocumentos\u201d no menu \u201cComunica\u00e7\u00e3o\u201d do site da ADUFPB.<\/p>\n<p>O 30\u00ba Congresso do ANDES est\u00e1 sendo organizado pela ADUFU Se\u00e7\u00e3o Sindical e tem como base de discuss\u00f5es o tema \u201cUniversidade P\u00fablica \u2013 Trabalho Acad\u00eamico e Cr\u00edtica Social\u201d. O evento marcar\u00e1 as comemora\u00e7\u00f5es dos 30 anos do Sindicato Nacional.<\/p>\n","protected":false},"excerpt":{"rendered":"<p>O ANDES-SN divulgou o Caderno de Textos do 30\u00ba Congresso do Sindicato Nacional, que ser\u00e1 realizado entre os dias 14 e 20 de fevereiro, em Uberl\u00e2ndia (MG). Para ter acesso ao material, basta clicar aqui ou acessar o link \u201cDocumentos\u201d no menu \u201cComunica\u00e7\u00e3o\u201d do site da ADUFPB. O 30\u00ba Congresso do ANDES est\u00e1 sendo organizado&hellip;<\/p>\n","protected":false},"author":3,"featured_media":0,"comment_status":"open","ping_status":"open","sticky":false,"template":"","format":"standard","meta":{"footnotes":""},"categories":[15],"tags":[92,100],"class_list":["post-1421","post","type-post","status-publish","format-standard","hentry","category-noticias","tag-andes","tag-congresso","category-15","description-off"],"_links":{"self":[{"href":"https:\/\/www.adufpb.org.br\/site\/wp-json\/wp\/v2\/posts\/1421","targetHints":{"allow":["GET"]}}],"collection":[{"href":"https:\/\/www.adufpb.org.br\/site\/wp-json\/wp\/v2\/posts"}],"about":[{"href":"https:\/\/www.adufpb.org.br\/site\/wp-json\/wp\/v2\/types\/post"}],"author":[{"embeddable":true,"href":"https:\/\/www.adufpb.org.br\/site\/wp-json\/wp\/v2\/users\/3"}],"replies":[{"embeddable":true,"href":"https:\/\/www.adufpb.org.br\/site\/wp-json\/wp\/v2\/comments?post=1421"}],"version-history":[{"count":0,"href":"https:\/\/www.adufpb.org.br\/site\/wp-json\/wp\/v2\/posts\/1421\/revisions"}],"wp:attachment":[{"href":"https:\/\/www.adufpb.org.br\/site\/wp-json\/wp\/v2\/media?parent=1421"}],"wp:term":[{"taxonomy":"category","embeddable":true,"href":"https:\/\/www.adufpb.org.br\/site\/wp-json\/wp\/v2\/categories?post=1421"},{"taxonomy":"post_tag","embeddable":true,"href":"https:\/\/www.adufpb.org.br\/site\/wp-json\/wp\/v2\/tags?post=1421"}],"curies":[{"name":"wp","href":"https:\/\/api.w.org\/{rel}","templated":true}]}}