{"id":14168,"date":"2016-06-29T11:44:38","date_gmt":"2016-06-29T14:44:38","guid":{"rendered":"http:\/\/www.adufpb.org.br\/site\/?p=14168"},"modified":"2016-07-01T07:59:26","modified_gmt":"2016-07-01T10:59:26","slug":"andes-sn-cobra-reivindicacoes-de-docentes-federais-junto-ao-mec","status":"publish","type":"post","link":"https:\/\/www.adufpb.org.br\/site\/andes-sn-cobra-reivindicacoes-de-docentes-federais-junto-ao-mec\/","title":{"rendered":"ANDES-SN cobra reivindica\u00e7\u00f5es de docentes federais junto ao MEC"},"content":{"rendered":"<p>O ANDES-SN se reuniu, na tarde desta ter\u00e7a-feira (28), com representantes do Minist\u00e9rio da Educa\u00e7\u00e3o (MEC) interino para cobrar respostas \u00e0 pauta de reivindica\u00e7\u00f5es dos docentes federais. Maria Helena Guimar\u00e3es de Castro, secret\u00e1ria-executiva do MEC, e Paulo Barone, secret\u00e1rio de Ensino Superior do MEC (Sesu-MEC) estiveram presentes na reuni\u00e3o. Ao final do encontro, os representantes do MEC afirmaram que o ministro interino responder\u00e1 oficialmente \u00e0 pauta, e estabelecer\u00e1 uma agenda de debates com o ANDES-SN sobre os diversos pontos de pauta levantados pelo Sindicato Nacional.<\/p>\n<p>Paulo Rizzo, presidente do ANDES-SN, apresentou brevemente aos presentes a pauta de reivindica\u00e7\u00e3o dos docentes federais, ressaltando a import\u00e2ncia da abertura de um processo de negocia\u00e7\u00e3o entre o Sindicato Nacional e o MEC. O docente citou pontos como a carreira, que foi desestruturada a partir de 2012, e ser\u00e1 ainda mais caso o Projeto de Lei 4251\/2015 seja aprovado no Senado e sancionado pelo Poder Executivo, como um dos temas centrais a serem debatidos. Rizzo tamb\u00e9m criticou os cortes or\u00e7ament\u00e1rios na educa\u00e7\u00e3o federal, que t\u00eam inviabilizado o funcionamento de diversas institui\u00e7\u00f5es de ensino.<\/p>\n<p>Giovanni Frizzo, 1\u00ba vice-presidente da Regional Rio Grande do Sul do ANDES-SN, refor\u00e7ou a cr\u00edtica aos cortes or\u00e7ament\u00e1rios, afirmando que a categoria est\u00e1 h\u00e1 anos sem negocia\u00e7\u00e3o efetiva com o MEC sobre seus pontos de reivindica\u00e7\u00e3o. Criticou a desestrutura\u00e7\u00e3o da carreira, afirmando que os docentes federais n\u00e3o t\u00eam mais uma carreira, e sim uma tabela remunerat\u00f3ria. Tamb\u00e9m explicitou a posi\u00e7\u00e3o contr\u00e1ria do Sindicato Nacional sobre projetos que privatizam a educa\u00e7\u00e3o e retiram or\u00e7amento de \u00e1reas sociais, como a\u00a0<a href=\"http:\/\/www.andes.org.br\/andes\/print-ultimas-noticias.andes?id=8190\" target=\"_blank\">Proposta de Emenda \u00e0 Constitui\u00e7\u00e3o (PEC) 241\/2016<\/a>.<\/p>\n<p>Eblin Farage, docente da Universidade Federal Fluminense (UFF) e presidente eleita do ANDES-SN, afirmou que \u00e9 necess\u00e1ria a abertura de concursos para ambas as carreiras de docente federal, citando a situa\u00e7\u00e3o precarizada na qual se encontram os Col\u00e9gios de Aplica\u00e7\u00e3o, os Institutos Federais e as Universidades Federais por conta da falta de pessoal. Criticou, tamb\u00e9m, a paralisa\u00e7\u00e3o das obras nas institui\u00e7\u00f5es de ensino, que, segundo dados apresentados pela Sesu-MEC durante a reuni\u00e3o, chegam a 843. Por fim, a docente ressaltou a import\u00e2ncia da realiza\u00e7\u00e3o de um cronograma das obras, a partir de debates feitos com as comunidades acad\u00eamicas.<\/p>\n<p>Ao final da reuni\u00e3o, os representantes do MEC afirmaram que Mendon\u00e7a Filho, ministro interino, responder\u00e1 oficialmente \u00e0 pauta dos docentes federais que foi protocolada pelo Sindicato Nacional. Caber\u00e1 \u00e0 secretaria-executiva do minist\u00e9rio, tamb\u00e9m, estabelecer um cronograma de debates entre o MEC e o ANDES-SN sobre os pontos de pauta.<\/p>\n<p>Paulo Rizzo, presidente do ANDES-SN, avaliou que a reuni\u00e3o foi importante para a reabertura do di\u00e1logo com o MEC e espera que haja uma resposta oficial \u00e0 pauta e que seja aberta uma negocia\u00e7\u00e3o efetiva com o Sindicato. \u201cO quadro apresentado pelos representantes do MEC \u00e9 de uma profunda crise relativa \u00e0 incapacidade or\u00e7ament\u00e1ria, que foi atribu\u00edda ao governo anterior. Mas o governo atual, ao emitir a PEC 241\/16, que congela os gastos p\u00fablicos, n\u00e3o aponta qualquer solu\u00e7\u00e3o para a crise, o que demandar\u00e1 maior mobiliza\u00e7\u00e3o da categoria\u201d, afirmou o docente.<\/p>\n<p><em>Fonte:\u00a0ANDES-SN<\/em><\/p>\n<p>&nbsp;<\/p>\n","protected":false},"excerpt":{"rendered":"<p>O ANDES-SN se reuniu, na tarde desta ter\u00e7a-feira (28), com representantes do Minist\u00e9rio da Educa\u00e7\u00e3o (MEC) interino para cobrar respostas \u00e0 pauta de reivindica\u00e7\u00f5es dos docentes federais. Maria Helena Guimar\u00e3es de Castro, secret\u00e1ria-executiva do MEC, e Paulo Barone, secret\u00e1rio de Ensino Superior do MEC (Sesu-MEC) estiveram presentes na reuni\u00e3o. Ao final do encontro, os representantes&hellip;<\/p>\n","protected":false},"author":3,"featured_media":14167,"comment_status":"closed","ping_status":"closed","sticky":false,"template":"","format":"standard","meta":{"footnotes":""},"categories":[15,417],"tags":[143,25,71,567],"class_list":["post-14168","post","type-post","status-publish","format-standard","has-post-thumbnail","hentry","category-noticias","category-noticias-destaque","tag-campanha-salarial","tag-carreira-docente","tag-mec","tag-reuniao","category-15","category-417","description-off"],"_links":{"self":[{"href":"https:\/\/www.adufpb.org.br\/site\/wp-json\/wp\/v2\/posts\/14168","targetHints":{"allow":["GET"]}}],"collection":[{"href":"https:\/\/www.adufpb.org.br\/site\/wp-json\/wp\/v2\/posts"}],"about":[{"href":"https:\/\/www.adufpb.org.br\/site\/wp-json\/wp\/v2\/types\/post"}],"author":[{"embeddable":true,"href":"https:\/\/www.adufpb.org.br\/site\/wp-json\/wp\/v2\/users\/3"}],"replies":[{"embeddable":true,"href":"https:\/\/www.adufpb.org.br\/site\/wp-json\/wp\/v2\/comments?post=14168"}],"version-history":[{"count":1,"href":"https:\/\/www.adufpb.org.br\/site\/wp-json\/wp\/v2\/posts\/14168\/revisions"}],"predecessor-version":[{"id":14169,"href":"https:\/\/www.adufpb.org.br\/site\/wp-json\/wp\/v2\/posts\/14168\/revisions\/14169"}],"wp:featuredmedia":[{"embeddable":true,"href":"https:\/\/www.adufpb.org.br\/site\/wp-json\/wp\/v2\/media\/14167"}],"wp:attachment":[{"href":"https:\/\/www.adufpb.org.br\/site\/wp-json\/wp\/v2\/media?parent=14168"}],"wp:term":[{"taxonomy":"category","embeddable":true,"href":"https:\/\/www.adufpb.org.br\/site\/wp-json\/wp\/v2\/categories?post=14168"},{"taxonomy":"post_tag","embeddable":true,"href":"https:\/\/www.adufpb.org.br\/site\/wp-json\/wp\/v2\/tags?post=14168"}],"curies":[{"name":"wp","href":"https:\/\/api.w.org\/{rel}","templated":true}]}}