{"id":14116,"date":"2016-06-20T11:07:47","date_gmt":"2016-06-20T14:07:47","guid":{"rendered":"http:\/\/www.adufpb.org.br\/site\/?p=14116"},"modified":"2016-06-20T11:07:47","modified_gmt":"2016-06-20T14:07:47","slug":"tres-mil-vao-as-ruas-em-brasilia-em-defesa-da-educacao-publica","status":"publish","type":"post","link":"https:\/\/www.adufpb.org.br\/site\/tres-mil-vao-as-ruas-em-brasilia-em-defesa-da-educacao-publica\/","title":{"rendered":"Tr\u00eas mil v\u00e3o \u00e0s ruas em Bras\u00edlia em defesa da educa\u00e7\u00e3o p\u00fablica"},"content":{"rendered":"<div id=\"conteudo\">\n<p><em>Marcha marcou a abertura do II Encontro Nacional de Educa\u00e7\u00e3o que acontece na UnB at\u00e9 s\u00e1bado (18)<\/em><\/p>\n<p><a href=\"http:\/\/www.adufpb.org.br\/site\/wp-content\/uploads\/2016\/06\/2016.06.17-Encontro-Nacional-de-Educa\u00e7\u00e3o.jpg\"><img loading=\"lazy\" decoding=\"async\" class=\"alignleft size-medium wp-image-14118\" alt=\"2016.06.17 - Encontro Nacional de Educa\u00e7\u00e3o\" src=\"http:\/\/www.adufpb.org.br\/site\/wp-content\/uploads\/2016\/06\/2016.06.17-Encontro-Nacional-de-Educa\u00e7\u00e3o-300x169.jpg\" width=\"300\" height=\"169\" srcset=\"https:\/\/www.adufpb.org.br\/site\/wp-content\/uploads\/2016\/06\/2016.06.17-Encontro-Nacional-de-Educa\u00e7\u00e3o-300x169.jpg 300w, https:\/\/www.adufpb.org.br\/site\/wp-content\/uploads\/2016\/06\/2016.06.17-Encontro-Nacional-de-Educa\u00e7\u00e3o.jpg 500w\" sizes=\"auto, (max-width: 300px) 100vw, 300px\" \/><\/a>Mais de tr\u00eas mil pessoas, entre estudantes, docentes, t\u00e9cnicos, servidores p\u00fablicos federais, militantes de movimentos sociais, sindicais e populares foram \u00e0s ruas de Bras\u00edlia (DF), nesta quinta-feira (16), para cobrar mais investimento p\u00fablico em educa\u00e7\u00e3o p\u00fablica. A marcha \u201cEm Defesa da Educa\u00e7\u00e3o\u201d marcou a abertura do II Encontro Nacional de Educa\u00e7\u00e3o (ENE), organizado pelo Comit\u00ea Nacional \u201cEm defesa dos 10% do PIB para a Educa\u00e7\u00e3o P\u00fablica, J\u00e1!\u201d.<\/p>\n<p>A manifesta\u00e7\u00e3o teve in\u00edcio no Museu da Rep\u00fablica, quando aos poucos delega\u00e7\u00f5es de diversos estados come\u00e7avam a se reunir, depois de horas de viagem e abrir suas faixas. Entre as faixas, a do II ENE, que abriu a manifesta\u00e7\u00e3o, \u201ccontra o ajuste fiscal e a d\u00edvida p\u00fablica e por um projeto classista e democr\u00e1tico para a educa\u00e7\u00e3o\u201d chamou a aten\u00e7\u00e3o dos que passavam pelas ruas de Bras\u00edlia.<\/p>\n<p>A caminhada, sob sol intenso e c\u00e9u azul, percorreu a Esplanada dos Minist\u00e9rios at\u00e9 o Minist\u00e9rio da Educa\u00e7\u00e3o (MEC). \u201cPula sai do ch\u00e3o quem defende a educa\u00e7\u00e3o\u201d e ainda \u201cA nossa luta \u00e9 todo dia, educa\u00e7\u00e3o n\u00e3o \u00e9 mercadoria\u201d eram apenas algumas das palavras de ordem entoadas durante o protesto.<br \/>\n<strong><br \/>\nServidores P\u00fablicos Federais<\/strong><\/p>\n<p>A marcha contou tamb\u00e9m com a participa\u00e7\u00e3o de representantes do F\u00f3rum das Entidades Nacionais dos Servidores P\u00fablicos Federais (Fonasefe), cujas entidades fizeram um ato em frente ao Manifesta\u00e7\u00e3o dos SPF em frente ao Minist\u00e9rio do Planejamento, Or\u00e7amento e Gest\u00e3o (MPOG). Composto por diversas categorias de servidores p\u00fablicos federais, o Fonasefe est\u00e1 em luta contra o Projeto de Lei Complementar (PLP) 257\/2016 e demais ataques aos servi\u00e7os p\u00fablicos e servidores.<\/p>\n<p>O PLP 257\/2016 faz parte do pacote de ajuste fiscal iniciado pelo governo, no final de 2014. As medidas, que buscam manter o pagamento de juros e amortiza\u00e7\u00f5es da d\u00edvida ao sistema financeiro e aumentar a arrecada\u00e7\u00e3o da Uni\u00e3o, atingem diretamente o servi\u00e7o p\u00fablico e programas sociais. A suspens\u00e3o dos concursos p\u00fablicos, congelamento de sal\u00e1rios, n\u00e3o pagamento de progress\u00f5es e outras vantagens (como gratifica\u00e7\u00f5es), destrui\u00e7\u00e3o da previd\u00eancia social e revis\u00e3o dos Regimes Jur\u00eddicos dos Servidores est\u00e3o entre as medidas que constam do PLP 257.<\/p>\n<p><strong>Encontro com ato de trabalhadores rurais<\/strong><\/p>\n<p>A insatisfa\u00e7\u00e3o dos trabalhadores n\u00e3o se mostrou somente a marcha do II ENE neste dia 16 em Bras\u00edlia. Em frente ao Minist\u00e9rio da Agricultura uma salva de palmas m\u00fatua marcou o encontro com um protesto dos produtores de agricultura familiar contra qualquer retrocesso nos direitos, principalmente a Previd\u00eancia Social. Organizado pela Confedera\u00e7\u00e3o Nacional dos Trabalhadores na Agricultura (Contag), o ato fazia parte de um Dia Nacional de Luta do Movimento Sindical dos Trabalhadores e Trabalhadoras Rurais (MSTTR).<\/p>\n<p><strong>Massacre de ind\u00edgenas de MS \u00e9 denunciado<\/strong><\/p>\n<p>O massacre aos ind\u00edgenas que vem ocorrendo em Mato Grosso do Sul foi lembrado por diversas entidades. O Territ\u00f3rio Ind\u00edgena de Teyi Jusu, Caarap\u00f3 (MS) foi alvo de um ataque covarde promovido por fazendeiros da regi\u00e3o na \u00faltima segunda-feira (13) e segue cercado pela pol\u00edcia. Segundo informa\u00e7\u00f5es enviadas por lideran\u00e7as ind\u00edgenas da regi\u00e3o, ainda h\u00e1 tr\u00eas \u00edndios desaparecidos e a morte de uma crian\u00e7a de nove anos, esta ainda n\u00e3o confirmada. Um ind\u00edgena j\u00e1 morreu: Clodiodi Aquileu Rodrigues de Souza, Guarani-Kaiow\u00e1 de 26 anos. H\u00e1 pelo menos 10 feridos \u00e0 bala, inclusive uma crian\u00e7a de doze anos baleada no abd\u00f4men.<\/p>\n<p><strong><a href=\"http:\/\/www.adufpb.org.br\/site\/wp-content\/uploads\/2016\/06\/2016.06.17-Encontro-Nacional-de-Educa\u00e7\u00e3o-2.jpg\"><img loading=\"lazy\" decoding=\"async\" class=\"alignright size-medium wp-image-14117\" alt=\"2016.06.17 - Encontro Nacional de Educa\u00e7\u00e3o 2\" src=\"http:\/\/www.adufpb.org.br\/site\/wp-content\/uploads\/2016\/06\/2016.06.17-Encontro-Nacional-de-Educa\u00e7\u00e3o-2-300x225.jpg\" width=\"300\" height=\"225\" srcset=\"https:\/\/www.adufpb.org.br\/site\/wp-content\/uploads\/2016\/06\/2016.06.17-Encontro-Nacional-de-Educa\u00e7\u00e3o-2-300x225.jpg 300w, https:\/\/www.adufpb.org.br\/site\/wp-content\/uploads\/2016\/06\/2016.06.17-Encontro-Nacional-de-Educa\u00e7\u00e3o-2.jpg 400w\" sizes=\"auto, (max-width: 300px) 100vw, 300px\" \/><\/a>Entrega de carta ao MEC<\/strong><\/p>\n<p>J\u00e1 no Minist\u00e9rio da Educa\u00e7\u00e3o e Cultura (MEC) entidades entregaram uma carta endere\u00e7ada ao ministro interino da Educa\u00e7\u00e3o Mendon\u00e7a Filho, entidades do \u201cComit\u00ea Nacional em Defesa dos 10% do PIB para a Educa\u00e7\u00e3o P\u00fablica, J\u00e1!\u201d protocolaram documento contra os ataques ao ensino p\u00fablico junto ao Minist\u00e9rio da Educa\u00e7\u00e3o (MEC). Os representantes do Comit\u00ea foram recebidos, na frente do MEC, por Leonel Cunha (subsecret\u00e1rio de assuntos administrativos do Minist\u00e9rio) e Nadia Ferreira (assessora especial do Ministro Moreira Filho). 15 entidades assinam o documento.<\/p>\n<p>O Ato em Defesa da Educa\u00e7\u00e3o P\u00fablica se encerrou a p\u00f3s a entrega da carta. Na manh\u00e3 desta sexta-feira (17) acontece a Mesa de Abertura do II ENE, no campus Darcy Ribeiro da UnB. Na avalia\u00e7\u00e3o das entidades que comp\u00f5em o Comit\u00ea, a marcha cumpriu a primeira grande tarefa do II ENE em Bras\u00edlia (DF), colocando a for\u00e7a da mobiliza\u00e7\u00e3o de estudantes do ensino b\u00e1sico ao fundamental, docentes e t\u00e9cnicos de todos os n\u00edveis de ensino, das esferas municipal, estadual e federal, expressando as v\u00e1rias lutas que v\u00eam ocorrendo em todo o pa\u00eds contra o desmonte da educa\u00e7\u00e3o p\u00fablica, unindo diferentes segmentos daqueles que estudam e das categorias que trabalham com educa\u00e7\u00e3o.<\/p>\n<p>As entidades organizadoras do II ENE s\u00e3o CSP-Conlutas, Andes-SN, Sinasefe, CFESS (Conselho Federal de Servi\u00e7o Social), Anel (Assembleia Nacional dos Estudantes Livres), Oposi\u00e7\u00e3o de Esquerda da UNE, Exneef (Executiva Nacional dos Estudantes de Educa\u00e7\u00e3o F\u00edsica), Federa\u00e7\u00e3o Nacional dos Estudantes das Escolas T\u00e9cnicas (Fenet), Associa\u00e7\u00e3o Brasileira dos Educadores Marxistas (Abem), Movimento Universidade Popular (MUP), Sepe, Oposi\u00e7\u00e3o CPERS, Oposi\u00e7\u00e3o Alternativa Apeoesp, Fasubra, Enesso.<\/p>\n<p><strong>II ENE<\/strong><\/p>\n<p>As plen\u00e1rias e debates do II ENE acontecer\u00e3o nesta sexta e s\u00e1bado ( 17 e 18), no campus Darcy Ribeiro, da UnB. Organizado pelo Comit\u00ea Nacional \u201cEm defesa dos 10% do PIB para Educa\u00e7\u00e3o P\u00fablica, J\u00e1\u201d \u2013 do qual fazem parte entidades sindicais, movimentos sociais, populares e estudantis \u2013 o II ENE ir\u00e1 debater e sistematizar um conjunto de propostas que defendam a educa\u00e7\u00e3o p\u00fablica, gratuita, de qualidade, laica e referenciada nos trabalhadores. A organiza\u00e7\u00e3o do II ENE determinou seis eixos de debate para o encontro: gest\u00e3o; financiamento; avalia\u00e7\u00e3o; trabalho e forma\u00e7\u00e3o dos trabalhadores e trabalhadoras da educa\u00e7\u00e3o; acesso e perman\u00eancia; g\u00eanero, sexualidade, orienta\u00e7\u00e3o sexual e quest\u00f5es \u00e9tnico-raciais.<\/p>\n<p>Na manh\u00e3 de sexta (17), acontecer\u00e1 a mesa de abertura \u201cPor um projeto classista e democr\u00e1tico de educa\u00e7\u00e3o, contra o Ajuste Fiscal e a D\u00edvida P\u00fablica\u201d, no Centro Comunit\u00e1rio da UnB. \u00c0 tarde e a noite, os participantes se dividir\u00e3o em grupos de trabalho sobre os seis eixos de debate. J\u00e1 no s\u00e1bado (18), pela manh\u00e3, acontecer\u00e3o os pain\u00e9is tem\u00e1ticos e, \u00e0 tarde, a plen\u00e1ria final.<\/p>\n<p><em>Fonte:\u00a0ANDES-SN<\/em><\/p>\n<\/div>\n<div id=\"rodape\">\n<form id=\"frmAvaliacao\" action=\"http:\/\/www.andes.org.br\/andes\/print-ultimas-noticias\/print-ultimas-noticias.jsf\" method=\"post\" name=\"frmAvaliacao\" target=\"\"><\/form>\n<\/div>\n","protected":false},"excerpt":{"rendered":"<p>Marcha marcou a abertura do II Encontro Nacional de Educa\u00e7\u00e3o que acontece na UnB at\u00e9 s\u00e1bado (18) Mais de tr\u00eas mil pessoas, entre estudantes, docentes, t\u00e9cnicos, servidores p\u00fablicos federais, militantes de movimentos sociais, sindicais e populares foram \u00e0s ruas de Bras\u00edlia (DF), nesta quinta-feira (16), para cobrar mais investimento p\u00fablico em educa\u00e7\u00e3o p\u00fablica. A marcha&hellip;<\/p>\n","protected":false},"author":3,"featured_media":0,"comment_status":"closed","ping_status":"closed","sticky":false,"template":"","format":"standard","meta":{"footnotes":""},"categories":[15],"tags":[613,443,771],"class_list":["post-14116","post","type-post","status-publish","format-standard","hentry","category-noticias","tag-educacao-publica","tag-encontro-nacional-de-educacao","tag-ene","category-15","description-off"],"_links":{"self":[{"href":"https:\/\/www.adufpb.org.br\/site\/wp-json\/wp\/v2\/posts\/14116","targetHints":{"allow":["GET"]}}],"collection":[{"href":"https:\/\/www.adufpb.org.br\/site\/wp-json\/wp\/v2\/posts"}],"about":[{"href":"https:\/\/www.adufpb.org.br\/site\/wp-json\/wp\/v2\/types\/post"}],"author":[{"embeddable":true,"href":"https:\/\/www.adufpb.org.br\/site\/wp-json\/wp\/v2\/users\/3"}],"replies":[{"embeddable":true,"href":"https:\/\/www.adufpb.org.br\/site\/wp-json\/wp\/v2\/comments?post=14116"}],"version-history":[{"count":1,"href":"https:\/\/www.adufpb.org.br\/site\/wp-json\/wp\/v2\/posts\/14116\/revisions"}],"predecessor-version":[{"id":14119,"href":"https:\/\/www.adufpb.org.br\/site\/wp-json\/wp\/v2\/posts\/14116\/revisions\/14119"}],"wp:attachment":[{"href":"https:\/\/www.adufpb.org.br\/site\/wp-json\/wp\/v2\/media?parent=14116"}],"wp:term":[{"taxonomy":"category","embeddable":true,"href":"https:\/\/www.adufpb.org.br\/site\/wp-json\/wp\/v2\/categories?post=14116"},{"taxonomy":"post_tag","embeddable":true,"href":"https:\/\/www.adufpb.org.br\/site\/wp-json\/wp\/v2\/tags?post=14116"}],"curies":[{"name":"wp","href":"https:\/\/api.w.org\/{rel}","templated":true}]}}