{"id":1407,"date":"2010-12-02T10:45:37","date_gmt":"2010-12-02T14:45:37","guid":{"rendered":"http:\/\/www.adufpb.org.br\/site\/conselho-de-representantes-discute-campanha-salarial-2011\/"},"modified":"2010-12-02T11:12:26","modified_gmt":"2010-12-02T15:12:26","slug":"conselho-de-representantes-discute-campanha-salarial-2011","status":"publish","type":"post","link":"https:\/\/www.adufpb.org.br\/site\/conselho-de-representantes-discute-campanha-salarial-2011\/","title":{"rendered":"Conselho de Representantes discute campanha salarial 2011"},"content":{"rendered":"<p style=\"text-align: center;\"><a href=\"http:\/\/www.adufpb.org.br\/site\/wp-content\/uploads\/2010\/12\/Reuni\u00e3o-do-Conselho-de-Representantes-da-ADUFPB-30-NOV-2010.jpg\"><img loading=\"lazy\" decoding=\"async\" class=\"aligncenter size-full wp-image-1403\" title=\"Reuni\u00e3o do Conselho de Representantes da ADUFPB - 30 NOV 2010\" src=\"http:\/\/www.adufpb.org.br\/site\/wp-content\/uploads\/2010\/12\/Reuni\u00e3o-do-Conselho-de-Representantes-da-ADUFPB-30-NOV-2010.jpg\" alt=\"Reuni\u00e3o do Conselho de Representantes da ADUFPB - 30 NOV 2010\" width=\"717\" height=\"158\" srcset=\"https:\/\/www.adufpb.org.br\/site\/wp-content\/uploads\/2010\/12\/Reuni\u00e3o-do-Conselho-de-Representantes-da-ADUFPB-30-NOV-2010.jpg 1024w, https:\/\/www.adufpb.org.br\/site\/wp-content\/uploads\/2010\/12\/Reuni\u00e3o-do-Conselho-de-Representantes-da-ADUFPB-30-NOV-2010-300x65.jpg 300w\" sizes=\"auto, (max-width: 717px) 100vw, 717px\" \/><\/a><\/p>\n<p style=\"text-align: justify;\">A campanha salarial 2011 foi um dos temas centrais da reuni\u00e3o do Conselho de Representantes da ADUFPB, realizada na tarde da \u00faltima ter\u00e7a-feira (30). Os membros do grupo discutiram as propostas do ANDES-SN e as a\u00e7\u00f5es necess\u00e1rias para mobiliza\u00e7\u00e3o da categoria.<\/p>\n<p>V\u00e1rios conselheiros demonstraram preocupa\u00e7\u00e3o com indicativos de que o futuro governo da presidente eleita Dilma Rousseff tem a inten\u00e7\u00e3o de n\u00e3o propor aumento salarial no pr\u00f3ximo ano. \u201cEsse \u00e9 mais um motivo para n\u00f3s ampliarmos a mobiliza\u00e7\u00e3o\u201d, declarou o presidente da ADUFPB, Jaldes Reis de Meneses.<\/p>\n<p>De acordo com ele, \u00e9 importante que o Congresso do ANDES (a ser realizado entre os dias 14 e 20 de fevereiro, em Uberl\u00e2ndia, Minas Gerais) concentre esfor\u00e7os na discuss\u00e3o da campanha salarial e elabore uma pauta de reivindica\u00e7\u00f5es enxuta em torno da principal bandeira de luta: uma linha s\u00f3 no contracheque, com incorpora\u00e7\u00e3o de todas as gratifica\u00e7\u00f5es.<\/p>\n<p><a href=\"http:\/\/www.adufpb.org.br\/site\/wp-content\/uploads\/2010\/12\/Reuni\u00e3o-do-Conselho-de-Representantes-da-ADUFPB-3-30-NOV-2010.jpg\"><img loading=\"lazy\" decoding=\"async\" class=\"alignleft size-full wp-image-1405\" title=\"Reuni\u00e3o do Conselho de Representantes da ADUFPB [3] - 30 NOV 2010\" src=\"http:\/\/www.adufpb.org.br\/site\/wp-content\/uploads\/2010\/12\/Reuni\u00e3o-do-Conselho-de-Representantes-da-ADUFPB-3-30-NOV-2010.jpg\" alt=\"Reuni\u00e3o do Conselho de Representantes da ADUFPB [3] - 30 NOV 2010\" width=\"368\" height=\"277\" srcset=\"https:\/\/www.adufpb.org.br\/site\/wp-content\/uploads\/2010\/12\/Reuni\u00e3o-do-Conselho-de-Representantes-da-ADUFPB-3-30-NOV-2010.jpg 1024w, https:\/\/www.adufpb.org.br\/site\/wp-content\/uploads\/2010\/12\/Reuni\u00e3o-do-Conselho-de-Representantes-da-ADUFPB-3-30-NOV-2010-300x225.jpg 300w\" sizes=\"auto, (max-width: 368px) 100vw, 368px\" \/><\/a>O Conselho de Representantes tamb\u00e9m discutiu se ser\u00e1 realizada uma campanha espec\u00edfica s\u00f3 com o Setor das Ifes (Institui\u00e7\u00f5es Federais de Ensino Superior) ou em conjunto com os demais servidores p\u00fablicos federais. A quest\u00e3o ficou para ser melhor discutida nas pr\u00f3ximas reuni\u00f5es.<\/p>\n<p>\u201cAs explana\u00e7\u00f5es sobre a campanha foram muito ricas. Sinal que esse ser\u00e1 um tema que mobilizar\u00e1 toda a categoria em 2011. Ainda mais considerando que n\u00e3o h\u00e1 mais o acordo que balizou os reajustes dos \u00faltimos tr\u00eas anos, portanto precisamos estabelecer toda uma nova luta\u201d, declarou Jaldes.<\/p>\n<p><strong>Contas<\/strong><\/p>\n<p>Tamb\u00e9m na reuni\u00e3o de ter\u00e7a-feira, o Conselho de Representantes aprovou a presta\u00e7\u00e3o de contas da ADUFPB referente ao exerc\u00edcio de 2009. O parecer favor\u00e1vel foi concedido na \u00faltima reuni\u00e3o do grupo pela Comiss\u00e3o de Contas, formada pelos professores Anderson D\u2019Arc, Celidarque Dias e Rosa Zuleide Lima.<\/p>\n<p style=\"text-align: center;\"><a href=\"http:\/\/www.adufpb.org.br\/site\/wp-content\/uploads\/2010\/12\/Reuni\u00e3o-do-Conselho-de-Representantes-da-ADUFPB-2-30-NOV-2010.jpg\"><img loading=\"lazy\" decoding=\"async\" class=\"aligncenter size-full wp-image-1404\" title=\"Reuni\u00e3o do Conselho de Representantes da ADUFPB [2] - 30 NOV 2010\" src=\"http:\/\/www.adufpb.org.br\/site\/wp-content\/uploads\/2010\/12\/Reuni\u00e3o-do-Conselho-de-Representantes-da-ADUFPB-2-30-NOV-2010.jpg\" alt=\"Reuni\u00e3o do Conselho de Representantes da ADUFPB [2] - 30 NOV 2010\" width=\"614\" height=\"366\" srcset=\"https:\/\/www.adufpb.org.br\/site\/wp-content\/uploads\/2010\/12\/Reuni\u00e3o-do-Conselho-de-Representantes-da-ADUFPB-2-30-NOV-2010.jpg 1024w, https:\/\/www.adufpb.org.br\/site\/wp-content\/uploads\/2010\/12\/Reuni\u00e3o-do-Conselho-de-Representantes-da-ADUFPB-2-30-NOV-2010-300x178.jpg 300w\" sizes=\"auto, (max-width: 614px) 100vw, 614px\" \/><\/a><\/p>\n<p style=\"text-align: center;\">\n<p style=\"text-align: center;\"><a href=\"http:\/\/www.adufpb.org.br\/site\/wp-content\/uploads\/2010\/12\/Reuni\u00e3o-do-Conselho-de-Representantes-da-ADUFPB-4-30-NOV-2010.jpg\"><img loading=\"lazy\" decoding=\"async\" class=\"aligncenter size-full wp-image-1406\" title=\"Reuni\u00e3o do Conselho de Representantes da ADUFPB [4] - 30 NOV 2010\" src=\"http:\/\/www.adufpb.org.br\/site\/wp-content\/uploads\/2010\/12\/Reuni\u00e3o-do-Conselho-de-Representantes-da-ADUFPB-4-30-NOV-2010.jpg\" alt=\"Reuni\u00e3o do Conselho de Representantes da ADUFPB [4] - 30 NOV 2010\" width=\"614\" height=\"436\" srcset=\"https:\/\/www.adufpb.org.br\/site\/wp-content\/uploads\/2010\/12\/Reuni\u00e3o-do-Conselho-de-Representantes-da-ADUFPB-4-30-NOV-2010.jpg 1024w, https:\/\/www.adufpb.org.br\/site\/wp-content\/uploads\/2010\/12\/Reuni\u00e3o-do-Conselho-de-Representantes-da-ADUFPB-4-30-NOV-2010-300x212.jpg 300w\" sizes=\"auto, (max-width: 614px) 100vw, 614px\" \/><\/a><\/p>\n<p><em>Fonte: Ascom ADUFPB<\/em><\/p>\n","protected":false},"excerpt":{"rendered":"<p>A campanha salarial 2011 foi um dos temas centrais da reuni\u00e3o do Conselho de Representantes da ADUFPB, realizada na tarde da \u00faltima ter\u00e7a-feira (30). Os membros do grupo discutiram as propostas do ANDES-SN e as a\u00e7\u00f5es necess\u00e1rias para mobiliza\u00e7\u00e3o da categoria. V\u00e1rios conselheiros demonstraram preocupa\u00e7\u00e3o com indicativos de que o futuro governo da presidente eleita&hellip;<\/p>\n","protected":false},"author":3,"featured_media":0,"comment_status":"open","ping_status":"open","sticky":false,"template":"","format":"standard","meta":{"footnotes":""},"categories":[15],"tags":[143,141],"class_list":["post-1407","post","type-post","status-publish","format-standard","hentry","category-noticias","tag-campanha-salarial","tag-conselho-de-representantes","category-15","description-off"],"_links":{"self":[{"href":"https:\/\/www.adufpb.org.br\/site\/wp-json\/wp\/v2\/posts\/1407","targetHints":{"allow":["GET"]}}],"collection":[{"href":"https:\/\/www.adufpb.org.br\/site\/wp-json\/wp\/v2\/posts"}],"about":[{"href":"https:\/\/www.adufpb.org.br\/site\/wp-json\/wp\/v2\/types\/post"}],"author":[{"embeddable":true,"href":"https:\/\/www.adufpb.org.br\/site\/wp-json\/wp\/v2\/users\/3"}],"replies":[{"embeddable":true,"href":"https:\/\/www.adufpb.org.br\/site\/wp-json\/wp\/v2\/comments?post=1407"}],"version-history":[{"count":2,"href":"https:\/\/www.adufpb.org.br\/site\/wp-json\/wp\/v2\/posts\/1407\/revisions"}],"predecessor-version":[{"id":1409,"href":"https:\/\/www.adufpb.org.br\/site\/wp-json\/wp\/v2\/posts\/1407\/revisions\/1409"}],"wp:attachment":[{"href":"https:\/\/www.adufpb.org.br\/site\/wp-json\/wp\/v2\/media?parent=1407"}],"wp:term":[{"taxonomy":"category","embeddable":true,"href":"https:\/\/www.adufpb.org.br\/site\/wp-json\/wp\/v2\/categories?post=1407"},{"taxonomy":"post_tag","embeddable":true,"href":"https:\/\/www.adufpb.org.br\/site\/wp-json\/wp\/v2\/tags?post=1407"}],"curies":[{"name":"wp","href":"https:\/\/api.w.org\/{rel}","templated":true}]}}