{"id":13963,"date":"2016-06-10T11:59:55","date_gmt":"2016-06-10T14:59:55","guid":{"rendered":"http:\/\/www.adufpb.org.br\/site\/?p=13963"},"modified":"2016-06-10T11:59:55","modified_gmt":"2016-06-10T14:59:55","slug":"setor-das-ifes-intensifica-mobilizacao-e-divulga-nota-contra-pl-425115","status":"publish","type":"post","link":"https:\/\/www.adufpb.org.br\/site\/setor-das-ifes-intensifica-mobilizacao-e-divulga-nota-contra-pl-425115\/","title":{"rendered":"Setor das Ifes intensifica mobiliza\u00e7\u00e3o e divulga nota contra PL 4251\/15"},"content":{"rendered":"<p>O Setor das Institui\u00e7\u00f5es Federais de Ensino Superior (Setor das Ifes) do ANDES-SN se reuniu em Bras\u00edlia (DF) nos dias 4 e 5 de junho e divulgou uma nota na qual critica o\u00a0<a href=\"http:\/\/www.andes.org.br\/andes\/print-ultimas-noticias.andes?id=8163\" target=\"_blank\">Projeto de Lei (PL) 4251\/15<\/a>, que confisca sal\u00e1rios e imp\u00f5e mudan\u00e7as na carreira dos docentes federais, aprovado na C\u00e2mara Federal no dia 1\u00b0 de junho deste ano. A reuni\u00e3o foi a \u00faltima do Setor antes do 61\u00ba Conad, que acontecer\u00e1 em Boa Vista (RR) no final do m\u00eas e que dar\u00e1 posse \u00e0\u00a0<a href=\"http:\/\/www.andes.org.br\/andes\/print-ultimas-noticias.andes?id=8131\" target=\"_blank\">nova diretoria<\/a>\u00a0do Sindicato Nacional.<\/p>\n<p>Andr\u00e9 Guimar\u00e3es, 1\u00ba vice-presidente da Regional Norte II e um dos coordenadores do Setor das Ifes do ANDES-SN, avaliou positivamente a reuni\u00e3o e considerou que o resultado dos debates deu as respostas necess\u00e1rias \u00e0 din\u00e2mica da conjuntura pol\u00edtica nacional. \u201cN\u00f3s debatemos a aprova\u00e7\u00e3o do PL 4251 na C\u00e2mara, e mantivemos a posi\u00e7\u00e3o, j\u00e1 divulgada em novembro de 2015 quando o governo encaminhou a proposta ao ANDES-SN e a base rejeitou, e apresentou uma contraproposta que foi ignorada pelo Minist\u00e9rio do Planejamento. Esse PL significa o confisco dos sal\u00e1rios e o ataque ao regime de Dedica\u00e7\u00e3o Exclusiva (DE)\u201d, afirmou o docente.<\/p>\n<p>Segundo o diretor do ANDES-SN, o &#8220;reajuste&#8221; trazido pelo PL 4251 achata os sal\u00e1rios da categoria porque tem grande defasagem. Em 1\u00b0 de agosto, quando ser\u00e1 paga a primeira parcela do suposto reajuste, a defasagem em rela\u00e7\u00e3o a mar\u00e7o de 2015 atingir\u00e1 mais de 7%, sem considerar todas as perdas anteriores.<\/p>\n<p>Em rela\u00e7\u00e3o \u00e0s mudan\u00e7as na carreira, o Setor das Ifes classificou o projeto como um ataque ao regime de dedica\u00e7\u00e3o exclusiva. Segundo a nota &#8220;o PL explicita a desvaloriza\u00e7\u00e3o dos regimes de 40h e dedica\u00e7\u00e3o exclusiva (DE), na medida em que estabelece que a rela\u00e7\u00e3o entre 20h e 40h ter\u00e1 um percentual de 40% em 2019. E o regime de DE ter\u00e1 uma rela\u00e7\u00e3o de 100% para 20h. Ou seja, 40h n\u00e3o \u00e9 o dobro de 20h! e o regime de DE tem uma desvaloriza\u00e7\u00e3o enorme&#8221;.<\/p>\n<p>&#8220;A categoria rejeitou a maior parte do conte\u00fado do PL em novembro de 2015, pois se contrap\u00f5e \u00e0 nossa pauta.\u00a0H\u00e1 uma imposi\u00e7\u00e3o de medidas que a<strong>\u00a0<\/strong>tacam o sal\u00e1rio e carreira docente, ignorando as reivindica\u00e7\u00f5es expressa na greve de 2015&#8243;, lembrou\u00a0Andr\u00e9 Guimar\u00e3es.\u00a0<strong><\/strong><\/p>\n<p><strong>Desafios do Setor das Ifes<\/strong>\u00a0<strong>\u00a0<\/strong><\/p>\n<p>Para o docente, o PL 4251 est\u00e1 diretamente relacionado a outros projetos que atacam o car\u00e1ter p\u00fablico da educa\u00e7\u00e3o, a carreira dos docentes e as condi\u00e7\u00f5es de trabalho dos servidores p\u00fablicos, como o novo\u00a0<a href=\"http:\/\/www.andes.org.br\/andes\/print-ultimas-noticias.andes?id=7926\" target=\"_blank\">Marco Legal da Ci\u00eancia, Tecnologia e Inova\u00e7\u00e3o<\/a>, a\u00a0<a href=\"http:\/\/www.andes.org.br\/andes\/print-ultimas-noticias.andes?id=8136\" target=\"_blank\">Contrarreforma da Previd\u00eancia<\/a>\u00a0e o<a href=\"http:\/\/www.andes.org.br\/andes\/print-ultimas-noticias.andes?id=8065\" target=\"_blank\">\u00a0Projeto de Lei Complementar (PLP) 257\/16<\/a>.<\/p>\n<p>Andr\u00e9 Guimar\u00e3es completa que o desafio do Setor das Ifes para o pr\u00f3ximo per\u00edodo \u00e9 manter a mobiliza\u00e7\u00e3o em defesa da educa\u00e7\u00e3o p\u00fablica e das condi\u00e7\u00f5es de trabalho. \u201cDeliberamos manter a centralidade da nossa luta no combate aos ataques e \u00e0 retirada dos direitos. A\u00a0<a href=\"http:\/\/www.andes.org.br\/andes\/print-ultimas-noticias.andes?id=8168\" target=\"_blank\">Marcha em Defesa da Educa\u00e7\u00e3o P\u00fablica<\/a>, que acontecer\u00e1 no dia 16 de junho, em Bras\u00edlia, com mobiliza\u00e7\u00f5es e paralisa\u00e7\u00f5es nas Ifes em defesa dos servi\u00e7os p\u00fablicos e contra\u00a0a contrarreforma da Previd\u00eancia e o PLP 257\/16,\u00a0al\u00e9m das a\u00e7\u00f5es na semana de 6 a 10 de junho contra o PLP 257, ser\u00e3o algumas das pr\u00f3ximas atividades nas quais empreenderemos nossa for\u00e7a de mobiliza\u00e7\u00e3o\u201d, diz o coordenador do Setor das Ifes.<strong>\u00a0<\/strong><\/p>\n<div>\n<p>A Marcha marca o in\u00edcio do II Encontro Nacional de Educa\u00e7\u00e3o (ENE), que acontecer\u00e1 na Universidade de Bras\u00edlia (UnB) entre 16 e 18 de junho. O F\u00f3rum das Entidades Nacionais dos Servidores P\u00fablicos Federais (Fonasefe) participar\u00e1 da marcha, assim como outras entidades sindicais e movimentos populares e estudantis.<\/p>\n<p><strong>Confira a agenda de mobiliza\u00e7\u00e3o deliberada na reuni\u00e3o:<\/strong><\/p>\n<p><strong>JUNHO<\/strong><\/p>\n<p>6 a 10: Press\u00e3o sobre as lideran\u00e7as dos Partidos contra o PLP 257\/16 no Congresso Nacional\u00a0e nos estados;<\/p>\n<p>16: Dia Nacional de luta em defesa da Educa\u00e7\u00e3o P\u00fablica, gratuita e socialmente referenciada\u00a0e em defesa dos servi\u00e7os p\u00fablicos e contra a repress\u00e3o aos movimentos sociais e os ataques \u00e0\u00a0classe trabalhadora, principalmente a contrarreforma da previd\u00eancia e o PLP 257\/16, com\u00a0mobiliza\u00e7\u00f5es e paralisa\u00e7\u00f5es nas IFES e atividades em Bras\u00edlia-DF:<\/p>\n<p>&#8211; Marcha do II ENE \u201cEm defesa da Educa\u00e7\u00e3o P\u00fablica\u201d;<\/p>\n<p>&#8211; Ato \u201cEm defesa dos servi\u00e7os p\u00fablicos e contra os ataques \u00e0 classe trabalhadora\u201d;<\/p>\n<p>&#8211; Concentra\u00e7\u00e3o \u00e0s 13h em frente ao Museu da Rep\u00fablica;<\/p>\n<p>16: Reuni\u00e3o ampliada dos Servidores P\u00fablicos Federais, \u00e0s 18h, Hotel Imperial \u2013 Bras\u00edlia (DF);<\/p>\n<p>16 a 18: II Encontro Nacional de Educa\u00e7\u00e3o &#8211; Por um projeto classista e democr\u00e1tico de educa\u00e7\u00e3o. Local: Universidade de Bras\u00edlia (UnB).<\/p>\n<p>Confira\u00a0<a href=\"http:\/\/portal.andes.org.br\/imprensa\/noticias\/imp-ult-79968591.pdf\" target=\"_blank\">aqui<\/a>\u00a0a nota do Setor das Ifes contra o PL 4251\/15<\/p>\n<p>Confira\u00a0<a href=\"http:\/\/portal.andes.org.br\/imprensa\/noticias\/imp-ult-1129587250.pdf\" target=\"_blank\">aqui<\/a>\u00a0o relat\u00f3rio da reuni\u00e3o do Setor das Ifes<\/p>\n<p>&nbsp;<\/p>\n<p><em>Imagens de Adufpel-SSind<\/em><\/p>\n<p><em>Fonte:\u00a0ANDES-SN<\/em><\/p>\n<\/div>\n","protected":false},"excerpt":{"rendered":"<p>O Setor das Institui\u00e7\u00f5es Federais de Ensino Superior (Setor das Ifes) do ANDES-SN se reuniu em Bras\u00edlia (DF) nos dias 4 e 5 de junho e divulgou uma nota na qual critica o\u00a0Projeto de Lei (PL) 4251\/15, que confisca sal\u00e1rios e imp\u00f5e mudan\u00e7as na carreira dos docentes federais, aprovado na C\u00e2mara Federal no dia 1\u00b0&hellip;<\/p>\n","protected":false},"author":3,"featured_media":0,"comment_status":"closed","ping_status":"closed","sticky":false,"template":"","format":"standard","meta":{"footnotes":""},"categories":[15],"tags":[25,202,787],"class_list":["post-13963","post","type-post","status-publish","format-standard","hentry","category-noticias","tag-carreira-docente","tag-ifes","tag-pl-4251","category-15","description-off"],"_links":{"self":[{"href":"https:\/\/www.adufpb.org.br\/site\/wp-json\/wp\/v2\/posts\/13963","targetHints":{"allow":["GET"]}}],"collection":[{"href":"https:\/\/www.adufpb.org.br\/site\/wp-json\/wp\/v2\/posts"}],"about":[{"href":"https:\/\/www.adufpb.org.br\/site\/wp-json\/wp\/v2\/types\/post"}],"author":[{"embeddable":true,"href":"https:\/\/www.adufpb.org.br\/site\/wp-json\/wp\/v2\/users\/3"}],"replies":[{"embeddable":true,"href":"https:\/\/www.adufpb.org.br\/site\/wp-json\/wp\/v2\/comments?post=13963"}],"version-history":[{"count":1,"href":"https:\/\/www.adufpb.org.br\/site\/wp-json\/wp\/v2\/posts\/13963\/revisions"}],"predecessor-version":[{"id":13964,"href":"https:\/\/www.adufpb.org.br\/site\/wp-json\/wp\/v2\/posts\/13963\/revisions\/13964"}],"wp:attachment":[{"href":"https:\/\/www.adufpb.org.br\/site\/wp-json\/wp\/v2\/media?parent=13963"}],"wp:term":[{"taxonomy":"category","embeddable":true,"href":"https:\/\/www.adufpb.org.br\/site\/wp-json\/wp\/v2\/categories?post=13963"},{"taxonomy":"post_tag","embeddable":true,"href":"https:\/\/www.adufpb.org.br\/site\/wp-json\/wp\/v2\/tags?post=13963"}],"curies":[{"name":"wp","href":"https:\/\/api.w.org\/{rel}","templated":true}]}}