{"id":13937,"date":"2016-06-07T10:17:13","date_gmt":"2016-06-07T13:17:13","guid":{"rendered":"http:\/\/www.adufpb.org.br\/site\/?p=13937"},"modified":"2016-06-07T10:17:13","modified_gmt":"2016-06-07T13:17:13","slug":"andes-sn-divulga-caderno-de-textos-do-61o-conad","status":"publish","type":"post","link":"https:\/\/www.adufpb.org.br\/site\/andes-sn-divulga-caderno-de-textos-do-61o-conad\/","title":{"rendered":"ANDES-SN divulga Caderno de Textos do 61\u00ba Conad"},"content":{"rendered":"<p>O ANDES-SN divulgou na \u00faltima quarta-feira (1) o\u00a0<a href=\"http:\/\/portal.andes.org.br\/imprensa\/noticias\/imp-pri-1165773099.pdf\" target=\"_blank\">Caderno de Textos<\/a>\u00a0do 61\u00ba Conad, que acontecer\u00e1 de 30 de junho \u00e0 3 de julho, em Boa Vista (RR). O encontro, que ter\u00e1 como tema central, \u201cDefesa dos direitos sociais, da educa\u00e7\u00e3o e servi\u00e7os p\u00fablicos\u201d, tamb\u00e9m dar\u00e1 posse \u00e0 nova diretoria do Sindicato Nacional, que estar\u00e1 \u00e0 frente da entidade no bi\u00eanio 2016\/2018. Durante o 61\u00ba Conad, ser\u00e1 lan\u00e7ada tamb\u00e9m a 58\u00ba edi\u00e7\u00e3o da\u00a0<a href=\"http:\/\/www.andes.org.br\/andes\/print-revista-index.andes\" target=\"_blank\">Revista Universidade e Sociedade<\/a>.<\/p>\n<p>O Sindicato Nacional recebeu 26 textos, entre contribui\u00e7\u00f5es da diretoria nacional e de sindicalizados. Conforme delibera\u00e7\u00e3o do 59\u00ba Conad, a apresenta\u00e7\u00e3o de textos referentes ao Tema I \u2013 Movimento Docente e Conjuntura: avalia\u00e7\u00e3o da atua\u00e7\u00e3o do ANDES-SN frente \u00e0s a\u00e7\u00f5es estabelecidas no 35\u00ba Congresso \u2013 \u00e9 restrita ao Caderno de Textos principal. J\u00e1 os textos sobre as demais tem\u00e1ticas, que forem enviados at\u00e9 o dia 16 de junho integrar\u00e3o o Anexo ao Caderno. Informa\u00e7\u00f5es sobre os temas e formatos para os textos podem ser encontradas na\u00a0<a href=\"http:\/\/portal.andes.org.br\/imprensa\/noticias\/imp-ult-1851105421.pdf\" target=\"_blank\">circular de convoca\u00e7\u00e3o<\/a>.<\/p>\n<p><strong>Credenciamento<br \/>\n<\/strong>O credenciamento pr\u00e9vio ser\u00e1 feito entre os dias 1 e 28 de junho, atrav\u00e9s do envio, por correio eletr\u00f4nico, da documenta\u00e7\u00e3o regimental para inscri\u00e7\u00e3o de delegado e observadores e observadores suplentes do delegado. O credenciamento durante o evento acontecer\u00e1 no dia 30 de junho, das 9h \u00e0s 12h e das 14h \u00e0s 17h.<\/p>\n<p>Confira aqui\u00a0<a href=\"http:\/\/www.andes.org.br\/andes\/print-principais-noticias.andes?id=154\" target=\"_blank\">todas as informa\u00e7\u00f5es sobre o 61\u00ba Conad.<\/a><\/p>\n<p><em>Fonte:\u00a0ANDES-SN<\/em><\/p>\n<p>&nbsp;<\/p>\n","protected":false},"excerpt":{"rendered":"<p>O ANDES-SN divulgou na \u00faltima quarta-feira (1) o\u00a0Caderno de Textos\u00a0do 61\u00ba Conad, que acontecer\u00e1 de 30 de junho \u00e0 3 de julho, em Boa Vista (RR). O encontro, que ter\u00e1 como tema central, \u201cDefesa dos direitos sociais, da educa\u00e7\u00e3o e servi\u00e7os p\u00fablicos\u201d, tamb\u00e9m dar\u00e1 posse \u00e0 nova diretoria do Sindicato Nacional, que estar\u00e1 \u00e0 frente&hellip;<\/p>\n","protected":false},"author":3,"featured_media":0,"comment_status":"closed","ping_status":"closed","sticky":false,"template":"","format":"standard","meta":{"footnotes":""},"categories":[15],"tags":[789,293,164],"class_list":["post-13937","post","type-post","status-publish","format-standard","hentry","category-noticias","tag-61o-conad","tag-caderno-de-textos","tag-conad","category-15","description-off"],"_links":{"self":[{"href":"https:\/\/www.adufpb.org.br\/site\/wp-json\/wp\/v2\/posts\/13937","targetHints":{"allow":["GET"]}}],"collection":[{"href":"https:\/\/www.adufpb.org.br\/site\/wp-json\/wp\/v2\/posts"}],"about":[{"href":"https:\/\/www.adufpb.org.br\/site\/wp-json\/wp\/v2\/types\/post"}],"author":[{"embeddable":true,"href":"https:\/\/www.adufpb.org.br\/site\/wp-json\/wp\/v2\/users\/3"}],"replies":[{"embeddable":true,"href":"https:\/\/www.adufpb.org.br\/site\/wp-json\/wp\/v2\/comments?post=13937"}],"version-history":[{"count":1,"href":"https:\/\/www.adufpb.org.br\/site\/wp-json\/wp\/v2\/posts\/13937\/revisions"}],"predecessor-version":[{"id":13938,"href":"https:\/\/www.adufpb.org.br\/site\/wp-json\/wp\/v2\/posts\/13937\/revisions\/13938"}],"wp:attachment":[{"href":"https:\/\/www.adufpb.org.br\/site\/wp-json\/wp\/v2\/media?parent=13937"}],"wp:term":[{"taxonomy":"category","embeddable":true,"href":"https:\/\/www.adufpb.org.br\/site\/wp-json\/wp\/v2\/categories?post=13937"},{"taxonomy":"post_tag","embeddable":true,"href":"https:\/\/www.adufpb.org.br\/site\/wp-json\/wp\/v2\/tags?post=13937"}],"curies":[{"name":"wp","href":"https:\/\/api.w.org\/{rel}","templated":true}]}}