{"id":13903,"date":"2016-06-01T08:55:04","date_gmt":"2016-06-01T12:55:04","guid":{"rendered":"http:\/\/www.adufpb.org.br\/site\/?p=13903"},"modified":"2016-06-01T08:55:04","modified_gmt":"2016-06-01T12:55:04","slug":"de-frente-brasil","status":"publish","type":"post","link":"https:\/\/www.adufpb.org.br\/site\/de-frente-brasil\/","title":{"rendered":"De frente, Brasil!"},"content":{"rendered":"<p><em>Rolando Lazarte*<\/em><\/p>\n<p>Tal vez uma das caracter\u00edsticas que mais definem um claro proceder, seja a que est\u00e1 expressa nesta breve express\u00e3o:\u00a0<em>de frente<\/em>. Aquilo que \u00e9 correto, o que est\u00e1 determinado pela nossa certeza de estarmos agindo de acordo com o bem, \u00e9 feito \u00e0s claras, \u00e0 vista de todo mundo.<\/p>\n<p>N\u00e3o \u00e9 assim, no entanto, que age o grupo que visa destituir a presidenta da Rep\u00fablica, Dilma Rousseff. Agem pelas costas. Acordos secretos, revelados pelas grava\u00e7\u00f5es recentemente divulgadas, onde manifestam as suas reais inten\u00e7\u00f5es por tr\u00e1s da m\u00e1scara do \u201cimpeachment\u201d ilegal.<\/p>\n<p>Ju\u00edzes, parlamentares, imprensa golpista, e os seus apoiadores, agem pelas costas. O pr\u00f3prio atual presidente ileg\u00edtimo, \u00e9 um exemplo desta forma de agir pelas costas. Trai\u00e7\u00e3o. FHC, A\u00e9cio, toda a ninhada tucana e seus aliados, s\u00e3o um exemplo claro desta forma de agir \u00e0 trai\u00e7\u00e3o.<\/p>\n<p>O que \u00e9 que nos resta \u2013aos que, do lado de c\u00e1, do lado da sociedade que age \u00e0s claras\u2013 frente a esta situa\u00e7\u00e3o que parece estar j\u00e1 definida em favor da queda da democracia? N\u00e3o h\u00e1 justi\u00e7a, a justi\u00e7a est\u00e1 do lado de l\u00e1, do lado de quem quer a queda da democracia.<\/p>\n<p>A pregunta \u00e9 longa, mas as respostas tal vez n\u00e3o o sejam tanto. Temos a nossa consci\u00eancia. A consci\u00eancia pode ter algum qu\u00ea de inocente. Uma certa caracter\u00edstica de se deixar levar. Uma certa passividade, se se quer.<\/p>\n<p>Enquanto quem age para o mal premedita, confabula, calcula e pesa, n\u00f3s tamb\u00e9m calculamos e pesamos, mas de outra maneira. Com outra finalidade. Desde outra perspectiva. N\u00e3o para verificarmos o quanto iremos ganhar ou perder com o nosso agir. mas para termos em claro o que \u00e9 e o que n\u00e3o pode ser, de acordo com a nossa no\u00e7\u00e3o do dever.<\/p>\n<p>As a\u00e7\u00f5es do governo de exce\u00e7\u00e3o mostram nitidamente, um plano calculado para quebrar o Brasil. Quebrar o projeto de pa\u00eds includente que veio sendo constru\u00eddo laboriosamente, coletivamente, em todos estes anos desde a lenta apertura, ainda sob a ditadura, at\u00e9 pouco tempo atr\u00e1s, sob os governos do PT.<\/p>\n<p>O governo ilegal agride tudo quanto pode, para mostrar a que veio. Ataca os direitos sociais e trabalhistas, com a pressa de quem sabe que age fora da lei (embora tenha a justi\u00e7a do seu lado). Sa\u00fade, educa\u00e7\u00e3o, habita\u00e7\u00e3o, garantias trabalhistas. Tudo \u00e9 agredido, com a sanha e a covardia da prepot\u00eancia autorit\u00e1ria.<\/p>\n<p>A liberdade de express\u00e3o \u00e9 amorda\u00e7ada. A intimida\u00e7\u00e3o toma conta. A incerteza se estabelece.<\/p>\n<p><strong>O que fazer?<\/strong>\u00a0O que \u00e9 que podemos e devemos fazer? As respostas s\u00e3o muitas e diversas. O que estamos fazendo. Continuar a agir de acordo com a nossa consci\u00eancia. Somando na diferen\u00e7a. Crescendo na pluralidade e na solidariedade. O mal n\u00e3o \u00e9 onipotente, embora a impunidade do seu agir tente nos convencer do contr\u00e1rio.<\/p>\n<p>J\u00e1 que n\u00e3o existe um judici\u00e1rio que atue dentro da lei e na sua defesa, obrigatoriamente temos que tratar de ter muito cuidado para n\u00e3o cair nas ciladas do advers\u00e1rio. Manter a nossa aten\u00e7\u00e3o e o nosso foco no bem a alcan\u00e7ar: a restitui\u00e7\u00e3o do pa\u00eds ao estado de direito. A volta da democracia.<\/p>\n<p>O retorno da presidenta eleita ao seu cargo, para, a partir da\u00ed, decidir que passos devem ser dados para que o Brasil possa prosseguir com o seu caminho como na\u00e7\u00e3o independente de todo interesse estrangeiro e de toda domina\u00e7\u00e3o olig\u00e1rquica. Um pa\u00eds para todos e todas. Esse \u00e9 o nosso destino. Essa a nossa meta. Para frente, Brasil! De frente!<\/p>\n<p>&#8212;<\/p>\n<p>* Soci\u00f3logo. Membro do Grupo de Estudos e Pesquisas em Sa\u00fade Mental comunit\u00e1ria-UFPB.<\/p>\n","protected":false},"excerpt":{"rendered":"<p>Rolando Lazarte* Tal vez uma das caracter\u00edsticas que mais definem um claro proceder, seja a que est\u00e1 expressa nesta breve express\u00e3o:\u00a0de frente. Aquilo que \u00e9 correto, o que est\u00e1 determinado pela nossa certeza de estarmos agindo de acordo com o bem, \u00e9 feito \u00e0s claras, \u00e0 vista de todo mundo. N\u00e3o \u00e9 assim, no entanto,&hellip;<\/p>\n","protected":false},"author":3,"featured_media":0,"comment_status":"closed","ping_status":"closed","sticky":false,"template":"","format":"standard","meta":{"footnotes":""},"categories":[16,15],"tags":[],"class_list":["post-13903","post","type-post","status-publish","format-standard","hentry","category-artigos","category-noticias","category-16","category-15","description-off"],"_links":{"self":[{"href":"https:\/\/www.adufpb.org.br\/site\/wp-json\/wp\/v2\/posts\/13903","targetHints":{"allow":["GET"]}}],"collection":[{"href":"https:\/\/www.adufpb.org.br\/site\/wp-json\/wp\/v2\/posts"}],"about":[{"href":"https:\/\/www.adufpb.org.br\/site\/wp-json\/wp\/v2\/types\/post"}],"author":[{"embeddable":true,"href":"https:\/\/www.adufpb.org.br\/site\/wp-json\/wp\/v2\/users\/3"}],"replies":[{"embeddable":true,"href":"https:\/\/www.adufpb.org.br\/site\/wp-json\/wp\/v2\/comments?post=13903"}],"version-history":[{"count":1,"href":"https:\/\/www.adufpb.org.br\/site\/wp-json\/wp\/v2\/posts\/13903\/revisions"}],"predecessor-version":[{"id":13904,"href":"https:\/\/www.adufpb.org.br\/site\/wp-json\/wp\/v2\/posts\/13903\/revisions\/13904"}],"wp:attachment":[{"href":"https:\/\/www.adufpb.org.br\/site\/wp-json\/wp\/v2\/media?parent=13903"}],"wp:term":[{"taxonomy":"category","embeddable":true,"href":"https:\/\/www.adufpb.org.br\/site\/wp-json\/wp\/v2\/categories?post=13903"},{"taxonomy":"post_tag","embeddable":true,"href":"https:\/\/www.adufpb.org.br\/site\/wp-json\/wp\/v2\/tags?post=13903"}],"curies":[{"name":"wp","href":"https:\/\/api.w.org\/{rel}","templated":true}]}}