{"id":1385,"date":"2010-11-22T13:34:42","date_gmt":"2010-11-22T17:34:42","guid":{"rendered":"http:\/\/www.adufpb.org.br\/site\/?p=1385"},"modified":"2010-11-22T13:34:42","modified_gmt":"2010-11-22T17:34:42","slug":"seminario-da-adufpb-discute-campanha-salarial-2011","status":"publish","type":"post","link":"https:\/\/www.adufpb.org.br\/site\/seminario-da-adufpb-discute-campanha-salarial-2011\/","title":{"rendered":"Semin\u00e1rio da ADUFPB discute campanha salarial 2011"},"content":{"rendered":"<p><a href=\"http:\/\/www.adufpb.org.br\/site\/wp-content\/uploads\/2010\/11\/DSC_1194.JPG\"><img loading=\"lazy\" decoding=\"async\" class=\"alignleft size-medium wp-image-1386\" title=\"DSC_1194\" src=\"http:\/\/www.adufpb.org.br\/site\/wp-content\/uploads\/2010\/11\/DSC_1194-300x199.jpg\" alt=\"DSC_1194\" width=\"300\" height=\"199\" srcset=\"https:\/\/www.adufpb.org.br\/site\/wp-content\/uploads\/2010\/11\/DSC_1194-300x199.jpg 300w, https:\/\/www.adufpb.org.br\/site\/wp-content\/uploads\/2010\/11\/DSC_1194.JPG 1024w\" sizes=\"auto, (max-width: 300px) 100vw, 300px\" \/><\/a>A ADUFPB realizou quinta e sexta-feira (18 e 19), no Hotel Litoral, em Jo\u00e3o Pessoa, o Semin\u00e1rio \u201cBrasil, Carreira Docente e Campanha Salarial 2011\u201d, que contou com a participa\u00e7\u00e3o da presidente do ANDES-SN (Sindicato Nacional dos Docentes das Institui\u00e7\u00f5es de Ensino Superior), Marina Barbosa Pinto. O evento foi aberto na quinta-feira, \u00e0s 20h, com palestra do presidente da ADUFPB, Jaldes Reis de Meneses, e do professor Jair Batista da Silva, do Programa de P\u00f3s Gradua\u00e7\u00e3o em Sociologia da UFPB.<\/p>\n<p>Jaldes apresentou dados que revelam as perdas salariais sofridas pelos docentes ao longo dos \u00faltimos anos. \u201cEntre as 70 categorias de servidores p\u00fablicos federais que exigem titula\u00e7\u00e3o, somos, hoje, a 61\u00aa em termos de vencimento b\u00e1sico\u201d, revela (<a href=\"http:\/\/www.adufpb.org.br\/site\/wp-content\/uploads\/2010\/APRESENTACAO-SEMINARIO-CARREIRA-NOV-2010.ppt\" target=\"_blank\">fa\u00e7a o download da apresenta\u00e7\u00e3o exibida pelo professor Jaldes<\/a>).<\/p>\n<ul>\n<li><a href=\"http:\/\/www.flickr.com\/photos\/galeria-adufpb\/\" target=\"_blank\">Veja as imagens do Semin\u00e1rio na galeria de fotos da ADUFPB<\/a><\/li>\n<\/ul>\n<p>O Pa\u00eds tem, atualmente, aproximadamente 92 mil professores federais de ensino superior, entre ativos e inativos, informa o presidente da ADUFPB. \u00c9 importante, de acordo com ele, que toda a categoria participe das a\u00e7\u00f5es de mobiliza\u00e7\u00e3o e de planejamento da campanha salarial de 2011 que j\u00e1 v\u00eam sendo realizadas pelo ANDES-SN.<\/p>\n<p><a href=\"http:\/\/www.adufpb.org.br\/site\/wp-content\/uploads\/2010\/11\/DSC_1131.jpg\"><img loading=\"lazy\" decoding=\"async\" class=\"alignright size-medium wp-image-1387\" title=\"DSC_1131\" src=\"http:\/\/www.adufpb.org.br\/site\/wp-content\/uploads\/2010\/11\/DSC_1131-300x199.jpg\" alt=\"DSC_1131\" width=\"300\" height=\"199\" srcset=\"https:\/\/www.adufpb.org.br\/site\/wp-content\/uploads\/2010\/11\/DSC_1131-300x199.jpg 300w, https:\/\/www.adufpb.org.br\/site\/wp-content\/uploads\/2010\/11\/DSC_1131.jpg 1024w\" sizes=\"auto, (max-width: 300px) 100vw, 300px\" \/><\/a>\u201cE \u00e9 necess\u00e1rio, tamb\u00e9m diferenciar negocia\u00e7\u00e3o salarial de negocia\u00e7\u00e3o de carreira. Al\u00e9m de exigir reajuste justo, temos que lutar para atingir uma carreira mais simples, n\u00e3o que venda benef\u00edcios, mas que promova a uni\u00e3o da categoria e n\u00e3o sua fragmenta\u00e7\u00e3o\u201d, declara o presidente da ADUFPB.<\/p>\n<p>O professor Jair Batista exp\u00f4s em sua fala o processo de precariza\u00e7\u00e3o do trabalho no Pa\u00eds. \u201cE no interior desse processo, observamos a precariza\u00e7\u00e3o do trabalho docente, que se manifesta na forma de perdas e de arrochos salariais e no crescimento de exig\u00eancias centradas na cultura produtivista, como n\u00famero de orientandos, publica\u00e7\u00e3o de papers e outras, que tendem a rebaixar a qualidade da produ\u00e7\u00e3o acad\u00eamica\u201d, declarou.<\/p>\n<p><strong>ANDES-SN<\/strong><\/p>\n<p>A presidente do ANDES-SN, Marina Barbosa, tamb\u00e9m destacou o fato de que a campanha 2011 tratar\u00e1 separadamente assuntos salariais e assuntos de carreira. \u201cAo longo dos \u00faltimos per\u00edodos, a carreira foi utilizada para resolver problemas de perdas salariais. Isso \u00e9 um problema, porque faz com que a carreira deixe de ser um instrumento de valoriza\u00e7\u00e3o do profissional para ser componente de reposi\u00e7\u00e3o salarial\u201d, afirma.<\/p>\n<p><a href=\"http:\/\/www.adufpb.org.br\/site\/wp-content\/uploads\/2010\/11\/DSC_1212.JPG\"><img loading=\"lazy\" decoding=\"async\" class=\"size-full wp-image-1388 alignnone\" title=\"DSC_1212\" src=\"http:\/\/www.adufpb.org.br\/site\/wp-content\/uploads\/2010\/11\/DSC_1212.JPG\" alt=\"DSC_1212\" width=\"737\" height=\"491\" srcset=\"https:\/\/www.adufpb.org.br\/site\/wp-content\/uploads\/2010\/11\/DSC_1212.JPG 1024w, https:\/\/www.adufpb.org.br\/site\/wp-content\/uploads\/2010\/11\/DSC_1212-300x199.jpg 300w\" sizes=\"auto, (max-width: 737px) 100vw, 737px\" \/><\/a><\/p>\n<p style=\"text-align: left;\">Durante sua fala, no segundo dia do Semin\u00e1rio \u201cBrasil, Carreira Docente e Campanha Salarial 2011\u201d, na manh\u00e3 de sexta-feira (19), Marina listou alguns elementos graves da proposta de reestrutura\u00e7\u00e3o da carreira docente preparada pelo Minist\u00e9rio do Planejamento.<\/p>\n<p>Segundo ela, o Sindicato Nacional considera errado o fato de o governo tratar de gratifica\u00e7\u00f5es em um projeto destinado \u00e0 carreira, pois h\u00e1 lei espec\u00edfica sobre gratifica\u00e7\u00f5es. \u201cE \u00e9 errado existir uma gratifica\u00e7\u00e3o pelo exerc\u00edcio do magist\u00e9rio superior. Afinal, como se gratificar um profissional para exercer justamente a atividade fim para a qual ele foi contratado?\u201d, questiona.<\/p>\n<p><strong>Proposta alternativa<\/strong><\/p>\n<p>Marina Barbosa tamb\u00e9m apresentou a proposta constru\u00edda pelo Setor das Federais do ANDES-SN para carreira dos docentes. No debate, foram aprofundadas quest\u00f5es referentes \u00e0 valoriza\u00e7\u00e3o do trabalho docente, no contexto atual das institui\u00e7\u00f5es de Ensino Superior, em particular. Tamb\u00e9m foi discutida a campanha salarial de 2011, com destaque para a luta por \u201cuma s\u00f3 linha no contracheque\u201d e a rela\u00e7\u00e3o do sal\u00e1rio docente com outras categorias do servi\u00e7o p\u00fablico federal.<\/p>\n<p>Como alternativa ao projeto do governo, a proposta dos ANDES-SN (elaborada com base no que se foi discutido em reuni\u00f5es e debates com a categoria) prev\u00ea um plano de carreira de cargo \u00fanico para o conjunto dos docentes, unificando toda a categoria. \u201cSeria a carreira de Professor Federal\u201d, explica.<\/p>\n<p>O topo da carreira seria atingido aos 25 anos de servi\u00e7o, ao longo de 13 n\u00edveis, com incremento de 5% na remunera\u00e7\u00e3o a cada interst\u00edcio. O crescimento se daria de dois em dois anos, com base no tempo de servi\u00e7o, na forma\u00e7\u00e3o continuada e na avalia\u00e7\u00e3o. Haveria, tamb\u00e9m, a incorpora\u00e7\u00e3o de todas as gratifica\u00e7\u00f5es.<\/p>\n<ul>\n<li><strong>Mobiliza\u00e7\u00e3o<\/strong><\/li>\n<\/ul>\n<p>A presidente do ANDES-SN, Marina Barbosa, declarou satisfa\u00e7\u00e3o por participar do Semin\u00e1rio \u201cBrasil, Carreira Docente e Campanha Salarial 2011\u201d. \u201c\u00c9 uma enorme satisfa\u00e7\u00e3o estar presente a este evento de uma sess\u00e3o sindical que tem tradi\u00e7\u00e3o de mobiliza\u00e7\u00e3o, como \u00e9 a ADUFPB. E a expectativa \u00e9 de que ele possa mobilizar ainda mais os setores da universidade em torno das lutas salariais e de carreira que ser\u00e3o travadas no Congresso Nacional agora em 2011\u201d.<\/p>\n<ul>\n<li><strong>Congresso do ANDES<\/strong><\/li>\n<\/ul>\n<p>Marina lembrou que, entre os dias 14 e 20 de fevereiro, todas as sedes sindicais ir\u00e3o se reuni\u00e3o no 30\u00ba Congresso do ANDES-SN, que ser\u00e1 realizado em Uberl\u00e2ndia, Minas Gerais. O encontro do pr\u00f3ximo ano ter\u00e1 como tema \u201cUniversidade P\u00fablica, Trabalho Acad\u00eamico e Cr\u00edtica Social\u201d. Os delegados da ADUFPB que participar\u00e3o do Congresso devem ser definidos na Assembleia Geral que o sindicato realiza no dia 14 de dezembro, segundo adiantou o presidente Jaldes Reis de Meneses.<\/p>\n<p><em>Fonte: Ascom ADUFPB<\/em><\/p>\n<div id=\"_mcePaste\" style=\"position: absolute; left: -10000px; top: 0px; width: 1px; height: 1px; overflow: hidden;\"><span class=\"yiv581986924Apple-style-span\" style=\"font-size: 13px; line-height: 19px;\">download <\/span><\/div>\n","protected":false},"excerpt":{"rendered":"<p>A ADUFPB realizou quinta e sexta-feira (18 e 19), no Hotel Litoral, em Jo\u00e3o Pessoa, o Semin\u00e1rio \u201cBrasil, Carreira Docente e Campanha Salarial 2011\u201d, que contou com a participa\u00e7\u00e3o da presidente do ANDES-SN (Sindicato Nacional dos Docentes das Institui\u00e7\u00f5es de Ensino Superior), Marina Barbosa Pinto. O evento foi aberto na quinta-feira, \u00e0s 20h, com palestra&hellip;<\/p>\n","protected":false},"author":3,"featured_media":0,"comment_status":"open","ping_status":"open","sticky":false,"template":"","format":"standard","meta":{"footnotes":""},"categories":[15],"tags":[92,28,25],"class_list":["post-1385","post","type-post","status-publish","format-standard","hentry","category-noticias","tag-andes","tag-carreira","tag-carreira-docente","category-15","description-off"],"_links":{"self":[{"href":"https:\/\/www.adufpb.org.br\/site\/wp-json\/wp\/v2\/posts\/1385","targetHints":{"allow":["GET"]}}],"collection":[{"href":"https:\/\/www.adufpb.org.br\/site\/wp-json\/wp\/v2\/posts"}],"about":[{"href":"https:\/\/www.adufpb.org.br\/site\/wp-json\/wp\/v2\/types\/post"}],"author":[{"embeddable":true,"href":"https:\/\/www.adufpb.org.br\/site\/wp-json\/wp\/v2\/users\/3"}],"replies":[{"embeddable":true,"href":"https:\/\/www.adufpb.org.br\/site\/wp-json\/wp\/v2\/comments?post=1385"}],"version-history":[{"count":4,"href":"https:\/\/www.adufpb.org.br\/site\/wp-json\/wp\/v2\/posts\/1385\/revisions"}],"predecessor-version":[{"id":1392,"href":"https:\/\/www.adufpb.org.br\/site\/wp-json\/wp\/v2\/posts\/1385\/revisions\/1392"}],"wp:attachment":[{"href":"https:\/\/www.adufpb.org.br\/site\/wp-json\/wp\/v2\/media?parent=1385"}],"wp:term":[{"taxonomy":"category","embeddable":true,"href":"https:\/\/www.adufpb.org.br\/site\/wp-json\/wp\/v2\/categories?post=1385"},{"taxonomy":"post_tag","embeddable":true,"href":"https:\/\/www.adufpb.org.br\/site\/wp-json\/wp\/v2\/tags?post=1385"}],"curies":[{"name":"wp","href":"https:\/\/api.w.org\/{rel}","templated":true}]}}