{"id":1381,"date":"2010-11-10T12:51:58","date_gmt":"2010-11-10T16:51:58","guid":{"rendered":"http:\/\/www.adufpb.org.br\/site\/programa-de-educacao-postural-encerra-inscricoes-sexta-feira\/"},"modified":"2010-11-10T12:51:58","modified_gmt":"2010-11-10T16:51:58","slug":"programa-de-educacao-postural-encerra-inscricoes-sexta-feira","status":"publish","type":"post","link":"https:\/\/www.adufpb.org.br\/site\/programa-de-educacao-postural-encerra-inscricoes-sexta-feira\/","title":{"rendered":"Programa de educa\u00e7\u00e3o postural encerra inscri\u00e7\u00f5es sexta-feira"},"content":{"rendered":"<p><a href=\"http:\/\/www.adufpb.org.br\/site\/wp-content\/uploads\/2010\/11\/Mantenha-se-ativo-foto.JPG\"><img loading=\"lazy\" decoding=\"async\" class=\"alignleft size-medium wp-image-1380\" title=\"Mantenha-se ativo (foto)\" src=\"http:\/\/www.adufpb.org.br\/site\/wp-content\/uploads\/2010\/11\/Mantenha-se-ativo-foto-300x225.jpg\" alt=\"Mantenha-se ativo (foto)\" width=\"300\" height=\"225\" srcset=\"https:\/\/www.adufpb.org.br\/site\/wp-content\/uploads\/2010\/11\/Mantenha-se-ativo-foto-300x225.jpg 300w, https:\/\/www.adufpb.org.br\/site\/wp-content\/uploads\/2010\/11\/Mantenha-se-ativo-foto-1024x768.jpg 1024w, https:\/\/www.adufpb.org.br\/site\/wp-content\/uploads\/2010\/11\/Mantenha-se-ativo-foto.JPG 2048w\" sizes=\"auto, (max-width: 300px) 100vw, 300px\" \/><\/a>Encontram-se abertas at\u00e9 sexta feira (12 de novembro) as inscri\u00e7\u00f5es para o programa de extens\u00e3o \u201cMantenha-se Ativo\u201d, na Cl\u00ednica Escola de Fisioterapia da UFPB. Destinado a portadores de problemas posturais e a quem deseja manter uma boa postura corporal, o projeto oferece 25 vagas. As aulas acontecer\u00e3o \u00e0s segundas e sextas, das 10h\u00e0s 11h30, de 12 de novembro a 3 de dezembro.<\/p>\n<p>Podem se inscrever maiores de 15 anos, de ambos os sexos, portadores ou n\u00e3o de problemas de coluna. As aulas ser\u00e3o ministradas por professores do Curso de Fisioterapia acompanhados por universit\u00e1rios de Fisioterapia. No final, cada participante receber\u00e1 gratuitamente um manual da boa postura.<\/p>\n<p>O \u201cMantenha-se Ativo\u201d segue o m\u00e9todo ingl\u00eas na preven\u00e7\u00e3o e tratamento de pessoas portadoras de dores na coluna. As aulas envolvem uma sequ\u00eancia de 10 exerc\u00edcios programados, nos quais o participante gradua a intensidade e repeti\u00e7\u00e3o, al\u00e9m de orienta\u00e7\u00f5es posturais, dicas do dia para uma melhor qualidade de vida e t\u00e9cnicas de relaxamento. A taxa \u00fanica de inscri\u00e7\u00e3o \u00e9 de R$ 15. Mais informa\u00e7\u00f5es e inscri\u00e7\u00f5es na Cl\u00ednica Escola de Fisioterapia da UFPB fone (83) 3216-7497.<\/p>\n","protected":false},"excerpt":{"rendered":"<p>Encontram-se abertas at\u00e9 sexta feira (12 de novembro) as inscri\u00e7\u00f5es para o programa de extens\u00e3o \u201cMantenha-se Ativo\u201d, na Cl\u00ednica Escola de Fisioterapia da UFPB. Destinado a portadores de problemas posturais e a quem deseja manter uma boa postura corporal, o projeto oferece 25 vagas. As aulas acontecer\u00e3o \u00e0s segundas e sextas, das 10h\u00e0s 11h30, de&hellip;<\/p>\n","protected":false},"author":3,"featured_media":0,"comment_status":"open","ping_status":"open","sticky":false,"template":"","format":"standard","meta":{"footnotes":""},"categories":[15],"tags":[153],"class_list":["post-1381","post","type-post","status-publish","format-standard","hentry","category-noticias","tag-projetos","category-15","description-off"],"_links":{"self":[{"href":"https:\/\/www.adufpb.org.br\/site\/wp-json\/wp\/v2\/posts\/1381","targetHints":{"allow":["GET"]}}],"collection":[{"href":"https:\/\/www.adufpb.org.br\/site\/wp-json\/wp\/v2\/posts"}],"about":[{"href":"https:\/\/www.adufpb.org.br\/site\/wp-json\/wp\/v2\/types\/post"}],"author":[{"embeddable":true,"href":"https:\/\/www.adufpb.org.br\/site\/wp-json\/wp\/v2\/users\/3"}],"replies":[{"embeddable":true,"href":"https:\/\/www.adufpb.org.br\/site\/wp-json\/wp\/v2\/comments?post=1381"}],"version-history":[{"count":0,"href":"https:\/\/www.adufpb.org.br\/site\/wp-json\/wp\/v2\/posts\/1381\/revisions"}],"wp:attachment":[{"href":"https:\/\/www.adufpb.org.br\/site\/wp-json\/wp\/v2\/media?parent=1381"}],"wp:term":[{"taxonomy":"category","embeddable":true,"href":"https:\/\/www.adufpb.org.br\/site\/wp-json\/wp\/v2\/categories?post=1381"},{"taxonomy":"post_tag","embeddable":true,"href":"https:\/\/www.adufpb.org.br\/site\/wp-json\/wp\/v2\/tags?post=1381"}],"curies":[{"name":"wp","href":"https:\/\/api.w.org\/{rel}","templated":true}]}}