{"id":1378,"date":"2010-11-08T11:44:24","date_gmt":"2010-11-08T15:44:24","guid":{"rendered":"http:\/\/www.adufpb.org.br\/site\/ufpb-sedia-o-encontro-brasileiro-de-artes-para-o-seculo-xxi\/"},"modified":"2010-11-10T08:51:43","modified_gmt":"2010-11-10T12:51:43","slug":"ufpb-sedia-o-encontro-brasileiro-de-artes-para-o-seculo-xxi","status":"publish","type":"post","link":"https:\/\/www.adufpb.org.br\/site\/ufpb-sedia-o-encontro-brasileiro-de-artes-para-o-seculo-xxi\/","title":{"rendered":"UFPB sedia o Encontro Brasileiro de Artes Para o S\u00e9culo XXI"},"content":{"rendered":"<p><a href=\"http:\/\/www.adufpb.org.br\/site\/wp-content\/uploads\/2010\/11\/ana-mae-2.jpg\"><img loading=\"lazy\" decoding=\"async\" class=\"alignleft size-medium wp-image-1377\" title=\"ana mae 2\" src=\"http:\/\/www.adufpb.org.br\/site\/wp-content\/uploads\/2010\/11\/ana-mae-2-241x300.jpg\" alt=\"ana mae 2\" width=\"241\" height=\"300\" srcset=\"https:\/\/www.adufpb.org.br\/site\/wp-content\/uploads\/2010\/11\/ana-mae-2-241x300.jpg 241w, https:\/\/www.adufpb.org.br\/site\/wp-content\/uploads\/2010\/11\/ana-mae-2.jpg 258w\" sizes=\"auto, (max-width: 241px) 100vw, 241px\" \/><\/a>A Universidade Federal da Para\u00edba (UFPB) sedia entre os dias 30 de novembro e 3 de dezembro o \u201cEncontro Brasileiro de Artes para o S\u00e9culo XXI: Artes e Redes Interativas\u201d. O evento contar\u00e1 com a participa\u00e7\u00e3o da professora Ana Mae Tavares Barbosa, principal refer\u00eancia no Brasil para o ensino da Arte nas escolas, que dar\u00e1 palestra logo na abertura, \u00e0s 18h30, no audit\u00f3rio da Reitoria.<\/p>\n<p>O Encontro \u00e9 resultado de parceria entre o Departamento de Artes Visuais, o Programa de P\u00f3s-Gradua\u00e7\u00e3o em Artes Visuais, o Centro de Ci\u00eancias Humanas, Letras e Artes e a Pr\u00f3-Reitoria de P\u00f3s-Gradua\u00e7\u00e3o, todos da UFPB, com o apoio do Departamento de Artes C\u00eanicas\/CCHLA\/UFPB e da ADUFPB. A base operacional do evento \u00e9 da equipe do Departamento de Artes Visuais e do Curso de Mestrado em Artes Visuais.<\/p>\n<p>\u201cEsperamos reunir em Jo\u00e3o Pessoa professores, pesquisadores, artistas e estudantes das diversas regi\u00f5es do Brasil, para juntos discutirmos o ensino de arte, nas \u00e1reas de artes visuais, teatro, dan\u00e7a, m\u00fasica e tecnologia\u201d, explica a coordenadora geral do evento, a professora Liana Chaves do DAV\/CCHLA\/UFPB. \u201cQueremos, al\u00e9m de comemorar, refletir sobre a trajet\u00f3ria do ensino da arte: lutas, conquistas, planos e esperan\u00e7as\u201d.<\/p>\n<p>As inscri\u00e7\u00f5es podem ser feitas pelo site do evento, <a href=\"http:\/\/encontrobrasileirodearte.blogspot.com\/\" target=\"_blank\">http:\/\/encontrobrasileirodearte.blogspot.com\/<\/a>, e custam R$ 50 para profissionais e R$ 25 para estudantes.<\/p>\n<p><strong>Sobre Ana Mae<\/strong><\/p>\n<p>Ana Mae Tavares Barbosa Foi diretora do Museu de Arte Contempor\u00e2nea da Universidade de S\u00e3o Paulo (MAC-USP) e presidente do International Society of Education through Art (InSea). \u00c9 professora visitante da The Ohio State University, nos EUA. Atualmente est\u00e1 aposentada da p\u00f3s-gradua\u00e7\u00e3o em Arte-educa\u00e7\u00e3o da Escola de Comunica\u00e7\u00e3o e Arte (ECA), da Universidade de S\u00e3o Paulo (USP).<\/p>\n<h2 style=\"text-align: center;\"><strong>\u201cEncontro Brasileiro de Artes para o S\u00e9culo XXI: Artes e Redes Interativas\u201d<\/strong><\/h2>\n<ul>\n<li><strong>Data:<\/strong> 30 de novembro e 3 de dezembro<\/li>\n<li><strong>Site: <\/strong><a href=\"http:\/\/encontrobrasileirodearte.blogspot.com\/\" target=\"_blank\">http:\/\/encontrobrasileirodearte.blogspot.com\/<\/a><\/li>\n<\/ul>\n<h3><strong>MAIS INFORMA\u00c7\u00d5ES<\/strong><\/h3>\n<ul>\n<li><a href=\"http:\/\/encontrobrasileirodearte.blogspot.com\/p\/programacao.html\" target=\"_blank\">Programa\u00e7\u00e3o<\/a><\/li>\n<li><a href=\"http:\/\/encontrobrasileirodearte.blogspot.com\/p\/relacao-dos-mini-cursos.html\" target=\"_blank\">Rela\u00e7\u00e3o dos mini-cursos<\/a><\/li>\n<li><a href=\"http:\/\/encontrobrasileirodearte.blogspot.com\/p\/inscricoes.html\" target=\"_blank\">Inscri\u00e7\u00f5es<\/a><\/li>\n<li><a href=\"http:\/\/encontrobrasileirodearte.blogspot.com\/p\/ficha-de-inscricao_17.html\" target=\"_blank\">Ficha de inscri\u00e7\u00e3o<\/a><\/li>\n<li><a href=\"http:\/\/encontrobrasileirodearte.blogspot.com\/p\/eventos-correlatos.html\" target=\"_blank\">Eventos correlatos<\/a><\/li>\n<li><a href=\"http:\/\/encontrobrasileirodearte.blogspot.com\/p\/sugestoes-de-hospedagem.html\" target=\"_blank\">Sugest\u00e3o de hospedagem<\/a><\/li>\n<\/ul>\n<p><em>Fonte: Ascom ADUFPB<\/em><\/p>\n","protected":false},"excerpt":{"rendered":"<p>A Universidade Federal da Para\u00edba (UFPB) sedia entre os dias 30 de novembro e 3 de dezembro o \u201cEncontro Brasileiro de Artes para o S\u00e9culo XXI: Artes e Redes Interativas\u201d. O evento contar\u00e1 com a participa\u00e7\u00e3o da professora Ana Mae Tavares Barbosa, principal refer\u00eancia no Brasil para o ensino da Arte nas escolas, que dar\u00e1&hellip;<\/p>\n","protected":false},"author":3,"featured_media":0,"comment_status":"open","ping_status":"open","sticky":false,"template":"","format":"standard","meta":{"footnotes":""},"categories":[15],"tags":[57],"class_list":["post-1378","post","type-post","status-publish","format-standard","hentry","category-noticias","tag-eventos","category-15","description-off"],"_links":{"self":[{"href":"https:\/\/www.adufpb.org.br\/site\/wp-json\/wp\/v2\/posts\/1378","targetHints":{"allow":["GET"]}}],"collection":[{"href":"https:\/\/www.adufpb.org.br\/site\/wp-json\/wp\/v2\/posts"}],"about":[{"href":"https:\/\/www.adufpb.org.br\/site\/wp-json\/wp\/v2\/types\/post"}],"author":[{"embeddable":true,"href":"https:\/\/www.adufpb.org.br\/site\/wp-json\/wp\/v2\/users\/3"}],"replies":[{"embeddable":true,"href":"https:\/\/www.adufpb.org.br\/site\/wp-json\/wp\/v2\/comments?post=1378"}],"version-history":[{"count":1,"href":"https:\/\/www.adufpb.org.br\/site\/wp-json\/wp\/v2\/posts\/1378\/revisions"}],"predecessor-version":[{"id":1379,"href":"https:\/\/www.adufpb.org.br\/site\/wp-json\/wp\/v2\/posts\/1378\/revisions\/1379"}],"wp:attachment":[{"href":"https:\/\/www.adufpb.org.br\/site\/wp-json\/wp\/v2\/media?parent=1378"}],"wp:term":[{"taxonomy":"category","embeddable":true,"href":"https:\/\/www.adufpb.org.br\/site\/wp-json\/wp\/v2\/categories?post=1378"},{"taxonomy":"post_tag","embeddable":true,"href":"https:\/\/www.adufpb.org.br\/site\/wp-json\/wp\/v2\/tags?post=1378"}],"curies":[{"name":"wp","href":"https:\/\/api.w.org\/{rel}","templated":true}]}}