{"id":13733,"date":"2016-04-25T17:02:21","date_gmt":"2016-04-25T21:02:21","guid":{"rendered":"http:\/\/www.adufpb.org.br\/site\/?p=13733"},"modified":"2016-05-04T08:36:27","modified_gmt":"2016-05-04T12:36:27","slug":"eleicao-para-reitora-professor-ajude-a-definir-os-rumos-da-ufpb","status":"publish","type":"post","link":"https:\/\/www.adufpb.org.br\/site\/eleicao-para-reitora-professor-ajude-a-definir-os-rumos-da-ufpb\/","title":{"rendered":"Elei\u00e7\u00e3o para reitor: comunidade universit\u00e1ria volta \u00e0s urnas na pr\u00f3xima quarta-feira"},"content":{"rendered":"<p dir=\"ltr\">A comunidade universit\u00e1ria volta \u00e0s urnas na pr\u00f3xima quarta-feira (27\/4) para definir o nome do(a) pr\u00f3ximo(a) reitor(a) da UFPB. No total, 40.368 pessoas est\u00e3o aptas a votar, sendo 2.575 docentes, 3.508 funcion\u00e1rios t\u00e9cnico-administrativos e 34.285 alunos. O comparecimento \u00e0s urnas \u00e9 de fundamental import\u00e2ncia para definir os rumos da Universidade pelos pr\u00f3ximos quatro anos.<\/p>\n<p dir=\"ltr\">A chapa 1 &#8220;Vamos Mudar: Di\u00e1logo e Compromisso&#8221; tem como candidato a reitor o professor Luiz de Sousa Junior e a vice, a professora Terezinha Domiciano Dantas Martins. <a href=\"http:\/\/security.ufpb.br\/cee\/contents\/paginas\/chapa-1\" target=\"_blank\">Clique aqui para ler a Carta Programa<\/a>.<\/p>\n<p dir=\"ltr\">A atual reitora da UFPB, professora Margareth Diniz, concorre pela chapa 2 &#8211; &#8220;UFPB Mais, Muito Mais&#8221;, ao lado da professora Bernardina Freire. <a href=\"http:\/\/security.ufpb.br\/cee\/contents\/paginas\/chapa-2\" target=\"_blank\">Clique aqui para ler a Carta Programa<\/a>.<\/p>\n<p dir=\"ltr\">O segundo turno da consulta eleitoral para elabora\u00e7\u00e3o da lista tr\u00edplice de escolha do(a) reitor(a) ser\u00e1 realizado nos quatro campi da institui\u00e7\u00e3o das 8h \u00e0s 17h, nos centros e unidades que funcionam de manh\u00e3 e \u00e0 tarde, e das 8h \u00e0s 21h, nos locais onde o funcionamento se estende at\u00e9 a noite.<\/p>\n<p dir=\"ltr\">Ser\u00e3o disponibilizadas 79 se\u00e7\u00f5es eleitorais, sendo 55 no campus I, em Jo\u00e3o Pessoa, quatro no campus II (Areia), quatro em Bananeiras (campus III), sete no campus IV (tr\u00eas em Mamanguape e quatro em Rio Tinto), tr\u00eas no Centro de Ci\u00eancias Jur\u00eddicas de Santa Rita e seis no Centro de Tecnologia e Desenvolvimento Regional (CTDR), em Mangabeira. <a href=\"http:\/\/security.ufpb.br\/cee\/contents\/documentos\/locais-de-votacao-consolidado.pdf\" target=\"_blank\">Clique aqui para consultar os locais de vota\u00e7\u00e3o<\/a>.<\/p>\n<p dir=\"ltr\">Para votar, o eleitor deve apresentar algum documento com foto, como carteira de identidade, habilita\u00e7\u00e3o ou carteira da ADUFPB. Este ano, a vota\u00e7\u00e3o ser\u00e1 feita por meio de urnas eletr\u00f4nicas cedidas pela Justi\u00e7a Eleitoral da Para\u00edba. O eleitor dever\u00e1 digitar apenas o n\u00famero da chapa escolhida (1, 2, 3 ou 4) e depois a tecla \u201cConfirmar\u201d. Caso digite qualquer outro n\u00famero e aperte \u201cConfirmar\u201d, o voto ser\u00e1 anulado.<\/p>\n<p><strong>Primeiro turno<\/strong><\/p>\n<p dir=\"ltr\">O primeiro turno da elei\u00e7\u00e3o para reitor(a) aconteceu no dia 13 de abril. A chapa 2, encabe\u00e7ada pela professora Margareth Diniz, ficou com 46,71% dos votos e a chapa 1, do professor Luiz Junior, teve 31,09%. Em terceiro lugar ficou o professor Z\u00e9 Neto, com 13,76% dos votos e, em quarto, o professor Valdiney Gouveia, com 8,44%.<\/p>\n<p dir=\"ltr\">Embora o processo eleitoral para reitor(a) seja decisivo para definir as pol\u00edticas e a\u00e7\u00f5es da UFPB para os pr\u00f3ximos anos, as urnas n\u00e3o atra\u00edram a totalidade do p\u00fablico apto a votar. Entre os docentes, as absten\u00e7\u00f5es chegaram ao percentual de 19,4% dos votantes. Entre os t\u00e9cnico-administrativos, esse \u00edndice ficou em 21,2% e, entre os estudantes, em 67,9%.<\/p>\n<p dir=\"ltr\">Para mais detalhes sobre a vota\u00e7\u00e3o, basta consultar o relat\u00f3rio da apura\u00e7\u00e3o das urnas no link <a href=\"http:\/\/security.ufpb.br\/cee\/contents\/documentos\/eleicoes_ufpb.pdf\/\">http:\/\/security.ufpb.br\/cee\/contents\/documentos\/eleicoes_ufpb.pdf\/<\/a><\/p>\n<p><span style=\"text-decoration: underline;\"><strong>AGENDE-SE<\/strong><\/span><\/p>\n<p dir=\"ltr\"><strong>Elei\u00e7\u00e3o para reitor(a)<\/strong><\/p>\n<p dir=\"ltr\"><strong>Data:<\/strong> 27\/4, quarta-feira<\/p>\n<p dir=\"ltr\"><strong>Hor\u00e1rio:<\/strong> 8h \u00e0s 17h (nos centros e unidades que funcionam manh\u00e3 e tarde) e 8h \u00e0s 21h (nos centros e unidades que funcionam \u00e0 noite)<\/p>\n<p dir=\"ltr\"><strong>Locais de vota\u00e7\u00e3o:<\/strong> No total, foram disponibilizadas 79 se\u00e7\u00f5es eleitorais distribu\u00eddas nos quatro campi da UFPB. Consulte os locais no endere\u00e7o <a href=\"http:\/\/security.ufpb.br\/cee\/contents\/documentos\/locais-de-votacao-consolidado.pdf\" target=\"_blank\">http:\/\/security.ufpb.br\/cee\/contents\/documentos\/locais-de-votacao-consolidado.pdf<\/a><\/p>\n<p dir=\"ltr\"><strong>O que levar para a vota\u00e7\u00e3o:<\/strong> Documento com foto \u2013 identidade, carteira de habilita\u00e7\u00e3o, carteira de associado da ADUFPB, carteira de associado do SINTESPB, carteira de estudante, carteira de identidade profissional ou passaporte.<\/p>\n<p><strong>Como ser\u00e1 feita a vota\u00e7\u00e3o eletr\u00f4nica:<\/strong> A vota\u00e7\u00e3o este ano acontece por meio de urnas eletr\u00f4nicas, pelo n\u00famero da respectiva chapa escolhida. Dever\u00e1 ser acionado apenas um d\u00edgito (1 ou 2). Se o votante clicar dois d\u00edgitos ou qualquer outro n\u00famero e confirmar em seguida, o voto ser\u00e1 considerado nulo. Ao pressionar a tecla num\u00e9rica correspondente a uma das quatro chapas inscritas, aparecer\u00e1 a foto e o nome do candidato(a) a reitor(a). Para concluir o voto ser\u00e1 necess\u00e1rio apresentar a tecla confirmar.<\/p>\n<p><em>Fonte: Ascom ADUFPB<\/em><\/p>\n","protected":false},"excerpt":{"rendered":"<p>A comunidade universit\u00e1ria volta \u00e0s urnas na pr\u00f3xima quarta-feira (27\/4) para definir o nome do(a) pr\u00f3ximo(a) reitor(a) da UFPB. No total, 40.368 pessoas est\u00e3o aptas a votar, sendo 2.575 docentes, 3.508 funcion\u00e1rios t\u00e9cnico-administrativos e 34.285 alunos. O comparecimento \u00e0s urnas \u00e9 de fundamental import\u00e2ncia para definir os rumos da Universidade pelos pr\u00f3ximos quatro anos. A&hellip;<\/p>\n","protected":false},"author":3,"featured_media":13734,"comment_status":"closed","ping_status":"closed","sticky":false,"template":"","format":"standard","meta":{"footnotes":""},"categories":[15],"tags":[723,214],"class_list":["post-13733","post","type-post","status-publish","format-standard","has-post-thumbnail","hentry","category-noticias","tag-eleicao-na-ufpb","tag-eleicao-para-reitor","category-15","description-off"],"_links":{"self":[{"href":"https:\/\/www.adufpb.org.br\/site\/wp-json\/wp\/v2\/posts\/13733","targetHints":{"allow":["GET"]}}],"collection":[{"href":"https:\/\/www.adufpb.org.br\/site\/wp-json\/wp\/v2\/posts"}],"about":[{"href":"https:\/\/www.adufpb.org.br\/site\/wp-json\/wp\/v2\/types\/post"}],"author":[{"embeddable":true,"href":"https:\/\/www.adufpb.org.br\/site\/wp-json\/wp\/v2\/users\/3"}],"replies":[{"embeddable":true,"href":"https:\/\/www.adufpb.org.br\/site\/wp-json\/wp\/v2\/comments?post=13733"}],"version-history":[{"count":8,"href":"https:\/\/www.adufpb.org.br\/site\/wp-json\/wp\/v2\/posts\/13733\/revisions"}],"predecessor-version":[{"id":13743,"href":"https:\/\/www.adufpb.org.br\/site\/wp-json\/wp\/v2\/posts\/13733\/revisions\/13743"}],"wp:featuredmedia":[{"embeddable":true,"href":"https:\/\/www.adufpb.org.br\/site\/wp-json\/wp\/v2\/media\/13734"}],"wp:attachment":[{"href":"https:\/\/www.adufpb.org.br\/site\/wp-json\/wp\/v2\/media?parent=13733"}],"wp:term":[{"taxonomy":"category","embeddable":true,"href":"https:\/\/www.adufpb.org.br\/site\/wp-json\/wp\/v2\/categories?post=13733"},{"taxonomy":"post_tag","embeddable":true,"href":"https:\/\/www.adufpb.org.br\/site\/wp-json\/wp\/v2\/tags?post=13733"}],"curies":[{"name":"wp","href":"https:\/\/api.w.org\/{rel}","templated":true}]}}