{"id":13730,"date":"2016-04-22T11:25:40","date_gmt":"2016-04-22T15:25:40","guid":{"rendered":"http:\/\/www.adufpb.org.br\/site\/?p=13730"},"modified":"2016-05-05T08:45:19","modified_gmt":"2016-05-05T12:45:19","slug":"comecam-as-inscricoes-para-o-sede-de-leitura-que-sera-realizado-este-ano-no-dia-275","status":"publish","type":"post","link":"https:\/\/www.adufpb.org.br\/site\/comecam-as-inscricoes-para-o-sede-de-leitura-que-sera-realizado-este-ano-no-dia-275\/","title":{"rendered":"Come\u00e7am as inscri\u00e7\u00f5es para o Sede de Leitura, que ser\u00e1 realizado este ano no dia 27\/5"},"content":{"rendered":"<p>J\u00e1 come\u00e7aram as inscri\u00e7\u00f5es para a edi\u00e7\u00e3o 2016 do projeto Sede de Leitura. O evento realiza anualmente o lan\u00e7amento de livros, revistas e outras publica\u00e7\u00f5es de autoria dos professores sindicalizados.<\/p>\n<p>Este ano, ele est\u00e1 programado para o dia 27 de maio (sexta-feira) e acontecer\u00e1 na sede sociocultural da ADUFPB, localizada na na rua Gilvan Muribeca, 88, bairro do Cabo Branco, a partir das 20h.<\/p>\n<p>ara se inscrever, os professores sindicalizados devem comparecer \u00e0 sede da ADUFPB, no Centro de Viv\u00eancia do campus I, preencher a ficha dispon\u00edvel na recep\u00e7\u00e3o e deixar um exemplar da publica\u00e7\u00e3o a ser lan\u00e7ada. O prazo para apresenta\u00e7\u00e3o de trabalhos vai at\u00e9 20 de maio.<\/p>\n<p><img loading=\"lazy\" decoding=\"async\" class=\"alignleft size-medium wp-image-13688\" alt=\"revista-conceito-22\" src=\"http:\/\/www.adufpb.org.br\/site\/wp-content\/uploads\/2016\/04\/revista-conceito-221-221x300.jpg\" width=\"221\" height=\"300\" srcset=\"https:\/\/www.adufpb.org.br\/site\/wp-content\/uploads\/2016\/04\/revista-conceito-221-221x300.jpg 221w, https:\/\/www.adufpb.org.br\/site\/wp-content\/uploads\/2016\/04\/revista-conceito-221.jpg 270w\" sizes=\"auto, (max-width: 221px) 100vw, 221px\" \/><\/p>\n<p><strong>Revista Conceitos<\/strong><\/p>\n<p><strong><\/strong>Os interessados em adquirir um exemplar podem fazer a solicita\u00e7\u00e3o diretamente \u00e0 Assessoria de Comunica\u00e7\u00e3o ou \u00e0 Secretaria da ADUFPB. Para ler a revista online ou fazer o download da publica\u00e7\u00e3o, basta clicar <a href=\"http:\/\/www.adufpb.org.br\/site\/revista-conceitos-22\/\" target=\"_blank\">aqui.<\/a>E j\u00e1 est\u00e1 dispon\u00edvel na sede da ADUFPB e no site da entidade a 22\u00aa edi\u00e7\u00e3o da Revista Conceitos, publica\u00e7\u00e3o editada pela se\u00e7\u00e3o sindical com o objetivo de divulgar a produ\u00e7\u00e3o acad\u00eamica da Universidade Federal da Para\u00edba.<\/p>\n<p><em>Fonte: Ascom ADUFPB<\/em><\/p>\n","protected":false},"excerpt":{"rendered":"<p>J\u00e1 come\u00e7aram as inscri\u00e7\u00f5es para a edi\u00e7\u00e3o 2016 do projeto Sede de Leitura. O evento realiza anualmente o lan\u00e7amento de livros, revistas e outras publica\u00e7\u00f5es de autoria dos professores sindicalizados. Este ano, ele est\u00e1 programado para o dia 27 de maio (sexta-feira) e acontecer\u00e1 na sede sociocultural da ADUFPB, localizada na na rua Gilvan Muribeca,&hellip;<\/p>\n","protected":false},"author":3,"featured_media":0,"comment_status":"closed","ping_status":"closed","sticky":false,"template":"","format":"standard","meta":{"footnotes":""},"categories":[15,417],"tags":[62,35],"class_list":["post-13730","post","type-post","status-publish","format-standard","hentry","category-noticias","category-noticias-destaque","tag-revista-conceitos","tag-sede-de-leitura","category-15","category-417","description-off"],"_links":{"self":[{"href":"https:\/\/www.adufpb.org.br\/site\/wp-json\/wp\/v2\/posts\/13730","targetHints":{"allow":["GET"]}}],"collection":[{"href":"https:\/\/www.adufpb.org.br\/site\/wp-json\/wp\/v2\/posts"}],"about":[{"href":"https:\/\/www.adufpb.org.br\/site\/wp-json\/wp\/v2\/types\/post"}],"author":[{"embeddable":true,"href":"https:\/\/www.adufpb.org.br\/site\/wp-json\/wp\/v2\/users\/3"}],"replies":[{"embeddable":true,"href":"https:\/\/www.adufpb.org.br\/site\/wp-json\/wp\/v2\/comments?post=13730"}],"version-history":[{"count":2,"href":"https:\/\/www.adufpb.org.br\/site\/wp-json\/wp\/v2\/posts\/13730\/revisions"}],"predecessor-version":[{"id":13732,"href":"https:\/\/www.adufpb.org.br\/site\/wp-json\/wp\/v2\/posts\/13730\/revisions\/13732"}],"wp:attachment":[{"href":"https:\/\/www.adufpb.org.br\/site\/wp-json\/wp\/v2\/media?parent=13730"}],"wp:term":[{"taxonomy":"category","embeddable":true,"href":"https:\/\/www.adufpb.org.br\/site\/wp-json\/wp\/v2\/categories?post=13730"},{"taxonomy":"post_tag","embeddable":true,"href":"https:\/\/www.adufpb.org.br\/site\/wp-json\/wp\/v2\/tags?post=13730"}],"curies":[{"name":"wp","href":"https:\/\/api.w.org\/{rel}","templated":true}]}}