{"id":13710,"date":"2016-04-14T07:18:38","date_gmt":"2016-04-14T11:18:38","guid":{"rendered":"http:\/\/www.adufpb.org.br\/site\/?p=13710"},"modified":"2016-04-22T11:29:49","modified_gmt":"2016-04-22T15:29:49","slug":"governo-cede-e-aceita-rever-pacote-de-maldades","status":"publish","type":"post","link":"https:\/\/www.adufpb.org.br\/site\/governo-cede-e-aceita-rever-pacote-de-maldades\/","title":{"rendered":"Governo cede e aceita rever &#8220;pacote de maldades&#8221;"},"content":{"rendered":"<p>Ap\u00f3s marca\u00e7\u00e3o cerrada dos servidores das tr\u00eas esferas (federal, estadual e municipal) e as mais de 200 emendas de parlamentares contra o PLP 257\/2016, o governo finalmente cedeu e concordou em retirar os artigos que restringiam direitos dos trabalhadores. A not\u00edcia foi divulgada na ter\u00e7a-feira (12\/4) pelo ministro da Secretaria de Governo, Ricardo Berzoini, ap\u00f3s reuni\u00e3o, no final da tarde, no Pal\u00e1cio do Planalto, com representantes de federa\u00e7\u00f5es e confedera\u00e7\u00f5es e de oito entidades sindicais (CUT, CTB, Nova Central, For\u00e7a Sindical, UGT, CSP\/Conlutas, CGTB e P\u00fablica).<\/p>\n<p>\u201cO ministro afirmou que est\u00e1 disposto a deixar apenas o conte\u00fado acertado com estados e munic\u00edpios e considerar, principalmente, o teor da emenda 119, do l\u00edder do PT na C\u00e2mara, deputado Afonso Florence, que alonga as d\u00edvidas, sem prejudicar a sociedade\u201d, destacou Rudinei Marques, presidente do F\u00f3rum Nacional Permanente de Carreiras T\u00edpicas de Estado (Fonacate). Desde quando foi enviado ao Congresso, em 22 de mar\u00e7o, pelo ministro da Fazenda, Nelson Barbosa, em car\u00e1ter de urg\u00eancia, centenas de categorias abriram guerra contra o PLP 257\/2016.<\/p>\n<p>Agora, apesar da promessa de Berzoini, os l\u00edderes sindicais mantiveram a agenda de protestos e paralisa\u00e7\u00f5es marcada para quarta (13) e quinta-feira (14). Na quarta, no Distrito Federal, \u00e0s 15h, os servidores fizeram ato em frente ao Congresso Nacional. Nesta quinta-feira, eles cruzar\u00e3o os bra\u00e7os em todo o pa\u00eds. Em Bras\u00edlia, a concentra\u00e7\u00e3o ser\u00e1 no audit\u00f3rio Nereu Ramos, na C\u00e2mara dos Deputados, \u00e0s 9h. J\u00e1 \u00e0s 10h, acontecer\u00e1 o lan\u00e7amento da Frente Parlamentar em Defesa dos Servi\u00e7os P\u00fablicos.<\/p>\n<p><em>\u00a0Fonte: Blog do Servidor<\/em><\/p>\n","protected":false},"excerpt":{"rendered":"<p>Ap\u00f3s marca\u00e7\u00e3o cerrada dos servidores das tr\u00eas esferas (federal, estadual e municipal) e as mais de 200 emendas de parlamentares contra o PLP 257\/2016, o governo finalmente cedeu e concordou em retirar os artigos que restringiam direitos dos trabalhadores. A not\u00edcia foi divulgada na ter\u00e7a-feira (12\/4) pelo ministro da Secretaria de Governo, Ricardo Berzoini, ap\u00f3s&hellip;<\/p>\n","protected":false},"author":3,"featured_media":0,"comment_status":"closed","ping_status":"closed","sticky":false,"template":"","format":"standard","meta":{"footnotes":""},"categories":[15,417],"tags":[755],"class_list":["post-13710","post","type-post","status-publish","format-standard","hentry","category-noticias","category-noticias-destaque","tag-plp-257","category-15","category-417","description-off"],"_links":{"self":[{"href":"https:\/\/www.adufpb.org.br\/site\/wp-json\/wp\/v2\/posts\/13710","targetHints":{"allow":["GET"]}}],"collection":[{"href":"https:\/\/www.adufpb.org.br\/site\/wp-json\/wp\/v2\/posts"}],"about":[{"href":"https:\/\/www.adufpb.org.br\/site\/wp-json\/wp\/v2\/types\/post"}],"author":[{"embeddable":true,"href":"https:\/\/www.adufpb.org.br\/site\/wp-json\/wp\/v2\/users\/3"}],"replies":[{"embeddable":true,"href":"https:\/\/www.adufpb.org.br\/site\/wp-json\/wp\/v2\/comments?post=13710"}],"version-history":[{"count":2,"href":"https:\/\/www.adufpb.org.br\/site\/wp-json\/wp\/v2\/posts\/13710\/revisions"}],"predecessor-version":[{"id":13712,"href":"https:\/\/www.adufpb.org.br\/site\/wp-json\/wp\/v2\/posts\/13710\/revisions\/13712"}],"wp:attachment":[{"href":"https:\/\/www.adufpb.org.br\/site\/wp-json\/wp\/v2\/media?parent=13710"}],"wp:term":[{"taxonomy":"category","embeddable":true,"href":"https:\/\/www.adufpb.org.br\/site\/wp-json\/wp\/v2\/categories?post=13710"},{"taxonomy":"post_tag","embeddable":true,"href":"https:\/\/www.adufpb.org.br\/site\/wp-json\/wp\/v2\/tags?post=13710"}],"curies":[{"name":"wp","href":"https:\/\/api.w.org\/{rel}","templated":true}]}}