{"id":13652,"date":"2016-04-07T10:21:13","date_gmt":"2016-04-07T14:21:13","guid":{"rendered":"http:\/\/www.adufpb.org.br\/site\/?p=13652"},"modified":"2016-04-07T10:21:13","modified_gmt":"2016-04-07T14:21:13","slug":"a-delinquencia-institucional","status":"publish","type":"post","link":"https:\/\/www.adufpb.org.br\/site\/a-delinquencia-institucional\/","title":{"rendered":"A delinqu\u00eancia institucional"},"content":{"rendered":"<div>\n<div>\n<p><em>Rolando Lazarte*<\/em><\/p>\n<\/div>\n<div>\n<p>Crimes de colarinho branco s\u00e3o conhecidos desde tempos imemoriais. A institucionaliza\u00e7\u00e3o da criminalidade em um sistema democr\u00e1tico, com tudo, \u00e9 uma exacerba\u00e7\u00e3o desta situa\u00e7\u00e3o an\u00f4mala. Isto \u00e9 o que est\u00e1 se vivendo no Brasil. Um processo de impeachment ileg\u00edtimo, absurdo, contr\u00e1rio ao que estabelece a Constitui\u00e7\u00e3o. Mais um passo dos muitos que a direita mais reacion\u00e1ria, com o apoio de um juiz tamb\u00e9m atropelador e prepotente e uma m\u00eddia fascista e irrespons\u00e1vel, vem perpetrando contra a ordem institu\u00edda neste pa\u00eds.<\/p>\n<\/div>\n<div>\n<p>Esta ordem \u00e9 fruto de esfor\u00e7os de diversos segmentos da cidadania, dentre os quais, \u00e9 necess\u00e1rio dizer, encontram-se o PT, os movimentos sociais que constru\u00edram o SUS, os que constru\u00edram uma imprensa livre, um sindicalismo plural e diverso, a expans\u00e3o da educa\u00e7\u00e3o em todos os n\u00edveis, o combate \u00e0 fome, uma vasta rede expandida por todo este imenso pa\u00eds, a arte e a cultura como express\u00e3o de uma nacionalidade tamb\u00e9m plural e diversa que, tamb\u00e9m \u00e9 preciso dizer, inclui negros, pobres, \u00edndios e mulheres.<\/p>\n<\/div>\n<div>\n<p>Tudo isto est\u00e1 em risco pelo inconformismo do PSDB, o grande derrotado de toda esta minuciosa hist\u00f3ria de constru\u00e7\u00e3o de cidadania, e seus aliados da direita mais torta. Os perdedores n\u00e3o apenas das elei\u00e7\u00f5es presidenciais que empossaram Lula e Dilma, mas tamb\u00e9m os grandes perdedores nesta batalha \u00e9tica e pol\u00edtica que vem se travando entre o Brasil das elites, e o Brasil includente, dos programas sociais, da cidadania para todos.<\/p>\n<\/div>\n<div>\n<p>Acredito que ser\u00e1 muito dif\u00edcil que este estamento amoral e corrupto, alimentado pela mentira e pelo \u00f3dio de classe, pela cal\u00fania e pela difama\u00e7\u00e3o, que vem destruindo a imagem de Lula, Dilma, o PT e a democracia, consiga governar, caso consigam perpetrar o golpe em que est\u00e3o envolvidos, e que os levou a ati\u00e7arem o \u00f3dio e a destrui\u00e7\u00e3o da fr\u00e1gil sociabilidade que sustenta a vida cotidiana nesta sociedade.<\/p>\n<\/div>\n<div>\n<p>Abriram valas de inimizade entre as pessoas, separando amigos, dividindo fam\u00edlias. Um trabalho diab\u00f3lico, se nos atemos ao significado etimol\u00f3gico da palavra: o que divide. Racharam o pa\u00eds e a sociedade, atr\u00e1s dos seus privil\u00e9gios amorais. Est\u00e1 rachando a ordem constitucional. A impunidade para estes crimes ser\u00e1 poss\u00edvel? Esses deputados e jornalistas venais tem vizinhos, andam pela rua. Tudo pode acontecer. \u201cSiembra vientos, y recoger\u00e1s tempestades\u201d.<\/p>\n<\/div>\n<div>\n<p>Nem os ditadores e seus apoiadores ficam impunes. A justi\u00e7a tarda, mas chega. N\u00e3o tor\u00e7o por um revanchismo que tente fazer justi\u00e7a pelas pr\u00f3prias m\u00e3os. Isto seria como atender ao apelo destes mesmos destruidores da ordem institucional. Apenas creio que ser\u00e1 muito dif\u00edcil que depois de tamanha obra destruidora, possam usufruir do quinh\u00e3o que t\u00e3o afoitamente pretendem obter, \u00e0s custas de tudo e de todos. \u00c0s custas da rep\u00fablica, da democracia e dos direitos mais elementares da cidadania.<\/p>\n<\/div>\n<\/div>\n<div>\n<p>&#8212;<\/p>\n<\/div>\n<div>\n<p>*Soci\u00f3logo. Membro do Movimento Integrado de Sa\u00fade Comunit\u00e1ria da Para\u00edba (MISC-PB) e do Grupo de Estudos e Pesquisas em Sa\u00fade Comunit\u00e1ria da UFPB (GEPSMEC)<\/p>\n<\/div>\n","protected":false},"excerpt":{"rendered":"<p>Rolando Lazarte* Crimes de colarinho branco s\u00e3o conhecidos desde tempos imemoriais. A institucionaliza\u00e7\u00e3o da criminalidade em um sistema democr\u00e1tico, com tudo, \u00e9 uma exacerba\u00e7\u00e3o desta situa\u00e7\u00e3o an\u00f4mala. Isto \u00e9 o que est\u00e1 se vivendo no Brasil. Um processo de impeachment ileg\u00edtimo, absurdo, contr\u00e1rio ao que estabelece a Constitui\u00e7\u00e3o. Mais um passo dos muitos que a&hellip;<\/p>\n","protected":false},"author":3,"featured_media":0,"comment_status":"closed","ping_status":"closed","sticky":false,"template":"","format":"standard","meta":{"footnotes":""},"categories":[16,15],"tags":[],"class_list":["post-13652","post","type-post","status-publish","format-standard","hentry","category-artigos","category-noticias","category-16","category-15","description-off"],"_links":{"self":[{"href":"https:\/\/www.adufpb.org.br\/site\/wp-json\/wp\/v2\/posts\/13652","targetHints":{"allow":["GET"]}}],"collection":[{"href":"https:\/\/www.adufpb.org.br\/site\/wp-json\/wp\/v2\/posts"}],"about":[{"href":"https:\/\/www.adufpb.org.br\/site\/wp-json\/wp\/v2\/types\/post"}],"author":[{"embeddable":true,"href":"https:\/\/www.adufpb.org.br\/site\/wp-json\/wp\/v2\/users\/3"}],"replies":[{"embeddable":true,"href":"https:\/\/www.adufpb.org.br\/site\/wp-json\/wp\/v2\/comments?post=13652"}],"version-history":[{"count":1,"href":"https:\/\/www.adufpb.org.br\/site\/wp-json\/wp\/v2\/posts\/13652\/revisions"}],"predecessor-version":[{"id":13653,"href":"https:\/\/www.adufpb.org.br\/site\/wp-json\/wp\/v2\/posts\/13652\/revisions\/13653"}],"wp:attachment":[{"href":"https:\/\/www.adufpb.org.br\/site\/wp-json\/wp\/v2\/media?parent=13652"}],"wp:term":[{"taxonomy":"category","embeddable":true,"href":"https:\/\/www.adufpb.org.br\/site\/wp-json\/wp\/v2\/categories?post=13652"},{"taxonomy":"post_tag","embeddable":true,"href":"https:\/\/www.adufpb.org.br\/site\/wp-json\/wp\/v2\/tags?post=13652"}],"curies":[{"name":"wp","href":"https:\/\/api.w.org\/{rel}","templated":true}]}}