{"id":13650,"date":"2016-04-06T11:38:13","date_gmt":"2016-04-06T15:38:13","guid":{"rendered":"http:\/\/www.adufpb.org.br\/site\/?p=13650"},"modified":"2016-04-11T15:23:39","modified_gmt":"2016-04-11T19:23:39","slug":"beneficiarios-da-geap-vao-receber-compensacao-no-contracheque-de-abril","status":"publish","type":"post","link":"https:\/\/www.adufpb.org.br\/site\/beneficiarios-da-geap-vao-receber-compensacao-no-contracheque-de-abril\/","title":{"rendered":"Benefici\u00e1rios da Geap v\u00e3o receber compensa\u00e7\u00e3o no contracheque de abril"},"content":{"rendered":"<p dir=\"ltr\">Os contracheques de abril dos professores federais usu\u00e1rios do plano Geap vir\u00e3o com uma quantia a mais. Isso porque a portaria n\u00ba 8 do Minist\u00e9rio do Planejamento, Or\u00e7amento e Gest\u00e3o, de 13 de janeiro de 2016, publicada no Di\u00e1rio Oficial da Uni\u00e3o em 14 de janeiro de 2016, reajustou o valor que o Governo Federal paga como contribui\u00e7\u00e3o para o custeio da assist\u00eancia \u00e0 sa\u00fade suplementar dos servidores p\u00fablicos.<\/p>\n<p dir=\"ltr\">Essa medida vale para os trabalhadores vinculados ao Sistema de Pessoal Civil (Sipec) da Administra\u00e7\u00e3o P\u00fablica Federal e seus dependentes. Apesar da Portaria ser de janeiro, na data de publica\u00e7\u00e3o, a Geap j\u00e1 havia realizado a rotina mensal de cobran\u00e7a das contribui\u00e7\u00f5es junto ao Minist\u00e9rio do Planejamento e o Servi\u00e7o Federal de Processamento de Dados (Serpro).<\/p>\n<p dir=\"ltr\">Portanto, a parcela da mensalidade do plano de sa\u00fade paga pelo trabalhador foi descontada em valor superior ao devido efetivamente. Por esse motivo, a compensa\u00e7\u00e3o desse pagamento extra ser\u00e1 realizado agora, no contracheque do m\u00eas de abril. Para mais informa\u00e7\u00f5es, o servidos pode ligar para o telefone 0800 728 8300.<\/p>\n<p dir=\"ltr\"><strong>A\u00e7\u00e3o da ADUFPB<\/strong><\/p>\n<p dir=\"ltr\">Outra quest\u00e3o relacionada ao plano de sa\u00fade Geap vem mobilizando a ADUFPB neste primeiro semestre: o reajuste abusivo praticado sobre o valor das mensalidades. Em alguns casos, o aumento chega a 45%.<\/p>\n<p dir=\"ltr\">A ADUFPB recebeu diversas reclama\u00e7\u00f5es dos associados e levou o tema para discuss\u00e3o nas assembleias docentes realizadas nos meses de mar\u00e7o e abril. E, com o objetivo de assegurar o cumprimento do direito dos professores, a assessoria jur\u00eddica da entidade j\u00e1 ajuizou uma a\u00e7\u00e3o pedindo a suspens\u00e3o do reajuste e aguarda pedido de liminar.<\/p>\n<p dir=\"ltr\"><em>Fonte: Ascom ADUFPB<\/em><\/p>\n","protected":false},"excerpt":{"rendered":"<p>Os contracheques de abril dos professores federais usu\u00e1rios do plano Geap vir\u00e3o com uma quantia a mais. Isso porque a portaria n\u00ba 8 do Minist\u00e9rio do Planejamento, Or\u00e7amento e Gest\u00e3o, de 13 de janeiro de 2016, publicada no Di\u00e1rio Oficial da Uni\u00e3o em 14 de janeiro de 2016, reajustou o valor que o Governo Federal&hellip;<\/p>\n","protected":false},"author":3,"featured_media":0,"comment_status":"closed","ping_status":"closed","sticky":false,"template":"","format":"standard","meta":{"footnotes":""},"categories":[15,417],"tags":[],"class_list":["post-13650","post","type-post","status-publish","format-standard","hentry","category-noticias","category-noticias-destaque","category-15","category-417","description-off"],"_links":{"self":[{"href":"https:\/\/www.adufpb.org.br\/site\/wp-json\/wp\/v2\/posts\/13650","targetHints":{"allow":["GET"]}}],"collection":[{"href":"https:\/\/www.adufpb.org.br\/site\/wp-json\/wp\/v2\/posts"}],"about":[{"href":"https:\/\/www.adufpb.org.br\/site\/wp-json\/wp\/v2\/types\/post"}],"author":[{"embeddable":true,"href":"https:\/\/www.adufpb.org.br\/site\/wp-json\/wp\/v2\/users\/3"}],"replies":[{"embeddable":true,"href":"https:\/\/www.adufpb.org.br\/site\/wp-json\/wp\/v2\/comments?post=13650"}],"version-history":[{"count":1,"href":"https:\/\/www.adufpb.org.br\/site\/wp-json\/wp\/v2\/posts\/13650\/revisions"}],"predecessor-version":[{"id":13651,"href":"https:\/\/www.adufpb.org.br\/site\/wp-json\/wp\/v2\/posts\/13650\/revisions\/13651"}],"wp:attachment":[{"href":"https:\/\/www.adufpb.org.br\/site\/wp-json\/wp\/v2\/media?parent=13650"}],"wp:term":[{"taxonomy":"category","embeddable":true,"href":"https:\/\/www.adufpb.org.br\/site\/wp-json\/wp\/v2\/categories?post=13650"},{"taxonomy":"post_tag","embeddable":true,"href":"https:\/\/www.adufpb.org.br\/site\/wp-json\/wp\/v2\/tags?post=13650"}],"curies":[{"name":"wp","href":"https:\/\/api.w.org\/{rel}","templated":true}]}}