{"id":13636,"date":"2016-04-04T17:37:54","date_gmt":"2016-04-04T21:37:54","guid":{"rendered":"http:\/\/www.adufpb.org.br\/site\/?p=13636"},"modified":"2016-04-04T17:37:54","modified_gmt":"2016-04-04T21:37:54","slug":"nota-de-pesar-63","status":"publish","type":"post","link":"https:\/\/www.adufpb.org.br\/site\/nota-de-pesar-63\/","title":{"rendered":"NOTA DE PESAR"},"content":{"rendered":"<h1><span style=\"font-size: 14px; font-weight: normal;\">A\u00a0<\/span><b style=\"font-size: 14px;\">ADUFPB\u00a0<\/b><span style=\"font-size: 14px; font-weight: normal;\">vem a p\u00fablico manifestar o seu profundo pesar pelo falecimento, hoje, dia 4 de abril de 2016, de\u00a0<\/span><b style=\"font-size: 14px;\">UBIRATAN INDIO DE LAMEIRO,\u00a0<\/b><span style=\"font-size: 14px; font-weight: normal;\">professor aposentado\u00a0do Departamento de Biologia Molecular, do Centro de Ci\u00eancias Exatas e da Natureza (CCEN),\u00a0da Universidade Federal da Para\u00edba e\u00a0<\/span><b style=\"font-size: 14px;\">sindicalizado da ADUFPB<\/b><span style=\"font-size: 14px; font-weight: normal;\">.<\/span><\/h1>\n<p>O vel\u00f3rio est\u00e1 sendo realizado na Morada da Paz (Av. Pedro II) e o enterro ser\u00e1 amanh\u00e3, dia 05\/04\/16, \u00e0s 10h00 no Cemit\u00e9rio do Cristo.<\/p>\n<p>Aos membros da fam\u00edlia e amigos, nossos sentimentos.<\/p>\n<p>&nbsp;<\/p>\n<p align=\"center\">Jo\u00e3o Pessoa, 04 de abril.<\/p>\n<p align=\"center\">Diretoria Executiva da ADUFPB<\/p>\n","protected":false},"excerpt":{"rendered":"<p>A\u00a0ADUFPB\u00a0vem a p\u00fablico manifestar o seu profundo pesar pelo falecimento, hoje, dia 4 de abril de 2016, de\u00a0UBIRATAN INDIO DE LAMEIRO,\u00a0professor aposentado\u00a0do Departamento de Biologia Molecular, do Centro de Ci\u00eancias Exatas e da Natureza (CCEN),\u00a0da Universidade Federal da Para\u00edba e\u00a0sindicalizado da ADUFPB. O vel\u00f3rio est\u00e1 sendo realizado na Morada da Paz (Av. Pedro II) e&hellip;<\/p>\n","protected":false},"author":3,"featured_media":0,"comment_status":"closed","ping_status":"closed","sticky":false,"template":"","format":"standard","meta":{"footnotes":""},"categories":[15],"tags":[],"class_list":["post-13636","post","type-post","status-publish","format-standard","hentry","category-noticias","category-15","description-off"],"_links":{"self":[{"href":"https:\/\/www.adufpb.org.br\/site\/wp-json\/wp\/v2\/posts\/13636","targetHints":{"allow":["GET"]}}],"collection":[{"href":"https:\/\/www.adufpb.org.br\/site\/wp-json\/wp\/v2\/posts"}],"about":[{"href":"https:\/\/www.adufpb.org.br\/site\/wp-json\/wp\/v2\/types\/post"}],"author":[{"embeddable":true,"href":"https:\/\/www.adufpb.org.br\/site\/wp-json\/wp\/v2\/users\/3"}],"replies":[{"embeddable":true,"href":"https:\/\/www.adufpb.org.br\/site\/wp-json\/wp\/v2\/comments?post=13636"}],"version-history":[{"count":1,"href":"https:\/\/www.adufpb.org.br\/site\/wp-json\/wp\/v2\/posts\/13636\/revisions"}],"predecessor-version":[{"id":13637,"href":"https:\/\/www.adufpb.org.br\/site\/wp-json\/wp\/v2\/posts\/13636\/revisions\/13637"}],"wp:attachment":[{"href":"https:\/\/www.adufpb.org.br\/site\/wp-json\/wp\/v2\/media?parent=13636"}],"wp:term":[{"taxonomy":"category","embeddable":true,"href":"https:\/\/www.adufpb.org.br\/site\/wp-json\/wp\/v2\/categories?post=13636"},{"taxonomy":"post_tag","embeddable":true,"href":"https:\/\/www.adufpb.org.br\/site\/wp-json\/wp\/v2\/tags?post=13636"}],"curies":[{"name":"wp","href":"https:\/\/api.w.org\/{rel}","templated":true}]}}