{"id":13594,"date":"2016-03-29T16:15:04","date_gmt":"2016-03-29T20:15:04","guid":{"rendered":"http:\/\/www.adufpb.org.br\/site\/?p=13594"},"modified":"2016-03-29T16:15:04","modified_gmt":"2016-03-29T20:15:04","slug":"soraia-bandeira-e-cabruera-confirmam-presenca-em-ato-politico-cultural-contra-o-golpe","status":"publish","type":"post","link":"https:\/\/www.adufpb.org.br\/site\/soraia-bandeira-e-cabruera-confirmam-presenca-em-ato-politico-cultural-contra-o-golpe\/","title":{"rendered":"Soraia Bandeira e Cabru\u00eara confirmam presen\u00e7a em Ato Pol\u00edtico Cultural contra o golpe"},"content":{"rendered":"<p>A UFPB CONTRA O GOLPE<\/p>\n<p>A cantora paraibana Soraia Bandeira e o grupo Cabru\u00eara tamb\u00e9m confirmaram participa\u00e7\u00e3o no Ato Pol\u00edtico Cultural que acontecer\u00e1 nesta quarta-feira, 30\/3, a partir das 19 horas, no estacionamento da Biblioteca Central da UFPB, Campus Jo\u00e3o Pessoa.<\/p>\n<div>\n<p>Promovido pela ADUFPB (sindicato dos docentes da UFPB), o ato vai reunir m\u00fasica, cultura regional e pol\u00edtica contra o golpe \u00e0 democracia, que se desenha no cen\u00e1rio pol\u00edtico nacional.<\/p>\n<p>Com o tema \u201cA Universidade em defesa da DEMOCRACIA e contra qualquer tipo de GOLPE\u201d, professores, estudantes e toda a comunidade acad\u00eamica estar\u00e3o juntos no ato que contar\u00e1 tamb\u00e9m com os artistas do Grupo Imburana, do Grupo Paraibones, da Tro\u00e7a Harm\u00f4nica, J\u00fanior Limeira, C\u00e1tia de Fran\u00e7a, Seu Pereira, Totonho e Xisto Medeiros, entre outros convidados.&#8221;<\/p>\n<\/div>\n","protected":false},"excerpt":{"rendered":"<p>A UFPB CONTRA O GOLPE A cantora paraibana Soraia Bandeira e o grupo Cabru\u00eara tamb\u00e9m confirmaram participa\u00e7\u00e3o no Ato Pol\u00edtico Cultural que acontecer\u00e1 nesta quarta-feira, 30\/3, a partir das 19 horas, no estacionamento da Biblioteca Central da UFPB, Campus Jo\u00e3o Pessoa. Promovido pela ADUFPB (sindicato dos docentes da UFPB), o ato vai reunir m\u00fasica, cultura&hellip;<\/p>\n","protected":false},"author":3,"featured_media":0,"comment_status":"closed","ping_status":"closed","sticky":false,"template":"","format":"standard","meta":{"footnotes":""},"categories":[15],"tags":[],"class_list":["post-13594","post","type-post","status-publish","format-standard","hentry","category-noticias","category-15","description-off"],"_links":{"self":[{"href":"https:\/\/www.adufpb.org.br\/site\/wp-json\/wp\/v2\/posts\/13594","targetHints":{"allow":["GET"]}}],"collection":[{"href":"https:\/\/www.adufpb.org.br\/site\/wp-json\/wp\/v2\/posts"}],"about":[{"href":"https:\/\/www.adufpb.org.br\/site\/wp-json\/wp\/v2\/types\/post"}],"author":[{"embeddable":true,"href":"https:\/\/www.adufpb.org.br\/site\/wp-json\/wp\/v2\/users\/3"}],"replies":[{"embeddable":true,"href":"https:\/\/www.adufpb.org.br\/site\/wp-json\/wp\/v2\/comments?post=13594"}],"version-history":[{"count":1,"href":"https:\/\/www.adufpb.org.br\/site\/wp-json\/wp\/v2\/posts\/13594\/revisions"}],"predecessor-version":[{"id":13595,"href":"https:\/\/www.adufpb.org.br\/site\/wp-json\/wp\/v2\/posts\/13594\/revisions\/13595"}],"wp:attachment":[{"href":"https:\/\/www.adufpb.org.br\/site\/wp-json\/wp\/v2\/media?parent=13594"}],"wp:term":[{"taxonomy":"category","embeddable":true,"href":"https:\/\/www.adufpb.org.br\/site\/wp-json\/wp\/v2\/categories?post=13594"},{"taxonomy":"post_tag","embeddable":true,"href":"https:\/\/www.adufpb.org.br\/site\/wp-json\/wp\/v2\/tags?post=13594"}],"curies":[{"name":"wp","href":"https:\/\/api.w.org\/{rel}","templated":true}]}}