{"id":13592,"date":"2016-03-29T06:39:54","date_gmt":"2016-03-29T10:39:54","guid":{"rendered":"http:\/\/www.adufpb.org.br\/site\/?p=13592"},"modified":"2016-03-29T06:39:54","modified_gmt":"2016-03-29T10:39:54","slug":"eleicao-no-andes-candidata-participa-de-debate-na-adufpb","status":"publish","type":"post","link":"https:\/\/www.adufpb.org.br\/site\/eleicao-no-andes-candidata-participa-de-debate-na-adufpb\/","title":{"rendered":"Elei\u00e7\u00e3o no Andes: candidata participa de debate na ADUFPB"},"content":{"rendered":"<p>Nesta quarta-feira, 30\/03, a partir das 15 horas, na sede da ADUFPB, teremos um debate com a candidata a presidente pela Chapa 1 nas elei\u00e7\u00f5es do ANDES-SN. Com o tema <b>&#8220;A CONJUNTURA ATUAL E SEUS DESDOBRAMENTOS PARA A UNIVERSIDADE E A CATEGORIA DOCENTE<\/b>&#8220;, a professora\u00a0\u00a0Eblin Farage, da Universidade Federal Fluminense (UFF), far\u00e1 uma discuss\u00e3o sobre a luta docente e os desafios que a categoria dever\u00e1 enfrentar no decorrer deste ano.<\/p>\n<p>O debate ocorrer\u00e1 no Terra\u00e7o Cultural S\u00edlvio Frank Alem, na sede da ADUFPB, Centro de Viv\u00eancia. \u00c9 importante a participa\u00e7\u00e3o dos docentes nessa atividade pol\u00edtica do sindicato nacional. &#8220;Nessa luta temos que contar com todos os professores e professoras, por isso \u00e9 fundamental intensificar nosso trabalho de base, assim como ampliar nosso arco de alian\u00e7as com os movimentos sindical, popular, social e estudantil&#8221;, destacou Eblin Farage.<\/p>\n<p>As elei\u00e7\u00f5es do ANDES-SN ser\u00e3o realizadas nas se\u00e7\u00f5es sindicais em todo o pa\u00eds, nos dias 10 e 11 de maio deste ano.\u00a0 Al\u00e9m de Eblin Farage, est\u00e3o na chapa\u00a0\u201cUnidade na Luta\u201d o candidato a secret\u00e1rio-geral Alexandre Galv\u00e3o, da Universidade Estadual do Sudoeste da Bahia (Uesb) e o tesoureiro Amauri Fragoso de Medeiros, da Universidade Federal de Campina Grande (UFCG).<\/p>\n","protected":false},"excerpt":{"rendered":"<p>Nesta quarta-feira, 30\/03, a partir das 15 horas, na sede da ADUFPB, teremos um debate com a candidata a presidente pela Chapa 1 nas elei\u00e7\u00f5es do ANDES-SN. Com o tema &#8220;A CONJUNTURA ATUAL E SEUS DESDOBRAMENTOS PARA A UNIVERSIDADE E A CATEGORIA DOCENTE&#8220;, a professora\u00a0\u00a0Eblin Farage, da Universidade Federal Fluminense (UFF), far\u00e1 uma discuss\u00e3o sobre&hellip;<\/p>\n","protected":false},"author":3,"featured_media":0,"comment_status":"closed","ping_status":"closed","sticky":false,"template":"","format":"standard","meta":{"footnotes":""},"categories":[15],"tags":[92,753,632,30,752],"class_list":["post-13592","post","type-post","status-publish","format-standard","hentry","category-noticias","tag-andes","tag-conjuntura","tag-crise","tag-debate","tag-eleicao-no-andes","category-15","description-off"],"_links":{"self":[{"href":"https:\/\/www.adufpb.org.br\/site\/wp-json\/wp\/v2\/posts\/13592","targetHints":{"allow":["GET"]}}],"collection":[{"href":"https:\/\/www.adufpb.org.br\/site\/wp-json\/wp\/v2\/posts"}],"about":[{"href":"https:\/\/www.adufpb.org.br\/site\/wp-json\/wp\/v2\/types\/post"}],"author":[{"embeddable":true,"href":"https:\/\/www.adufpb.org.br\/site\/wp-json\/wp\/v2\/users\/3"}],"replies":[{"embeddable":true,"href":"https:\/\/www.adufpb.org.br\/site\/wp-json\/wp\/v2\/comments?post=13592"}],"version-history":[{"count":1,"href":"https:\/\/www.adufpb.org.br\/site\/wp-json\/wp\/v2\/posts\/13592\/revisions"}],"predecessor-version":[{"id":13593,"href":"https:\/\/www.adufpb.org.br\/site\/wp-json\/wp\/v2\/posts\/13592\/revisions\/13593"}],"wp:attachment":[{"href":"https:\/\/www.adufpb.org.br\/site\/wp-json\/wp\/v2\/media?parent=13592"}],"wp:term":[{"taxonomy":"category","embeddable":true,"href":"https:\/\/www.adufpb.org.br\/site\/wp-json\/wp\/v2\/categories?post=13592"},{"taxonomy":"post_tag","embeddable":true,"href":"https:\/\/www.adufpb.org.br\/site\/wp-json\/wp\/v2\/tags?post=13592"}],"curies":[{"name":"wp","href":"https:\/\/api.w.org\/{rel}","templated":true}]}}