{"id":1358,"date":"2010-10-22T10:03:44","date_gmt":"2010-10-22T14:03:44","guid":{"rendered":"http:\/\/www.adufpb.org.br\/site\/pressionado-pelo-andes-sn-lupi-se-compromete-a-resolver-impasse-em-sc\/"},"modified":"2010-10-22T10:03:44","modified_gmt":"2010-10-22T14:03:44","slug":"pressionado-pelo-andes-sn-lupi-se-compromete-a-resolver-impasse-em-sc","status":"publish","type":"post","link":"https:\/\/www.adufpb.org.br\/site\/pressionado-pelo-andes-sn-lupi-se-compromete-a-resolver-impasse-em-sc\/","title":{"rendered":"Pressionado pelo ANDES-SN, Lupi se compromete a resolver impasse em SC"},"content":{"rendered":"<div id=\"_mcePaste\" style=\"position: absolute; left: -10000px; top: 0px; width: 1px; height: 1px; overflow-x: hidden; overflow-y: hidden;\">Pressionado pelo ANDES-SN, Lupi se compromete a resolver impasse em SC<\/div>\n<div id=\"_mcePaste\" style=\"position: absolute; left: -10000px; top: 0px; width: 1px; height: 1px; overflow-x: hidden; overflow-y: hidden;\">Por Najla Passos<\/div>\n<div id=\"_mcePaste\" style=\"position: absolute; left: -10000px; top: 0px; width: 1px; height: 1px; overflow-x: hidden; overflow-y: hidden;\">ANDES-SN<\/div>\n<div id=\"_mcePaste\" style=\"position: absolute; left: -10000px; top: 0px; width: 1px; height: 1px; overflow-x: hidden; overflow-y: hidden;\">Pressionado pelas quase 2 mil pessoas que participaram do ato p\u00fablico em defesa da autonomia sindical, nesta quinta-feira (21\/10), o ministro do Trabalho e Emprego \u2013 MTE, Carlos Lupi, se comprometeu publicamente a reverter o ato administrativo que dificulta a atua\u00e7\u00e3o do ANDES-SN no Estado de Santa Catarina.<\/div>\n<div id=\"_mcePaste\" style=\"position: absolute; left: -10000px; top: 0px; width: 1px; height: 1px; overflow-x: hidden; overflow-y: hidden;\">Durante a manifesta\u00e7\u00e3o, ele agendou uma reuni\u00e3o com representantes do ANDES-SN para o dia 3\/11, \u00e0s 14:30 horas, com o objetivo de solucionar o impasse criado em maio desde ano, quando uma nota t\u00e9cnica do MTE atribuiu a uma entidade rec\u00e9m fundada a responsabilidade pela representa\u00e7\u00e3o dos docentes das institui\u00e7\u00f5es p\u00fablicas de ensino superior daquele estado.<\/div>\n<div id=\"_mcePaste\" style=\"position: absolute; left: -10000px; top: 0px; width: 1px; height: 1px; overflow-x: hidden; overflow-y: hidden;\">Veja as fotos<\/div>\n<div id=\"_mcePaste\" style=\"position: absolute; left: -10000px; top: 0px; width: 1px; height: 1px; overflow-x: hidden; overflow-y: hidden;\">De acordo com a presidente do ANDES-SN, Marina Barbosa Pinto, desde maio, a entidade vem tentando se reunir com o ministro para resolver o problema, mas infelizmente n\u00e3o obteve sucesso na empreitada. Por isso, decidiu promover o ato que, al\u00e9m de denunciar a interfer\u00eancia estatal na organiza\u00e7\u00e3o dos sindicatos, protestou tamb\u00e9m contra a criminaliza\u00e7\u00e3o dos movimentos sociais. \u201cO ANDES-SN defende a autonomia dos trabalhadores para se organizarem como preferirem. Portanto, o que contestamos aqui \u00e9 o fato da nota t\u00e9cnica do MTE impedir a atua\u00e7\u00e3o do ANDES-SN em determinada regi\u00e3o\u201d, explicou.<\/div>\n<div id=\"_mcePaste\" style=\"position: absolute; left: -10000px; top: 0px; width: 1px; height: 1px; overflow-x: hidden; overflow-y: hidden;\">A presidente esclareceu que o problema enfrentado hoje pelo ANDES-SN n\u00e3o \u00e9 simples, j\u00e1 que combina a\u00e7\u00f5es arbitr\u00e1rias do governo com a disputa real da base da categoria por parte de alguns professores que acreditam que o caminho de ades\u00e3o ao sistema \u00e9 o mais f\u00e1cil para eles atingirem seus objetivos. \u201cPrecisamos enfrentar n\u00e3o s\u00f3 a press\u00e3o do governo, mas tamb\u00e9m chegar em cada professor, em cada universidade. O ANDES-SN \u00a0tem muito orgulho dos seus 30 anos de hist\u00f3ria, mas quer ser reconhecido como o sindicato do futuro, o sindicato que construir\u00e1 um novo tipo de educa\u00e7\u00e3o neste pa\u00eds\u201d.<\/div>\n<div id=\"_mcePaste\" style=\"position: absolute; left: -10000px; top: 0px; width: 1px; height: 1px; overflow-x: hidden; overflow-y: hidden;\">Ap\u00f3s agradecer \u00e0s presen\u00e7as dos milhares de trabalhadores, estudantes e representantes de movimentos sociais que atenderam ao chamado do Sindicato Nacional docente para participar do ato, Marina lembrou que o \u201cANDES-SN \u00e9 uma trincheira de luta para todos que querem contribuir para uma universidade diferente, para um pa\u00eds diferente\u201d. \u201cIndependentemente do governo que ven\u00e7a as elei\u00e7\u00f5es, teremos enormes desafios a enfrentar, nas ruas e nas pra\u00e7as, a exemplo do que ocorre hoje na Fran\u00e7a. Por isso, precisamos estar juntos\u201d.<\/div>\n<div id=\"_mcePaste\" style=\"position: absolute; left: -10000px; top: 0px; width: 1px; height: 1px; overflow-x: hidden; overflow-y: hidden;\">Participa\u00e7\u00f5es<\/div>\n<div id=\"_mcePaste\" style=\"position: absolute; left: -10000px; top: 0px; width: 1px; height: 1px; overflow-x: hidden; overflow-y: hidden;\">Um grande n\u00famero de docentes das universidades federais, estaduais e particulares deixou suas regi\u00f5es do pa\u00eds para defender o direito de serem representados pelo ANDES-SN. Entre eles, um n\u00famero expressivo de professores de Santa Catarina.<\/div>\n<div id=\"_mcePaste\" style=\"position: absolute; left: -10000px; top: 0px; width: 1px; height: 1px; overflow-x: hidden; overflow-y: hidden;\">A categoria se somou aos representantes de dezenas de entidades dos movimentos sindicais, estudantil e sociais que tamb\u00e9m enviaram representantes ao ato. Trabalhadores do campo e da cidade, sem-teto, sem-terra, quilombolas, estudantes, representantes de comunidades remanejadas em fun\u00e7\u00e3o das obras da Copa do Mundo&#8230;<\/div>\n<div id=\"_mcePaste\" style=\"position: absolute; left: -10000px; top: 0px; width: 1px; height: 1px; overflow-x: hidden; overflow-y: hidden;\">Marcaram presen\u00e7a diversas representa\u00e7\u00f5es estudantis: o movimento Oposi\u00e7\u00e3o de Esquerda da UNE, a Associa\u00e7\u00e3o Nacional dos Estudantes Livres \u2013 ANEL, v\u00e1rios CAs e DCEs, como os das universidades federais de Ouro Preto, Rio de Janeiro, Par\u00e1 e Fluminense.<\/div>\n<div id=\"_mcePaste\" style=\"position: absolute; left: -10000px; top: 0px; width: 1px; height: 1px; overflow-x: hidden; overflow-y: hidden;\">O ato contou, ainda, com membros da Federa\u00e7\u00e3o Nacional dos Sindicatos de Trabalhadores em Sa\u00fade, Trabalho, Previd\u00eancia e Assist\u00eancia Social &#8211; Fenasps, Sindicato dos Petroleiros do rio de Janeiro &#8211; Sindpetro-RJ, Confedera\u00e7\u00e3o Brasileira dos Aposentados \u2013 Cobap, Movimento Quilombola do Maranh\u00e3o, Movimento do Hip Hop, Intersindical Unidos pra Lutar, Movimento dos Trabalhadores Sem-Teto &#8211; MTST, Movimento Terra, Trabalho e Liberdade \u2013 MTL, membros de sindicatos de base e da dire\u00e7\u00e3o da Federa\u00e7\u00e3o dos Sindicatos de Trabalhadores das Universidades P\u00fablicas Brasileiras &#8211; Fasubra, Movimento Terra Livre, Sindicato da Constru\u00e7\u00e3o Civil de Bel\u00e9m, Sindicato dos Metal\u00fargicos de S\u00e3o Jos\u00e9 dos Campos \u2013 SMSJC, Auditoria Cidad\u00e3 da D\u00edvida, Sindicato da Constru\u00e7\u00e3o Civil de Nova Igua\u00e7u, F\u00f3rum Sindical dos Trabalhadores, F\u00f3rum Internacional dos Sem-Teto \u2013 FIST, Coordena\u00e7\u00e3o Nacional das Entidades dos Servidores F ederais &#8211; CNESF, da central sindical CSP-Conlutas, entre outros.<\/div>\n<div id=\"_mcePaste\" style=\"position: absolute; left: -10000px; top: 0px; width: 1px; height: 1px; overflow-x: hidden; overflow-y: hidden;\">Problemas similares<\/div>\n<div id=\"_mcePaste\" style=\"position: absolute; left: -10000px; top: 0px; width: 1px; height: 1px; overflow-x: hidden; overflow-y: hidden;\">Ant\u00f4nio Ferreira de Barros, da diretoria do Sindicato dos Metal\u00fargicos de S\u00e3o Jos\u00e9 dos Campos \u2013 SMSJC, disse que a entidade n\u00e3o poderia se omitir de participar de um ato em defesa do ANDES-SN, porque tamb\u00e9m j\u00e1 sofreu ataques semelhantes, em fun\u00e7\u00e3o de se manter combativa e independente dos governos.<\/div>\n<div id=\"_mcePaste\" style=\"position: absolute; left: -10000px; top: 0px; width: 1px; height: 1px; overflow-x: hidden; overflow-y: hidden;\">\u201cO problema que o ANDES-SN enfrenta hoje \u00e9 o mesmo que enfrentamos em 2003, quando a CUT tentou criar outro sindicato na nossa base de atua\u00e7\u00e3o. Em 2007, conseguimos derrotar esse sindicato pelego que tentou destruir os 50 anos de hist\u00f3ria de luta da nossa entidade. As entidades que ousam sair as ruas e n\u00e3o se submetem aos governos t\u00eam que lutar unidas\u201d.<\/div>\n<div id=\"_mcePaste\" style=\"position: absolute; left: -10000px; top: 0px; width: 1px; height: 1px; overflow-x: hidden; overflow-y: hidden;\">Representantes dos trabalhadores da Universidade de S\u00e3o Paulo \u2013 USP tamb\u00e9m vieram prestar sua solidariedade ao Sindicato Nacional docente. Respondendo h\u00e1 onze processos judiciais, o Sindicato enfrenta um duro ataque do governo Serra, em fun\u00e7\u00e3o da sua posi\u00e7\u00e3o de luta em defesa da universidade p\u00fablica.<\/div>\n<div id=\"_mcePaste\" style=\"position: absolute; left: -10000px; top: 0px; width: 1px; height: 1px; overflow-x: hidden; overflow-y: hidden;\">Reflexos da d\u00edvida<\/div>\n<div id=\"_mcePaste\" style=\"position: absolute; left: -10000px; top: 0px; width: 1px; height: 1px; overflow-x: hidden; overflow-y: hidden;\">Pelo movimento Auditoria Cidad\u00e3 da D\u00edvida, Maria L\u00facia Fatorelli parabenizou o ANDES-SN pelo ato e reafirmou o tamanho dos desafios a serem enfrentados pelos brasileiros a partir do pr\u00f3ximo ano, independentemente do governo eleito. \u201cEm 2009, o governo federal investiu 48% dos recursos do or\u00e7amento da uni\u00e3o no pagamento da d\u00edvida p\u00fablica. Descontando a rolagem, foram 36% do or\u00e7amento para os juros da d\u00edvida. E apenas 2,8% para a Educa\u00e7\u00e3o. \u00c9 por isso que os direitos de professores e alunos vem sendo massacrados\u201d.<\/div>\n<div id=\"_mcePaste\" style=\"position: absolute; left: -10000px; top: 0px; width: 1px; height: 1px; overflow-x: hidden; overflow-y: hidden;\">Em nome da CSP-Conlutas, Jos\u00e9 Maria evidenciou o esfor\u00e7o que o Estado brasileiro segue fazendo para continuar a garantir o lucro da burguesia. De acordo com ele, o novo governo, seja ele qual for, j\u00e1 prepara uma reforma previdenci\u00e1ria, a exemplo do que ocorre na Fran\u00e7a, para tentar conter a crise financeira que se alastrou pelo mundo.\u201dPor isso, esses ataques \u00e0s entidades de luta est\u00e3o se acirrando. Temos que lutar juntos contra isso\u201d.<\/div>\n<div id=\"_mcePaste\" style=\"position: absolute; left: -10000px; top: 0px; width: 1px; height: 1px; overflow-x: hidden; overflow-y: hidden;\">Outras reivindica\u00e7\u00f5es<\/div>\n<div id=\"_mcePaste\" style=\"position: absolute; left: -10000px; top: 0px; width: 1px; height: 1px; overflow-x: hidden; overflow-y: hidden;\">Ap\u00f3s o ato na frente do MTE, os manifestantes seguiram para o Minist\u00e9rio do Planejamento, Or\u00e7amento e Gest\u00e3o &#8211; MP e para o Minist\u00e9rio da Educa\u00e7\u00e3o \u2013 MEC, onde protocolaram outras reivindica\u00e7\u00f5es docentes. Os docentes reivindicam, principalmente, a abertura efetiva de negocia\u00e7\u00f5es sobre a carreira docente, considerando que a proposta de projeto de lei apresentada pelo governo foi bastante criticada pela base da categoria.<\/div>\n<div id=\"_mcePaste\" style=\"position: absolute; left: -10000px; top: 0px; width: 1px; height: 1px; overflow-x: hidden; overflow-y: hidden;\">Confira aqui o documento encaminhado aos ministros<\/div>\n<div id=\"_mcePaste\" style=\"position: absolute; left: -10000px; top: 0px; width: 1px; height: 1px; overflow-x: hidden; overflow-y: hidden;\">Solidariedade aos franceses<\/div>\n<div id=\"_mcePaste\" style=\"position: absolute; left: -10000px; top: 0px; width: 1px; height: 1px; overflow-x: hidden; overflow-y: hidden;\">Durante a tarde, cerca de 300 pessoas, incluindo docentes universit\u00e1rios, realizaram manifesta\u00e7\u00e3o em frente \u00e0 Embaixada da Fran\u00e7a, com o objetivo de prestar solidariedade aos trabalhadores franceses e protestar contra a reforma previdenci\u00e1ria proposta pelo governo.<\/div>\n<div id=\"_mcePaste\" style=\"position: absolute; left: -10000px; top: 0px; width: 1px; height: 1px; overflow-x: hidden; overflow-y: hidden;\">Os representantes da embaixada receberam uma comiss\u00e3o de quatro participantes e se comprometeram a encaminhar as reivindica\u00e7\u00f5es dos movimentos sindicais e sociais brasileiros ao governo franc\u00eas. O ato foi organizado pela CSP-Conlutas.<\/div>\n<div id=\"_mcePaste\" style=\"position: absolute; left: -10000px; top: 0px; width: 1px; height: 1px; overflow-x: hidden; overflow-y: hidden;\">Fonte: ANDES-SN<\/div>\n<p><em>Por Najla Passos<\/em><\/p>\n<p><em>ANDES-SN<\/em><\/p>\n<p><a href=\"http:\/\/www.adufpb.org.br\/site\/wp-content\/uploads\/2010\/10\/ato-p\u00fablico-em-defesa-da-autonomia-sindical.jpg\"><img loading=\"lazy\" decoding=\"async\" class=\"alignleft size-full wp-image-1357\" title=\"ato p\u00fablico em defesa da autonomia sindical\" src=\"http:\/\/www.adufpb.org.br\/site\/wp-content\/uploads\/2010\/10\/ato-p\u00fablico-em-defesa-da-autonomia-sindical.jpg\" alt=\"ato p\u00fablico em defesa da autonomia sindical\" width=\"328\" height=\"246\" srcset=\"https:\/\/www.adufpb.org.br\/site\/wp-content\/uploads\/2010\/10\/ato-p\u00fablico-em-defesa-da-autonomia-sindical.jpg 912w, https:\/\/www.adufpb.org.br\/site\/wp-content\/uploads\/2010\/10\/ato-p\u00fablico-em-defesa-da-autonomia-sindical-300x225.jpg 300w\" sizes=\"auto, (max-width: 328px) 100vw, 328px\" \/><\/a>Pressionado pelas quase 2 mil pessoas que participaram do ato p\u00fablico em defesa da autonomia sindical, nesta quinta-feira (21\/10), o ministro do Trabalho e Emprego \u2013 MTE, Carlos Lupi, se comprometeu publicamente a reverter o ato administrativo que dificulta a atua\u00e7\u00e3o do ANDES-SN no Estado de Santa Catarina.<\/p>\n<p>Durante a manifesta\u00e7\u00e3o, ele agendou uma reuni\u00e3o com representantes do ANDES-SN para o dia 3\/11, \u00e0s 14:30 horas, com o objetivo de solucionar o impasse criado em maio desde ano, quando uma nota t\u00e9cnica do MTE atribuiu a uma entidade rec\u00e9m fundada a responsabilidade pela representa\u00e7\u00e3o dos docentes das institui\u00e7\u00f5es p\u00fablicas de ensino superior daquele estado.<\/p>\n<p><a href=\"http:\/\/picasaweb.google.com\/andes.sindicato\/AtoPublico21102010\" target=\"_blank\">Veja as fotos<\/a><\/p>\n<p>De acordo com a presidente do ANDES-SN, Marina Barbosa Pinto, desde maio, a entidade vem tentando se reunir com o ministro para resolver o problema, mas infelizmente n\u00e3o obteve sucesso na empreitada. Por isso, decidiu promover o ato que, al\u00e9m de denunciar a interfer\u00eancia estatal na organiza\u00e7\u00e3o dos sindicatos, protestou tamb\u00e9m contra a criminaliza\u00e7\u00e3o dos movimentos sociais. \u201cO ANDES-SN defende a autonomia dos trabalhadores para se organizarem como preferirem. Portanto, o que contestamos aqui \u00e9 o fato da nota t\u00e9cnica do MTE impedir a atua\u00e7\u00e3o do ANDES-SN em determinada regi\u00e3o\u201d, explicou.<\/p>\n<p>A presidente esclareceu que o problema enfrentado hoje pelo ANDES-SN n\u00e3o \u00e9 simples, j\u00e1 que combina a\u00e7\u00f5es arbitr\u00e1rias do governo com a disputa real da base da categoria por parte de alguns professores que acreditam que o caminho de ades\u00e3o ao sistema \u00e9 o mais f\u00e1cil para eles atingirem seus objetivos. \u201cPrecisamos enfrentar n\u00e3o s\u00f3 a press\u00e3o do governo, mas tamb\u00e9m chegar em cada professor, em cada universidade. O ANDES-SN \u00a0tem muito orgulho dos seus 30 anos de hist\u00f3ria, mas quer ser reconhecido como o sindicato do futuro, o sindicato que construir\u00e1 um novo tipo de educa\u00e7\u00e3o neste pa\u00eds\u201d.<\/p>\n<p>Ap\u00f3s agradecer \u00e0s presen\u00e7as dos milhares de trabalhadores, estudantes e representantes de movimentos sociais que atenderam ao chamado do Sindicato Nacional docente para participar do ato, Marina lembrou que o \u201cANDES-SN \u00e9 uma trincheira de luta para todos que querem contribuir para uma universidade diferente, para um pa\u00eds diferente\u201d. \u201cIndependentemente do governo que ven\u00e7a as elei\u00e7\u00f5es, teremos enormes desafios a enfrentar, nas ruas e nas pra\u00e7as, a exemplo do que ocorre hoje na Fran\u00e7a. Por isso, precisamos estar juntos\u201d.<\/p>\n<p><strong>Participa\u00e7\u00f5es<\/strong><\/p>\n<p>Um grande n\u00famero de docentes das universidades federais, estaduais e particulares deixou suas regi\u00f5es do pa\u00eds para defender o direito de serem representados pelo ANDES-SN. Entre eles, um n\u00famero expressivo de professores de Santa Catarina.<\/p>\n<p>A categoria se somou aos representantes de dezenas de entidades dos movimentos sindicais, estudantil e sociais que tamb\u00e9m enviaram representantes ao ato. Trabalhadores do campo e da cidade, sem-teto, sem-terra, quilombolas, estudantes, representantes de comunidades remanejadas em fun\u00e7\u00e3o das obras da Copa do Mundo&#8230;<\/p>\n<p>Marcaram presen\u00e7a diversas representa\u00e7\u00f5es estudantis: o movimento Oposi\u00e7\u00e3o de Esquerda da UNE, a Associa\u00e7\u00e3o Nacional dos Estudantes Livres \u2013 ANEL, v\u00e1rios CAs e DCEs, como os das universidades federais de Ouro Preto, Rio de Janeiro, Par\u00e1 e Fluminense.<\/p>\n<p>O ato contou, ainda, com membros da Federa\u00e7\u00e3o Nacional dos Sindicatos de Trabalhadores em Sa\u00fade, Trabalho, Previd\u00eancia e Assist\u00eancia Social &#8211; Fenasps, Sindicato dos Petroleiros do rio de Janeiro &#8211; Sindpetro-RJ, Confedera\u00e7\u00e3o Brasileira dos Aposentados \u2013 Cobap, Movimento Quilombola do Maranh\u00e3o, Movimento do Hip Hop, Intersindical Unidos pra Lutar, Movimento dos Trabalhadores Sem-Teto &#8211; MTST, Movimento Terra, Trabalho e Liberdade \u2013 MTL, membros de sindicatos de base e da dire\u00e7\u00e3o da Federa\u00e7\u00e3o dos Sindicatos de Trabalhadores das Universidades P\u00fablicas Brasileiras &#8211; Fasubra, Movimento Terra Livre, Sindicato da Constru\u00e7\u00e3o Civil de Bel\u00e9m, Sindicato dos Metal\u00fargicos de S\u00e3o Jos\u00e9 dos Campos \u2013 SMSJC, Auditoria Cidad\u00e3 da D\u00edvida, Sindicato da Constru\u00e7\u00e3o Civil de Nova Igua\u00e7u, F\u00f3rum Sindical dos Trabalhadores, F\u00f3rum Internacional dos Sem-Teto \u2013 FIST, Coordena\u00e7\u00e3o Nacional das Entidades dos Servidores F ederais &#8211; CNESF, da central sindical CSP-Conlutas, entre outros.<\/p>\n<p><strong>Problemas similares<\/strong><\/p>\n<p>Ant\u00f4nio Ferreira de Barros, da diretoria do Sindicato dos Metal\u00fargicos de S\u00e3o Jos\u00e9 dos Campos \u2013 SMSJC, disse que a entidade n\u00e3o poderia se omitir de participar de um ato em defesa do ANDES-SN, porque tamb\u00e9m j\u00e1 sofreu ataques semelhantes, em fun\u00e7\u00e3o de se manter combativa e independente dos governos.<\/p>\n<p>\u201cO problema que o ANDES-SN enfrenta hoje \u00e9 o mesmo que enfrentamos em 2003, quando a CUT tentou criar outro sindicato na nossa base de atua\u00e7\u00e3o. Em 2007, conseguimos derrotar esse sindicato pelego que tentou destruir os 50 anos de hist\u00f3ria de luta da nossa entidade. As entidades que ousam sair as ruas e n\u00e3o se submetem aos governos t\u00eam que lutar unidas\u201d.<\/p>\n<p>Representantes dos trabalhadores da Universidade de S\u00e3o Paulo \u2013 USP tamb\u00e9m vieram prestar sua solidariedade ao Sindicato Nacional docente. Respondendo h\u00e1 onze processos judiciais, o Sindicato enfrenta um duro ataque do governo Serra, em fun\u00e7\u00e3o da sua posi\u00e7\u00e3o de luta em defesa da universidade p\u00fablica.<\/p>\n<p><strong>Reflexos da d\u00edvida<\/strong><\/p>\n<p>Pelo movimento Auditoria Cidad\u00e3 da D\u00edvida, Maria L\u00facia Fatorelli parabenizou o ANDES-SN pelo ato e reafirmou o tamanho dos desafios a serem enfrentados pelos brasileiros a partir do pr\u00f3ximo ano, independentemente do governo eleito. \u201cEm 2009, o governo federal investiu 48% dos recursos do or\u00e7amento da uni\u00e3o no pagamento da d\u00edvida p\u00fablica. Descontando a rolagem, foram 36% do or\u00e7amento para os juros da d\u00edvida. E apenas 2,8% para a Educa\u00e7\u00e3o. \u00c9 por isso que os direitos de professores e alunos vem sendo massacrados\u201d.<\/p>\n<p>Em nome da CSP-Conlutas, Jos\u00e9 Maria evidenciou o esfor\u00e7o que o Estado brasileiro segue fazendo para continuar a garantir o lucro da burguesia. De acordo com ele, o novo governo, seja ele qual for, j\u00e1 prepara uma reforma previdenci\u00e1ria, a exemplo do que ocorre na Fran\u00e7a, para tentar conter a crise financeira que se alastrou pelo mundo.\u201dPor isso, esses ataques \u00e0s entidades de luta est\u00e3o se acirrando. Temos que lutar juntos contra isso\u201d.<\/p>\n<p><strong>Outras reivindica\u00e7\u00f5es<\/strong><\/p>\n<p>Ap\u00f3s o ato na frente do MTE, os manifestantes seguiram para o Minist\u00e9rio do Planejamento, Or\u00e7amento e Gest\u00e3o &#8211; MP e para o Minist\u00e9rio da Educa\u00e7\u00e3o \u2013 MEC, onde protocolaram outras reivindica\u00e7\u00f5es docentes. Os docentes reivindicam, principalmente, a abertura efetiva de negocia\u00e7\u00f5es sobre a carreira docente, considerando que a proposta de projeto de lei apresentada pelo governo foi bastante criticada pela base da categoria.<\/p>\n<p><a href=\"http:\/\/www.andes.org.br\/Carta337-10.doc\" target=\"_blank\">Confira aqui o documento encaminhado aos ministros<\/a><\/p>\n<p><strong>Solidariedade aos franceses<\/strong><\/p>\n<p>Durante a tarde, cerca de 300 pessoas, incluindo docentes universit\u00e1rios, realizaram manifesta\u00e7\u00e3o em frente \u00e0 Embaixada da Fran\u00e7a, com o objetivo de prestar solidariedade aos trabalhadores franceses e protestar contra a reforma previdenci\u00e1ria proposta pelo governo.<\/p>\n<p>Os representantes da embaixada receberam uma comiss\u00e3o de quatro participantes e se comprometeram a encaminhar as reivindica\u00e7\u00f5es dos movimentos sindicais e sociais brasileiros ao governo franc\u00eas. O ato foi organizado pela CSP-Conlutas.<\/p>\n<p><em>Fonte: ANDES-SN<\/em><\/p>\n","protected":false},"excerpt":{"rendered":"<p>Pressionado pelo ANDES-SN, Lupi se compromete a resolver impasse em SC Por Najla Passos ANDES-SN Pressionado pelas quase 2 mil pessoas que participaram do ato p\u00fablico em defesa da autonomia sindical, nesta quinta-feira (21\/10), o ministro do Trabalho e Emprego \u2013 MTE, Carlos Lupi, se comprometeu publicamente a reverter o ato administrativo que dificulta a&hellip;<\/p>\n","protected":false},"author":3,"featured_media":0,"comment_status":"open","ping_status":"open","sticky":false,"template":"","format":"standard","meta":{"footnotes":""},"categories":[15],"tags":[92],"class_list":["post-1358","post","type-post","status-publish","format-standard","hentry","category-noticias","tag-andes","category-15","description-off"],"_links":{"self":[{"href":"https:\/\/www.adufpb.org.br\/site\/wp-json\/wp\/v2\/posts\/1358","targetHints":{"allow":["GET"]}}],"collection":[{"href":"https:\/\/www.adufpb.org.br\/site\/wp-json\/wp\/v2\/posts"}],"about":[{"href":"https:\/\/www.adufpb.org.br\/site\/wp-json\/wp\/v2\/types\/post"}],"author":[{"embeddable":true,"href":"https:\/\/www.adufpb.org.br\/site\/wp-json\/wp\/v2\/users\/3"}],"replies":[{"embeddable":true,"href":"https:\/\/www.adufpb.org.br\/site\/wp-json\/wp\/v2\/comments?post=1358"}],"version-history":[{"count":0,"href":"https:\/\/www.adufpb.org.br\/site\/wp-json\/wp\/v2\/posts\/1358\/revisions"}],"wp:attachment":[{"href":"https:\/\/www.adufpb.org.br\/site\/wp-json\/wp\/v2\/media?parent=1358"}],"wp:term":[{"taxonomy":"category","embeddable":true,"href":"https:\/\/www.adufpb.org.br\/site\/wp-json\/wp\/v2\/categories?post=1358"},{"taxonomy":"post_tag","embeddable":true,"href":"https:\/\/www.adufpb.org.br\/site\/wp-json\/wp\/v2\/tags?post=1358"}],"curies":[{"name":"wp","href":"https:\/\/api.w.org\/{rel}","templated":true}]}}