{"id":13555,"date":"2016-03-21T09:51:14","date_gmt":"2016-03-21T13:51:14","guid":{"rendered":"http:\/\/www.adufpb.org.br\/site\/?p=13555"},"modified":"2016-03-21T09:51:43","modified_gmt":"2016-03-21T13:51:43","slug":"servidores-publicos-federais-protocolam-pauta-de-reivindicacoes-de-2016","status":"publish","type":"post","link":"https:\/\/www.adufpb.org.br\/site\/servidores-publicos-federais-protocolam-pauta-de-reivindicacoes-de-2016\/","title":{"rendered":"Servidores P\u00fablicos Federais protocolam pauta de reivindica\u00e7\u00f5es de 2016"},"content":{"rendered":"<p><em>PLS 555, um dos projetos criticados pelos servidores, \u00e9 aprovado no Senado Federal<\/em><\/p>\n<p><a href=\"http:\/\/www.adufpb.org.br\/site\/wp-content\/uploads\/2016\/03\/2016.03.16-servidores-federais-protocolam-pauta.jpg\"><img loading=\"lazy\" decoding=\"async\" class=\"alignright size-medium wp-image-13557\" alt=\"2016.03.16 - servidores federais protocolam pauta\" src=\"http:\/\/www.adufpb.org.br\/site\/wp-content\/uploads\/2016\/03\/2016.03.16-servidores-federais-protocolam-pauta-300x196.jpg\" width=\"300\" height=\"196\" srcset=\"https:\/\/www.adufpb.org.br\/site\/wp-content\/uploads\/2016\/03\/2016.03.16-servidores-federais-protocolam-pauta-300x196.jpg 300w, https:\/\/www.adufpb.org.br\/site\/wp-content\/uploads\/2016\/03\/2016.03.16-servidores-federais-protocolam-pauta.jpg 459w\" sizes=\"auto, (max-width: 300px) 100vw, 300px\" \/><\/a>Na manh\u00e3 desta quarta-feira (16), o F\u00f3rum das Entidades Nacionais dos Servidores P\u00fablicos Federais (Fonasefe) protocolou sua pauta de reivindica\u00e7\u00f5es da campanha unificada dos SPF de 2016 no Minist\u00e9rio do Planejamento, Or\u00e7amento e Gest\u00e3o (Mpog). J\u00e1 \u00e0 tarde, representantes do Fonasefe foram \u00e0 C\u00e2mara dos Deputados entregar uma carta aos parlamentares na qual se explicita a posi\u00e7\u00e3o dos SPF contr\u00e1ria ao desmonte e \u00e0 precariza\u00e7\u00e3o dos servi\u00e7os p\u00fablicos, al\u00e9m de cobrar o encaminhamento de Projetos de Lei (PL) que decorrem dos acordos firmados por algumas entidades em 2015.<\/p>\n<p>Durante o protocolo da pauta, as entidades foram recebidas no Mpog por Edina Maria Rocha Lima, secretaria adjunta de Gest\u00e3o de Pessoas e Rela\u00e7\u00f5es de Trabalho no Servi\u00e7o P\u00fablico do Minist\u00e9rio (Segrt-Mpog). Edina disse que agendaria uma reuni\u00e3o com o S\u00e9rgio Mendon\u00e7a, sem data marcada. Na pauta, o Fonasefe reafirma a prioridade das entidades para o ano de 2016, que \u00e9 a defesa dos servi\u00e7os p\u00fablicos de qualidade para toda a popula\u00e7\u00e3o, al\u00e9m dos direitos trabalhistas dos servidores.<\/p>\n<p><strong>SPF entregam cartas a deputados federais<\/strong><\/p>\n<p>No per\u00edodo da tarde, diversas entidades do Fonasefe se reuniram na C\u00e2mara dos Deputados, onde distribu\u00edram uma carta que critica projetos que atacam os servi\u00e7os p\u00fablicos e cobra a tramita\u00e7\u00e3o de PLs que foram acordados por algumas entidades no ano de 2015. Os servidores federais visitaram diversas lideran\u00e7as de partidos, al\u00e9m da lideran\u00e7a do governo, sendo recebidos por assessores parlamentares. O Fonasefe tamb\u00e9m visitou a Comiss\u00e3o de Trabalho, de Administra\u00e7\u00e3o e Servi\u00e7o P\u00fablico (Ctasp), onde iniciar\u00e1 a tramita\u00e7\u00e3o de parte dos projetos.<\/p>\n<p>Paulo Rizzo, presidente do ANDES-SN, participou da entrega da carta aos deputados e reafirmou a cr\u00edtica aos projetos que atacam os servi\u00e7os p\u00fablicos e tamb\u00e9m o car\u00e1ter p\u00fablico da educa\u00e7\u00e3o. O presidente do ANDES-SN citou, por exemplo, o Projeto de Lei do Senado (PLS) 555\/2015, que abre caminho para a privatiza\u00e7\u00e3o das empresas estatais, e foi aprovado na ter\u00e7a-feira no Senado Federal e encaminhado \u00e0 C\u00e2mara.<\/p>\n<p>O presidente do ANDES-SN avaliou positivamente a a\u00e7\u00e3o do F\u00f3rum na C\u00e2mara. \u201cFoi importante n\u00f3s mostrarmos para as lideran\u00e7as da C\u00e2mara dos Deputados que o Fonasefe est\u00e1 se mobilizando na defesa dos servi\u00e7os p\u00fablicos, exigindo que os parlamentares tratem quest\u00f5es que s\u00e3o fundamentais para a garantia desses servi\u00e7os. Reivindicamos que se barrem os projetos que privatizam os servi\u00e7os p\u00fablicos e a defesa de nossos direitos trabalhistas. Ano passado, nas negocia\u00e7\u00f5es com o governo, algumas entidades do Fonasefe assinaram o acordo e outras n\u00e3o, mas os reajustes acabaram ficando para agosto desse ano e janeiro de 2017. J\u00e1 ouvimos falas que amea\u00e7am esse reajuste, e por isso \u00e9 importante que fa\u00e7amos essa mobiliza\u00e7\u00e3o\u201d, afirma Rizzo.<\/p>\n<p><strong>Senado aprova projeto que amplia privatiza\u00e7\u00e3o das estatais<\/strong><\/p>\n<p>O PLS 555\/2015, conhecido como o Estatuto das Estatais, amea\u00e7a o car\u00e1ter p\u00fablico de empresas estatais como a Petrobras, Banco do Brasil e Caixa Econ\u00f4mica Federal, ao transform\u00e1-las em sociedades an\u00f4nimas e ainda define que os conselhos de administra\u00e7\u00e3o das estatais dever\u00e3o contar com a presen\u00e7a m\u00ednima de 20% de membros independentes e seus integrantes ser\u00e3o impedidos de manter rela\u00e7\u00f5es sindicais ou partid\u00e1rias. Uma das justificativas para o PLS \u00e9 que as estatais estariam \u201cinchadas\u201d de pessoal. O projeto, que foi aprovado no Senado, agora vai \u00e0 C\u00e2mara dos Deputados.<\/p>\n<p>Paulo Rizzo, presidente do ANDES-SN, critica a aprova\u00e7\u00e3o do projeto. \u201c\u00c9 curioso o fato de o Congresso Nacional estar com a pauta praticamente trancada em fun\u00e7\u00e3o da crise pol\u00edtica, e mesmo assim alguns projetos tramitam. E o que tramita s\u00e3o projetos que abrem caminho para expans\u00e3o do capital e garantia de lucros por meio da privatiza\u00e7\u00e3o dos servi\u00e7os p\u00fablicos. \u00c9 extremamente preocupante que esse projeto tenha sido aprovado no Senado e temos que ampliar a mobiliza\u00e7\u00e3o para que ele n\u00e3o seja aprovado na C\u00e2mara\u201d, avalia o docente.<\/p>\n<p>Confira\u00a0<a href=\"http:\/\/portal.andes.org.br\/imprensa\/noticias\/imp-ult-582027647.pdf\" target=\"_blank\">aqui<\/a>\u00a0a pauta protocolada pelo Fonasefe no Mpog<\/p>\n<p>Confira\u00a0<a href=\"http:\/\/portal.andes.org.br\/imprensa\/noticias\/imp-ult-1749348719.pdf\" target=\"_blank\">aqui<\/a>\u00a0a carta entregue aos parlamentares<\/p>\n<p>Confira\u00a0<a href=\"http:\/\/portal.andes.org.br\/imprensa\/noticias\/imp-ult-1639759162.pdf\" target=\"_blank\">aqui<\/a>\u00a0o cartaz da Campanha Unificada dos SPF de 2016<\/p>\n<p><em>Fonte:\u00a0ANDES-SN<\/em><\/p>\n","protected":false},"excerpt":{"rendered":"<p>PLS 555, um dos projetos criticados pelos servidores, \u00e9 aprovado no Senado Federal Na manh\u00e3 desta quarta-feira (16), o F\u00f3rum das Entidades Nacionais dos Servidores P\u00fablicos Federais (Fonasefe) protocolou sua pauta de reivindica\u00e7\u00f5es da campanha unificada dos SPF de 2016 no Minist\u00e9rio do Planejamento, Or\u00e7amento e Gest\u00e3o (Mpog). J\u00e1 \u00e0 tarde, representantes do Fonasefe foram&hellip;<\/p>\n","protected":false},"author":3,"featured_media":0,"comment_status":"closed","ping_status":"closed","sticky":false,"template":"","format":"standard","meta":{"footnotes":""},"categories":[15],"tags":[747,505,585],"class_list":["post-13555","post","type-post","status-publish","format-standard","hentry","category-noticias","tag-pauta-unificada","tag-servidores-federais","tag-spf","category-15","description-off"],"_links":{"self":[{"href":"https:\/\/www.adufpb.org.br\/site\/wp-json\/wp\/v2\/posts\/13555","targetHints":{"allow":["GET"]}}],"collection":[{"href":"https:\/\/www.adufpb.org.br\/site\/wp-json\/wp\/v2\/posts"}],"about":[{"href":"https:\/\/www.adufpb.org.br\/site\/wp-json\/wp\/v2\/types\/post"}],"author":[{"embeddable":true,"href":"https:\/\/www.adufpb.org.br\/site\/wp-json\/wp\/v2\/users\/3"}],"replies":[{"embeddable":true,"href":"https:\/\/www.adufpb.org.br\/site\/wp-json\/wp\/v2\/comments?post=13555"}],"version-history":[{"count":2,"href":"https:\/\/www.adufpb.org.br\/site\/wp-json\/wp\/v2\/posts\/13555\/revisions"}],"predecessor-version":[{"id":13558,"href":"https:\/\/www.adufpb.org.br\/site\/wp-json\/wp\/v2\/posts\/13555\/revisions\/13558"}],"wp:attachment":[{"href":"https:\/\/www.adufpb.org.br\/site\/wp-json\/wp\/v2\/media?parent=13555"}],"wp:term":[{"taxonomy":"category","embeddable":true,"href":"https:\/\/www.adufpb.org.br\/site\/wp-json\/wp\/v2\/categories?post=13555"},{"taxonomy":"post_tag","embeddable":true,"href":"https:\/\/www.adufpb.org.br\/site\/wp-json\/wp\/v2\/tags?post=13555"}],"curies":[{"name":"wp","href":"https:\/\/api.w.org\/{rel}","templated":true}]}}