{"id":13510,"date":"2016-03-09T09:42:03","date_gmt":"2016-03-09T13:42:03","guid":{"rendered":"http:\/\/www.adufpb.org.br\/site\/?p=13510"},"modified":"2016-03-09T09:42:03","modified_gmt":"2016-03-09T13:42:03","slug":"debate-a-mulher-e-a-educacao-sera-realizado-nesta-quinta-feira","status":"publish","type":"post","link":"https:\/\/www.adufpb.org.br\/site\/debate-a-mulher-e-a-educacao-sera-realizado-nesta-quinta-feira\/","title":{"rendered":"Debate \u201cA Mulher e a Educa\u00e7\u00e3o\u201d ser\u00e1 realizado nesta quinta-feira"},"content":{"rendered":"<p dir=\"ltr\">As atividades em alus\u00e3o ao Dia Internacional da Mulher continuam na UFPB. Nesta quinta-feira (10\/3), ser\u00e1 realizado o debate \u201cA Mulher e a Educa\u00e7\u00e3o\u201d, organizado pelo Coletivo Feminista Classista Ana Montenegro &#8211; PB. O evento acontecer\u00e1 no audit\u00f3rio 411 do CCHLA, a partir das 18h30, com a participa\u00e7\u00e3o de representantes do grupo Educadores em Luta e da ADUFPB, por meio do Grupo de Trabalho Classe, \u00c9tnicorraciais, G\u00eanero e Diversidade Sexual.<\/p>\n<p>O Coletivo Feminista Ana Montenegro convida as educadoras e os educadores da educa\u00e7\u00e3o b\u00e1sica a refletir: como chega \u00e0 sua pr\u00e1tica cotidiana a tem\u00e1tica da identidade de g\u00eanero? Que repercuss\u00f5es essas omiss\u00f5es nos planos t\u00eam no \u201cch\u00e3o\u201d da escola? Voc\u00ea aborda essa tem\u00e1tica em sala de aula? De que forma?<\/p>\n<p>Segundo o Coletivo, \u201cprecisamos ser fortes e seguirmos na luta, por estamos mergulhados e mergulhadas em uma sociedade cheia de preconceitos e discrimina\u00e7\u00f5es praticadas sobre as diversidades socioculturais, de identidade de g\u00eanero,de etnia, de ra\u00e7a, de orienta\u00e7\u00e3o sexual e diversas outras discrimina\u00e7\u00f5es\u201d.<\/p>\n<p>O grupo avalia como urgente pautar o debate da identidade de g\u00eanero e fazer essa rela\u00e7\u00e3o com a educa\u00e7\u00e3o escolar, pelos ataques que os Planos Nacional, Estaduais e Municipais de Educa\u00e7\u00e3o v\u00eam sofrendo pa\u00eds afora, omitindo, por aprova\u00e7\u00e3o em plen\u00e1rio, fundamentos, metodologias e procedimentos em rela\u00e7\u00e3o ao trato nas escolas das quest\u00f5es relativas \u00e0 diversidade de g\u00eanero.<\/p>\n<p><strong>AGENDE-SE<\/strong><br \/>\n<strong>Debate &#8220;A Mulher e a Educa\u00e7\u00e3o&#8221;<\/strong><br \/>\n<strong>Data:<\/strong> quinta-feira, 10\/3<br \/>\n<strong>Hor\u00e1rio:<\/strong> 18h30<br \/>\n<strong>Local:<\/strong> Audit\u00f3rio 411 do CCHLA<\/p>\n<p><em>Fonte: Ascom ADUFPB<\/em><\/p>\n","protected":false},"excerpt":{"rendered":"<p>As atividades em alus\u00e3o ao Dia Internacional da Mulher continuam na UFPB. Nesta quinta-feira (10\/3), ser\u00e1 realizado o debate \u201cA Mulher e a Educa\u00e7\u00e3o\u201d, organizado pelo Coletivo Feminista Classista Ana Montenegro &#8211; PB. O evento acontecer\u00e1 no audit\u00f3rio 411 do CCHLA, a partir das 18h30, com a participa\u00e7\u00e3o de representantes do grupo Educadores em Luta&hellip;<\/p>\n","protected":false},"author":3,"featured_media":0,"comment_status":"closed","ping_status":"closed","sticky":false,"template":"","format":"standard","meta":{"footnotes":""},"categories":[15],"tags":[115],"class_list":["post-13510","post","type-post","status-publish","format-standard","hentry","category-noticias","tag-dia-da-mulher","category-15","description-off"],"_links":{"self":[{"href":"https:\/\/www.adufpb.org.br\/site\/wp-json\/wp\/v2\/posts\/13510","targetHints":{"allow":["GET"]}}],"collection":[{"href":"https:\/\/www.adufpb.org.br\/site\/wp-json\/wp\/v2\/posts"}],"about":[{"href":"https:\/\/www.adufpb.org.br\/site\/wp-json\/wp\/v2\/types\/post"}],"author":[{"embeddable":true,"href":"https:\/\/www.adufpb.org.br\/site\/wp-json\/wp\/v2\/users\/3"}],"replies":[{"embeddable":true,"href":"https:\/\/www.adufpb.org.br\/site\/wp-json\/wp\/v2\/comments?post=13510"}],"version-history":[{"count":1,"href":"https:\/\/www.adufpb.org.br\/site\/wp-json\/wp\/v2\/posts\/13510\/revisions"}],"predecessor-version":[{"id":13511,"href":"https:\/\/www.adufpb.org.br\/site\/wp-json\/wp\/v2\/posts\/13510\/revisions\/13511"}],"wp:attachment":[{"href":"https:\/\/www.adufpb.org.br\/site\/wp-json\/wp\/v2\/media?parent=13510"}],"wp:term":[{"taxonomy":"category","embeddable":true,"href":"https:\/\/www.adufpb.org.br\/site\/wp-json\/wp\/v2\/categories?post=13510"},{"taxonomy":"post_tag","embeddable":true,"href":"https:\/\/www.adufpb.org.br\/site\/wp-json\/wp\/v2\/tags?post=13510"}],"curies":[{"name":"wp","href":"https:\/\/api.w.org\/{rel}","templated":true}]}}